{"id":478354,"date":"2026-04-02T06:54:21","date_gmt":"2026-04-02T06:54:21","guid":{"rendered":"https:\/\/www.europesays.com\/es\/478354\/"},"modified":"2026-04-02T06:54:21","modified_gmt":"2026-04-02T06:54:21","slug":"furor-en-oviedo-para-conseguir-un-yogur-gratis","status":"publish","type":"post","link":"https:\/\/www.europesays.com\/es\/478354\/","title":{"rendered":"Furor en Oviedo para conseguir un yogur gratis"},"content":{"rendered":"<p><a class=\"v-mdl-ath__fig-a\" href=\"https:\/\/www.elcomercio.es\/autor\/raquel-fidalgo-6311.html\" title=\"Raquel Fidalgo\" rel=\"nofollow noopener\" target=\"_blank\"><br \/>\n<img decoding=\"async\" class=\"v-mdl-ath__img\" src=\"https:\/\/www.europesays.com\/es\/wp-content\/uploads\/2026\/03\/autor-6311-foto-1.jpeg\" alt=\"Raquel Fidalgo\"\/><br \/>\n<\/a><\/p>\n<p class=\"v-mdl-ath__p v-mdl-ath__p--6\">\nMi\u00e9rcoles, 1 de abril 2026, 19:43<\/p>\n<p class=\"v-p\">Yogurissimo, el negocio que ya ha triunfado en Gij\u00f3n, Llanes y Luanco, ha desembarcado en <a href=\"https:\/\/www.elcomercio.es\/oviedo\/\" target=\"_self\" data-voc-vtm-id=\"in-text-traffic\" title=\"Oviedo\" data-mrf-link=\"www.elcomercio.es\" rel=\"nofollow noopener\">Oviedo<\/a>, en la calle Milicias Nacionales, a pocos pasos  &#8230; de la popular estatua de Woody Allen. Una apertura que atrajo una cola que llegaba hasta la calle Ur\u00eda con una promoci\u00f3n imbatible: 200 helados gratis a los primeros 200 clientes.<\/p>\n<p class=\"v-p\">Su especialidad es el yogur helado artesanal, elaborado diariamente en el propio local. \u00abSomos una alternativa al helado tradicional; no venimos a competir, sino a ofrecer algo diferente\u00ab, explica Erik Ruiz, encargado de la zona norte de la marca.<\/p>\n<p class=\"v-p\">La llegada a Oviedo no es casualidad, sino una respuesta a la demanda de sus propios clientes. Seg\u00fan relata Ruiz, \u00abla ciudad ten\u00eda que tener un Yogurissimo porque la gente nos lo ped\u00eda; nos constaba que muchos ovetenses se desplazaban hasta Gij\u00f3n solo para probarlo\u00bb.<\/p>\n<p class=\"v-crt__t\"> L\u00edmite de sesiones alcanzadas<\/p>\n<p class=\"v-crt__p\">El acceso al contenido Premium est\u00e1 abierto por cortes\u00eda del establecimiento donde te encuentras, pero ahora mismo hay demasiados usuarios conectados a las vez.<\/p>\n<p class=\"v-crt__p\">Por favor, int\u00e9ntalo pasados unos minutos.<\/p>\n<p>\nVolver a intentar\n<\/p>\n<p class=\"v-crt__t\">Sesi\u00f3n cerrada<\/p>\n<p class=\"v-crt__p\">Al iniciar sesi\u00f3n desde un dispositivo distinto, por seguridad, se cerr\u00f3 la \u00faltima sesi\u00f3n en este.<\/p>\n<p class=\"v-crt__p\">Para continuar disfrutando de su suscripci\u00f3n digital, inicie sesi\u00f3n en este dispositivo.<\/p>\n<p>\nEste contenido es exclusivo para suscriptores\n<\/p>\n<p>Reporta un error<\/p>\n","protected":false},"excerpt":{"rendered":"Mi\u00e9rcoles, 1 de abril 2026, 19:43 Yogurissimo, el negocio que ya ha triunfado en Gij\u00f3n, Llanes y Luanco,&hellip;\n","protected":false},"author":2,"featured_media":478355,"comment_status":"","ping_status":"","sticky":false,"template":"","format":"standard","meta":{"footnotes":""},"categories":[8],"tags":[17,18,11687,25,24,13,14,29290,126,11,19,20,9,10,15,16,1796,23,12,21,22,44229],"class_list":["post-478354","post","type-post","status-publish","format-standard","has-post-thumbnail","category-espana","tag-breaking-news","tag-breakingnews","tag-conseguir","tag-es","tag-espana","tag-featured-news","tag-featurednews","tag-furor","tag-gratis","tag-headlines","tag-latest-news","tag-latestnews","tag-news","tag-noticias","tag-noticias-destacadas","tag-noticiasdestacadas","tag-oviedo","tag-spain","tag-titulares","tag-ultimas-noticias","tag-ultimasnoticias","tag-yogur"],"share_on_mastodon":{"url":"https:\/\/pubeurope.com\/@es\/116333803624005467","error":""},"_links":{"self":[{"href":"https:\/\/www.europesays.com\/es\/wp-json\/wp\/v2\/posts\/478354","targetHints":{"allow":["GET"]}}],"collection":[{"href":"https:\/\/www.europesays.com\/es\/wp-json\/wp\/v2\/posts"}],"about":[{"href":"https:\/\/www.europesays.com\/es\/wp-json\/wp\/v2\/types\/post"}],"author":[{"embeddable":true,"href":"https:\/\/www.europesays.com\/es\/wp-json\/wp\/v2\/users\/2"}],"replies":[{"embeddable":true,"href":"https:\/\/www.europesays.com\/es\/wp-json\/wp\/v2\/comments?post=478354"}],"version-history":[{"count":0,"href":"https:\/\/www.europesays.com\/es\/wp-json\/wp\/v2\/posts\/478354\/revisions"}],"wp:featuredmedia":[{"embeddable":true,"href":"https:\/\/www.europesays.com\/es\/wp-json\/wp\/v2\/media\/478355"}],"wp:attachment":[{"href":"https:\/\/www.europesays.com\/es\/wp-json\/wp\/v2\/media?parent=478354"}],"wp:term":[{"taxonomy":"category","embeddable":true,"href":"https:\/\/www.europesays.com\/es\/wp-json\/wp\/v2\/categories?post=478354"},{"taxonomy":"post_tag","embeddable":true,"href":"https:\/\/www.europesays.com\/es\/wp-json\/wp\/v2\/tags?post=478354"}],"curies":[{"name":"wp","href":"https:\/\/api.w.org\/{rel}","templated":true}]}}