{"id":478712,"date":"2026-04-02T11:48:14","date_gmt":"2026-04-02T11:48:14","guid":{"rendered":"https:\/\/www.europesays.com\/es\/478712\/"},"modified":"2026-04-02T11:48:14","modified_gmt":"2026-04-02T11:48:14","slug":"quiero-desapegarme-de-los-escenarios-y-de-la-figura-del-cantante","status":"publish","type":"post","link":"https:\/\/www.europesays.com\/es\/478712\/","title":{"rendered":"\u00abQuiero desapegarme de los escenarios y de la figura del cantante\u00bb"},"content":{"rendered":"<p style=\"\">&#8216;El mal hijo&#8217;, la primera pel\u00edcula como director de Jaime Lorente (basada en una novela del tambi\u00e9n guionista Salvador S. Molina), es tambi\u00e9n la primera experiencia del inefable <a href=\"https:\/\/www.abc.es\/cultura\/nino-elche-fiel-defensor-apropiacion-cultural-20230726004207-nt.html\" target=\"_blank\" data-voc-vtm-id=\"in-text-traffic\" title=\"Ni\u00f1o de Elche\" data-mrf-link=\"www.abc.es\" rel=\"nofollow noopener\">Ni\u00f1o de Elche<\/a> como creador de una banda sonora. Este drama familiar, en el que  &#8230; un ni\u00f1o es abandonado por su padre y se ve obligado a vivir con su abuela, tiene en el reparto a Susi S\u00e1nchez, Abel de la Fuente, \u00d3scar de la Fuente, Miguel \u00c1ngel Puro y Hugo Arbus, se present\u00f3 el pasado Festival de Cannes y llegar\u00e1 a los cines despu\u00e9s del verano.<\/p>\n<p class=\"v-d-p\" style=\"\"><strong>\u2014\u00bfC\u00f3mo recibi\u00f3 la propuesta para este proyecto? \u00bfQuiz\u00e1 era una de esas cosas que le lleva apeteciendo desde hace mucho? <\/strong><\/p>\n<p class=\"v-d-p\" style=\"\">\u2014La recib\u00ed con alegr\u00eda pero sobre todo con un grato asombro, ya que no ten\u00eda precedente en mi labor art\u00edstica en cuanto a banda sonoras se refiere. He colaborado en algunas de ellas con canciones o intervenciones sonoras pero hasta la fecha nadie hab\u00eda confiado en m\u00ed para la realizaci\u00f3n completa de una de ellas. <\/p>\n<p class=\"v-d-p\" style=\"\"><strong>\u2014\u00bfCu\u00e1l fue el concepto inicial de la BSO, y c\u00f3mo fueron los primeros pasos de su creaci\u00f3n? \u00bfLe dieron alg\u00fan punto de partida, o prefirieron darle libertad absoluta? <\/strong><\/p>\n<p class=\"v-d-p\" style=\"\">\u2014Despu\u00e9s de leer varias veces el gui\u00f3n entend\u00ed que mi m\u00e1xima aportaci\u00f3n pod\u00eda plantearse a partir de diferentes guitarras tanto el\u00e9ctricas como ac\u00fasticas o flamencas as\u00ed como con mis variadas voces o registros vocales. Mas all\u00e1 de consensuar el set instrumental con Jaime, la libertad con la que he trabajado ha sido total y plena donde su absoluta confianza pero tambi\u00e9n acompa\u00f1amiento han sido cruciales para el buen desarrollo de la misma. <\/p>\n<p class=\"v-d-p\" style=\"\"><strong>\u2014\u00bfC\u00f3mo fueron el trabajo compositivo y de grabaci\u00f3n? \u00bfFue un proceso muy solitario? \u00bfCu\u00e1nto tuvo de divertido y cu\u00e1nto de laborioso? <\/strong><\/p>\n<p class=\"v-d-p\" style=\"\">Dado que hab\u00eda elegido trabajar a partir de guitarras para la grabaci\u00f3n y producci\u00f3n me hice acompa\u00f1ar y asesorar por la escucha y el bien hacer de Xisco Rojo. Junto a \u00e9l he estado trabajando los \u00faltimos meses dando forma a muchas de las m\u00fasicas que he ido desarrollando en su estudio. Cuando son proyectos que necesitan de mucha implicaci\u00f3n y concentraci\u00f3n me gusta trabajar en sesiones muy concentradas y sin dilatarlas en el tiempo para as\u00ed no descolgarme o perderle el inter\u00e9s y la pulsi\u00f3n creativa. <\/p>\n<p class=\"v-d-p\" style=\"\"><strong>\u2014\u00bfLa guitarra est\u00e1 interpretada con un enfoque tradicional, o tambi\u00e9n hay pasajes m\u00e1s experimentales en los que quiz\u00e1 la utiliza de formas poco convencionales? <\/strong><\/p>\n<p class=\"v-d-p\" style=\"\">\u2014En su mayor\u00eda son paisajes o m\u00fasicas que guardan relaci\u00f3n con formas que podemos relacionar con las llamadas y conocidas como m\u00fasicas ambient, noise, el minimalismo m\u00e1s contempor\u00e1neo o el rock progresivo, entre otras. He de decir que aunque las guitarras han sido el eje central del desarrollo musical dada mi condici\u00f3n de guitarrista, gracias a la aportaci\u00f3n de Xisco Rojo he podido desarrollar otro tipo de sonoridades y composiciones a partir de diferentes sintetizadores o procesamientos electr\u00f3nicos. <\/p>\n<p class=\"v-a-t\">\nLas palabras que describen esta pel\u00edcula son redenci\u00f3n, cuidados, caricias, enfermedad, liberaci\u00f3n, resurrecci\u00f3n, toxicidad, perd\u00f3n, violencia, soledad, culpa, familia\u00bb\n<\/p>\n<p class=\"v-d-p\" style=\"\"><strong>\u2014Siendo su voz un instrumento m\u00e1s, imagino que tambi\u00e9n tiene presencia, \u00bfme equivoco? \u00bfC\u00f3mo ha sido el proceso de integrarla en la m\u00fasica esta vez? <\/strong><\/p>\n<p class=\"v-d-p\" style=\"\">\u2014En muchos de los trabajos que desarrollo mis voces a veces juegan un rol m\u00e1s de instrumento que de voz, entendida esta como una forma m\u00e1s est\u00e1ndar o convencional desde la perspectiva del cantante. Podr\u00eda decir que el ejercicio no es tanto poder integrarla sino mas bien comprender en qu\u00e9 contexto y situaci\u00f3n compositiva sus posibilidades est\u00e9ticas y sonoras pod\u00edan aportar algo al discurso que en ese momento se est\u00e9 edificando. <\/p>\n<p class=\"v-d-p\" style=\"\"><strong>\u2014\u00bfQu\u00e9 cuenta &#8216;El Mal Hijo&#8217;? \u00bfD\u00f3nde reside el inter\u00e9s de esta pel\u00edcula, en su opini\u00f3n? <\/strong><\/p>\n<p class=\"v-d-p\" style=\"\">\u2014Me asaltan y embriagan varias palabras clave que nos han acompa\u00f1ado como t\u00edtulos internos o apoyaturas conceptuales para el proceso creativo. Son palabras que a cualquiera que le interese debe ver la pel\u00edcula. Redenci\u00f3n, cuidados, caricias, enfermedad, liberaci\u00f3n, resurrecci\u00f3n, toxicidad, perd\u00f3n, violencia, soledad, culpa, familia. <\/p>\n<p class=\"v-d-p\" style=\"\"><strong>\u2014\u00bfConoc\u00eda de antes la novela de Salvador S. Molina? <\/strong><\/p>\n<p class=\"v-d-p\" style=\"\">\u2014No conoc\u00eda la novela y sigo sin conocerla como obra literaria. Mi fuente primaria es el gui\u00f3n cinematogr\u00e1fico y hasta que no termine el proceso creativo con la pel\u00edcula no creo que me sumerja en la novela sobre todo para poder disfrutarla de forma plena y sin presiones laborales. <\/p>\n<p class=\"v-d-p\" style=\"\"><strong>\u2014Veo que ha participado casi simult\u00e1neamente en otra BSO (con menor implicaci\u00f3n, claro), poniendo voz al tema principal de &#8216;Idilia&#8217;. \u00bfC\u00f3mo ha sido esa experiencia? <\/strong><\/p>\n<p class=\"v-d-p\" style=\"\">\u2014Toda colaboraci\u00f3n forma parte de procesos de muy diferente \u00edndole que me aportan nuevos conocimientos y experiencias. &#8216;Idilia&#8217; es un bonito proyecto de los hermanos Sep\u00falveda en el cual me sent\u00ed muy dichoso de poder colaborar componiendo en parte y cantando la canci\u00f3n de la pel\u00edcula. Es algo con lo que ahora mismo ando sumergido y activado con otros dos proyectos m\u00e1s que me han demandado este tipo de colaboraci\u00f3n, que evidentemente me conlleva una implicaci\u00f3n menor que hacer toda una banda sonora como con &#8216;El mal Hijo&#8217;, pero que de alguna manera me tiene conectado a menor escala con la obra que ah\u00ed se est\u00e9 desarrollando. <\/p>\n<p class=\"v-d-p\" style=\"\"><strong>\u2014\u00bfQu\u00e9 conclusiones saca de este trabajo, en cuanto a futuro? \u00bfLe ha abierto un campo nuevo de experimentaci\u00f3n? <\/strong><\/p>\n<p class=\"v-d-p\" style=\"\">\u2014Llevo tiempo queriendo cada vez mas desapegarme de los escenarios y la figura del \u00abcantante\u00bb y as\u00ed poder emplear m\u00e1s tiempo al trabajo de escritura, la radio, la composici\u00f3n, grabaci\u00f3n, direcci\u00f3n musical, curador\u00eda, instalaciones sonoras y todo ese mundo que me ayuda ampliar la fascinaci\u00f3n por la creatividad y el desarrollo de proyectos m\u00e1s diversos. Esto sin lugar a dudas es un espaldarazo grande sobre mis apetencias hacia esos desplazamientos. La repetici\u00f3n es la \u00fanica forma de cambio.<\/p>\n","protected":false},"excerpt":{"rendered":"&#8216;El mal hijo&#8217;, la primera pel\u00edcula como director de Jaime Lorente (basada en una novela del tambi\u00e9n guionista&hellip;\n","protected":false},"author":2,"featured_media":478713,"comment_status":"","ping_status":"","sticky":false,"template":"","format":"standard","meta":{"footnotes":""},"categories":[169],"tags":[4328,177,97838,2006,146,147,25,15158,24,20670,176,175,899,10474,23],"class_list":["post-478712","post","type-post","status-publish","format-standard","has-post-thumbnail","category-cine","tag-cantante","tag-cine","tag-desapegarme","tag-elche","tag-entertainment","tag-entretenimiento","tag-es","tag-escenarios","tag-espana","tag-figura","tag-film","tag-movies","tag-nino","tag-quiero","tag-spain"],"share_on_mastodon":{"url":"https:\/\/pubeurope.com\/@es\/116334959421067227","error":""},"_links":{"self":[{"href":"https:\/\/www.europesays.com\/es\/wp-json\/wp\/v2\/posts\/478712","targetHints":{"allow":["GET"]}}],"collection":[{"href":"https:\/\/www.europesays.com\/es\/wp-json\/wp\/v2\/posts"}],"about":[{"href":"https:\/\/www.europesays.com\/es\/wp-json\/wp\/v2\/types\/post"}],"author":[{"embeddable":true,"href":"https:\/\/www.europesays.com\/es\/wp-json\/wp\/v2\/users\/2"}],"replies":[{"embeddable":true,"href":"https:\/\/www.europesays.com\/es\/wp-json\/wp\/v2\/comments?post=478712"}],"version-history":[{"count":0,"href":"https:\/\/www.europesays.com\/es\/wp-json\/wp\/v2\/posts\/478712\/revisions"}],"wp:featuredmedia":[{"embeddable":true,"href":"https:\/\/www.europesays.com\/es\/wp-json\/wp\/v2\/media\/478713"}],"wp:attachment":[{"href":"https:\/\/www.europesays.com\/es\/wp-json\/wp\/v2\/media?parent=478712"}],"wp:term":[{"taxonomy":"category","embeddable":true,"href":"https:\/\/www.europesays.com\/es\/wp-json\/wp\/v2\/categories?post=478712"},{"taxonomy":"post_tag","embeddable":true,"href":"https:\/\/www.europesays.com\/es\/wp-json\/wp\/v2\/tags?post=478712"}],"curies":[{"name":"wp","href":"https:\/\/api.w.org\/{rel}","templated":true}]}}