{"id":47881,"date":"2025-08-14T22:31:08","date_gmt":"2025-08-14T22:31:08","guid":{"rendered":"https:\/\/www.europesays.com\/es\/47881\/"},"modified":"2025-08-14T22:31:08","modified_gmt":"2025-08-14T22:31:08","slug":"participa-en-el-festival-reverso-bogota","status":"publish","type":"post","link":"https:\/\/www.europesays.com\/es\/47881\/","title":{"rendered":"participa en el Festival Reverso Bogot\u00e1"},"content":{"rendered":"<p>Evento de lanzamiento del Festival Reverso Bogot\u00e1 2025 \/ Foto: @Estemichael &#8211; BibloRed<\/p>\n<p>\n  Descubre el top 10 de libros sobre poes\u00eda bogotana y participa en la segunda edici\u00f3n del Festival Reverso Bogot\u00e1<\/p>\n<p>La Biblioteca Digital de Bogot\u00e1 te invita a disfrutar sus mejores recursos sobre poes\u00eda enfocada en la capital colombiana y su cultura.<\/p>\n<p style=\"line-height:1.38;margin-bottom:0pt;margin-top:0pt;\" dir=\"ltr\">La\u00a0<a style=\"text-decoration:none;\" href=\"https:\/\/www.bibliotecadigitaldebogota.gov.co\/\" rel=\"nofollow noopener\" target=\"_blank\"><strong>Biblioteca Digital de Bogot\u00e1\u00a0<\/strong><\/a>es la mayor plataforma de acceso libre de la ciudad en lo que se refiere a obras que abordan diferentes tem\u00e1ticas de\u00a0 la ciudad y resaltan la cultura, idiosincrasia y costumbres de su gente. Por ende, en esta oportunidad te queremos recomendar una serie de contenidos relacionados con la poes\u00eda, a prop\u00f3sito del\u00a0<a style=\"text-decoration:none;\" href=\"https:\/\/www.biblored.gov.co\/noticias\/festival-reverso-bogota-2025-premios-fechas-categorias\" rel=\"nofollow noopener\" target=\"_blank\"><strong>Festival Reverso Bogot\u00e1 2025<\/strong><\/a>.<br \/>\u00a0<\/p>\n<p style=\"line-height:1.38;margin-bottom:0pt;margin-top:0pt;\" dir=\"ltr\">Cabe se\u00f1alar que est\u00e1\u00a0<a style=\"text-decoration:none;\" href=\"https:\/\/invitaciones.scrd.gov.co\/verInvitacion\/926\" rel=\"nofollow noopener\" target=\"_blank\"><strong>abierta la invitaci\u00f3n cultural Reverso Bogot\u00e1 2025 y puedes postularte hasta el 1 de septiembre<\/strong><\/a>, se entregar\u00e1n 100 millones de pesos en incentivos econ\u00f3micos para los poetas ganadores de 4 categor\u00edas. Adem\u00e1s, contar\u00e1 con la poeta y ensayista Tania Ganitsky como presidenta del jurado. Participa en\u00a0<a style=\"text-decoration:none;\" href=\"http:\/\/invitaciones.scrd.gov.co\" rel=\"nofollow noopener\" target=\"_blank\"><strong>invitaciones.scrd.gov.co<\/strong><\/a>.<br \/>\u00a0<\/p>\n<p style=\"line-height:1.38;margin-bottom:0pt;margin-top:0pt;\" dir=\"ltr\">Hemos realizado <strong>una selecci\u00f3n de 10 libros sobre poetas bogotanos<\/strong>\u00a0en el marco del\u00a0<a style=\"text-decoration:none;\" href=\"https:\/\/www.biblored.gov.co\/noticias\/cumpleanios-487-bogota-programacion-biblored\" rel=\"nofollow noopener\" target=\"_blank\"><strong>cumplea\u00f1os 487 de nuestra ciudad<\/strong><\/a>; y tambi\u00e9n para invitarte a participar en esta segunda edici\u00f3n del Festival Reverso.<\/p>\n<p>Top 10 de libros de poes\u00eda sobre Bogot\u00e1<\/p>\n<p style=\"line-height:1.38;margin-bottom:0pt;margin-top:0pt;\" dir=\"ltr\"><strong>1) <\/strong>Jos\u00e9 Asunci\u00f3n Silva, \u00abEl libro de versos y otras poes\u00edas\u00bb, Colombia: Ediciones Guadarrama, 1954:\u00a0<a style=\"text-decoration:none;\" href=\"https:\/\/www.bibliotecadigitaldebogota.gov.co\/resources\/3681660\/\" rel=\"nofollow noopener\" target=\"_blank\"><strong>https:\/\/www.bibliotecadigitaldebogota.gov.co\/resources\/3681660\/<\/strong><\/a><br \/>\u00a0<\/p>\n<p style=\"line-height:1.38;margin-bottom:0pt;margin-top:0pt;\" dir=\"ltr\"><strong>2)<\/strong> Mari\u0301a Mercedes Carranza, \u201cMari\u0301a Mercedes Carranza. Poesi\u0301a completa\u201d, -:LUMEN, 2019:\u00a0<a style=\"text-decoration:none;\" href=\"https:\/\/www.bibliotecadigitaldebogota.gov.co\/resources\/3698693\/\" rel=\"nofollow noopener\" target=\"_blank\"><strong>https:\/\/www.bibliotecadigitaldebogota.gov.co\/resources\/3698693\/<\/strong><\/a><br \/>\u00a0<\/p>\n<p style=\"line-height:1.38;margin-bottom:0pt;margin-top:0pt;\" dir=\"ltr\"><strong>3)<\/strong> Mar\u00eda Paz Guerrero: HJCK, \u00abLa poes\u00eda como \u00f3rgano y entra\u00f1a [Mar\u00eda Paz Guerrero]\u00bb, -:HJCK, 2020:\u00a0<a style=\"text-decoration:none;\" href=\"https:\/\/www.bibliotecadigitaldebogota.gov.co\/resources\/3611875\/\" rel=\"nofollow noopener\" target=\"_blank\"><strong>https:\/\/www.bibliotecadigitaldebogota.gov.co\/resources\/3611875\/<\/strong><\/a><br \/>\u00a0<\/p>\n<p style=\"line-height:1.38;margin-bottom:0pt;margin-top:0pt;\" dir=\"ltr\"><strong>4)<\/strong> Rafael Pombo, \u00ab18 de Poemas de Rafael Pombo\u00bb, Colombia:Bogot\u00e1: Instituto Colombiano de Cultura, 1983:\u00a0<a style=\"text-decoration:none;\" href=\"https:\/\/www.bibliotecadigitaldebogota.gov.co\/resources\/2092861\/\" rel=\"nofollow noopener\" target=\"_blank\"><strong>https:\/\/www.bibliotecadigitaldebogota.gov.co\/resources\/2092861\/<\/strong><\/a><br \/>\u00a0<\/p>\n<p style=\"line-height:1.38;margin-bottom:0pt;margin-top:0pt;\" dir=\"ltr\"><strong>5) <\/strong>A\u0301lvaro Mutis, \u00abSumma de Maqroll el Gaviero : poesi\u0301a reunida \/ A\u0301lvaro Mutis\u00bb, -:Bogota\u0301 : Alfaguara, 2008, 2008.\u00a0<a style=\"text-decoration:none;\" href=\"https:\/\/www.bibliotecadigitaldebogota.gov.co\/resources\/3700911\/\" rel=\"nofollow noopener\" target=\"_blank\"><strong>https:\/\/www.bibliotecadigitaldebogota.gov.co\/resources\/3700911\/<\/strong><\/a><br \/>\u00a0<\/p>\n<p style=\"line-height:1.38;margin-bottom:0pt;margin-top:0pt;\" dir=\"ltr\"><strong>6) <\/strong>Emilia Ayarza de Herrera, \u00abLetras y Encajes\u00bb, -:Tipograf\u00eda Industrial Medell\u00edn, 2019. Consultado en l\u00ednea en la Biblioteca Digital de Bogot\u00e1:\u00a0<a style=\"text-decoration:none;\" href=\"https:\/\/www.bibliotecadigitaldebogota.gov.co\/resources\/3714722\/\" rel=\"nofollow noopener\" target=\"_blank\"><strong>https:\/\/www.bibliotecadigitaldebogota.gov.co\/resources\/3714722\/<\/strong><\/a><br \/>\u00a0<\/p>\n<p style=\"line-height:1.38;margin-bottom:0pt;margin-top:0pt;\" dir=\"ltr\"><strong>7)<\/strong> Fernando Charry Lara, \u00abPoes\u00eda reunida\u00bb, -:Alcald\u00eda Mayor de Bogot\u00e1. Secretar\u00eda de Cultura, Recreaci\u00f3n y Deporte. (Bogot\u00e1, CO), 2014:\u00a0<a style=\"text-decoration:none;\" href=\"https:\/\/www.bibliotecadigitaldebogota.gov.co\/resources\/3712335\/\" rel=\"nofollow noopener\" target=\"_blank\"><strong>https:\/\/www.bibliotecadigitaldebogota.gov.co\/resources\/3712335\/<\/strong><\/a><br \/>\u00a0<\/p>\n<p style=\"line-height:1.38;margin-bottom:0pt;margin-top:0pt;\" dir=\"ltr\"><strong>8)<\/strong> Santiago Mutis Dur\u00e1n, \u00abBogot\u00e1: obra negra\u00bb, -:Alcald\u00eda Mayor de Bogot\u00e1. Secretar\u00eda de Cultura, Recreaci\u00f3n y Deporte. (Bogot\u00e1, CO), 2014.\u00a0<a style=\"text-decoration:none;\" href=\"https:\/\/www.bibliotecadigitaldebogota.gov.co\/resources\/3712298\/\" rel=\"nofollow noopener\" target=\"_blank\"><strong>https:\/\/www.bibliotecadigitaldebogota.gov.co\/resources\/3712298\/<\/strong><\/a><br \/>\u00a0<\/p>\n<p style=\"line-height:1.38;margin-bottom:0pt;margin-top:0pt;\" dir=\"ltr\"><strong>9)<\/strong> Ramo\u0301n Cote Baraibar, \u00abAntologi\u0301a: la poesi\u0301a del s. XX en Colombia\u00bb, -:Visor Libros, 2006. Consultado en l\u00ednea en la Biblioteca Digital de Bogot\u00e1:\u00a0<a style=\"text-decoration:none;\" href=\"https:\/\/www.bibliotecadigitaldebogota.gov.co\/resources\/3409484\/\" rel=\"nofollow noopener\" target=\"_blank\"><strong>https:\/\/www.bibliotecadigitaldebogota.gov.co\/resources\/3409484\/<\/strong><\/a><br \/>\u00a0<\/p>\n<p style=\"line-height:1.38;margin-bottom:0pt;margin-top:0pt;\" dir=\"ltr\"><strong>10) <\/strong>Federico Di\u0301az-Granados, \u00abLas prisas del instante\u00bb, -:Visor Libros, 2015:\u00a0<a style=\"text-decoration:none;\" href=\"https:\/\/www.bibliotecadigitaldebogota.gov.co\/resources\/2059600\/\" rel=\"nofollow noopener\" target=\"_blank\"><strong>https:\/\/www.bibliotecadigitaldebogota.gov.co\/resources\/2059600\/<\/strong><\/a><br \/>\u00a0<\/p>\n<p style=\"line-height:1.38;margin-bottom:0pt;margin-top:0pt;\" dir=\"ltr\"><strong>Bonus:<\/strong> Antolog\u00eda de BibloRed sobre poetas bogotanos y poemas a Bogot\u00e1: \u00abEn esta parte del mundo: antolog\u00eda de poes\u00eda sobre Bogot\u00e1 (1926-2022)\u00bb, -:Secretar\u00eda de Cultura, Recreaci\u00f3n y Deporte. Direcci\u00f3n de Lectura y Bibliotecas (Bogot\u00e1. CO), 2023:\u00a0<a style=\"text-decoration:none;\" href=\"https:\/\/www.bibliotecadigitaldebogota.gov.co\/resources\/3712489\/\" rel=\"nofollow noopener\" target=\"_blank\"><strong>https:\/\/www.bibliotecadigitaldebogota.gov.co\/resources\/3712489\/<\/strong><\/a><\/p>\n","protected":false},"excerpt":{"rendered":"Evento de lanzamiento del Festival Reverso Bogot\u00e1 2025 \/ Foto: @Estemichael &#8211; BibloRed Descubre el top 10 de&hellip;\n","protected":false},"author":2,"featured_media":47882,"comment_status":"","ping_status":"","sticky":false,"template":"","format":"standard","meta":{"footnotes":""},"categories":[172],"tags":[21793,21794,224,146,147,25,24,225,21795,21798,21800,21796,21797,21799,23],"class_list":{"0":"post-47881","1":"post","2":"type-post","3":"status-publish","4":"format-standard","5":"has-post-thumbnail","7":"category-libros","8":"tag-biblioteca-digital-de-bogota","9":"tag-biblored","10":"tag-books","11":"tag-entertainment","12":"tag-entretenimiento","13":"tag-es","14":"tag-espana","15":"tag-libros","16":"tag-libros-de-poesia","17":"tag-libros-gratis","18":"tag-libros-virtuales","19":"tag-poesia-bogotana","20":"tag-poetas-bogotanos","21":"tag-prestamo-de-libros","22":"tag-spain"},"share_on_mastodon":{"url":"","error":""},"_links":{"self":[{"href":"https:\/\/www.europesays.com\/es\/wp-json\/wp\/v2\/posts\/47881","targetHints":{"allow":["GET"]}}],"collection":[{"href":"https:\/\/www.europesays.com\/es\/wp-json\/wp\/v2\/posts"}],"about":[{"href":"https:\/\/www.europesays.com\/es\/wp-json\/wp\/v2\/types\/post"}],"author":[{"embeddable":true,"href":"https:\/\/www.europesays.com\/es\/wp-json\/wp\/v2\/users\/2"}],"replies":[{"embeddable":true,"href":"https:\/\/www.europesays.com\/es\/wp-json\/wp\/v2\/comments?post=47881"}],"version-history":[{"count":0,"href":"https:\/\/www.europesays.com\/es\/wp-json\/wp\/v2\/posts\/47881\/revisions"}],"wp:featuredmedia":[{"embeddable":true,"href":"https:\/\/www.europesays.com\/es\/wp-json\/wp\/v2\/media\/47882"}],"wp:attachment":[{"href":"https:\/\/www.europesays.com\/es\/wp-json\/wp\/v2\/media?parent=47881"}],"wp:term":[{"taxonomy":"category","embeddable":true,"href":"https:\/\/www.europesays.com\/es\/wp-json\/wp\/v2\/categories?post=47881"},{"taxonomy":"post_tag","embeddable":true,"href":"https:\/\/www.europesays.com\/es\/wp-json\/wp\/v2\/tags?post=47881"}],"curies":[{"name":"wp","href":"https:\/\/api.w.org\/{rel}","templated":true}]}}