{"id":479144,"date":"2026-04-02T18:18:19","date_gmt":"2026-04-02T18:18:19","guid":{"rendered":"https:\/\/www.europesays.com\/es\/479144\/"},"modified":"2026-04-02T18:18:19","modified_gmt":"2026-04-02T18:18:19","slug":"gorka-cubes-directivo-encargado-de-las-penas-del-athletic-garazi-unibaso-y-ainhoa-iza-no-seguiran-en-la-directiva-de-uriarte","status":"publish","type":"post","link":"https:\/\/www.europesays.com\/es\/479144\/","title":{"rendered":"Gorka Cubes, directivo encargado de las pe\u00f1as del Athletic, Garazi Unibaso y Ainhoa Iza no seguir\u00e1n en la directiva de Uriarte"},"content":{"rendered":"<p>Gorka Cubes, uno de los dos integrantes de la junta directiva que se han encargado de las relaciones con la pe\u00f1as del Athletic, ha anunciado  &#8230; en una comunicaci\u00f3n remitida a este peri\u00f3dico que no opta a la reelecci\u00f3n en la plancha de Jon Uriarte en las elecciones del club rojiblanco. Horas m\u00e1s tarde, la candidatura del empresario bilba\u00edno ha anunciado que tampoco continuar\u00e1n en la junta Garazi Unibaso y Ainhoa Iza, \u00abpor diversos motivos personales y profesionales\u00bb. <\/p>\n<p class=\"v-p\"><a href=\"https:\/\/www.elcorreo.com\/athletic\/jon-uriarte-alcanza-2070-avales-necesarios-validar-20260331004406-nt.html\" title=\"www.elcorreo.com\" data-voc-vtm-id=\"in-text-traffic\" data-mrf-link=\"www.elcorreo.com\" rel=\"nofollow noopener\" target=\"_blank\">Uriarte dio a conocer el lunes una candidatura<\/a> compuesta por ocho miembros m\u00e1s de la junta saliente, Jon Salinas, Xabi \u00c1lvarez, Ibon Naberan, Nacho Urig\u00fcen, Roque Ech\u00e1niz, Jon Ruig\u00f3mez, Laura Ruiz de Azua y Josetxu Urrutia. En esa lista faltan seis, entre ellos los dos responsables de la relaci\u00f3n con las pe\u00f1as: Gorka Cubes y Goizalde Santamarina. El candidato y expresidente indic\u00f3 que \u00aba esta lista se sumar\u00e1n en las pr\u00f3ximas semanas otros directivos y directivas de la junta saliente y nuevos socios y socias\u00bb. <\/p>\n<p class=\"v-p\">Cubes no estar\u00e1 entre ellos, tampoco Unibaso ni Iza. El encargado de las pe\u00f1as afirma que \u00abha llegado el momento de cerrar esta etapa y centrarme en mis nuevos retos profesionales\u00bb. Este doctor en Arquitectura integr\u00f3 la comisi\u00f3n encargada de reformar y redactar los Estatutos del Athletic poco antes de incorporarse al equipo de Uriarte. \u00abAsum\u00ed esta responsabilidad con el objetivo de contribuir al desarrollo de los nuevos Estatutos y a la adaptaci\u00f3n del modelo de gesti\u00f3n a este nuevo marco. Me voy con la satisfacci\u00f3n de haber participado activamente en ese proceso\u00bb, se\u00f1ala.<\/p>\n<p class=\"v-p\">Cubes se ocupaba de la relaci\u00f3n con las pe\u00f1as, uno de los puntos en los que la directiva ha encontrado m\u00e1s oposici\u00f3n. De hecho, en sus cuatro comparecencias ante los compromisarios, Uriarte s\u00f3lo ha sufrido dos derrotas, ambas en octubre de 2024. Se tumbaron tanto su propuesta de adecuaci\u00f3n de cuotas y como el reglamento de pe\u00f1as. Este \u00faltimo proyecto no ha vuelto a ser retomado. Cubes se despide con su \u00abm\u00e1s sincero agradecimiento a Jon Uriarte\u00bb. Y el presidente le ha dedicado unos palabras de agradecimiento: \u00abHa sido un ejemplo constante de compromiso con el Athletic Club. Su v\u00ednculo con la entidad viene de lejos, formando parte de la comisi\u00f3n que redact\u00f3 los estatutos, y durante estos \u00faltimos cuatro a\u00f1os en la junta ha demostrado, una vez m\u00e1s, su implicaci\u00f3n, rigor y sentido de pertenencia. Ha puesto el germen en varios proyectos de infraestructuras que pueden marcar el futuro del club\u00bb, subraya el empresario.<\/p>\n<p class=\"v-p\">Tambi\u00e9n se ha despedido de Garazi Unibaso, exjugadora del Athletic y el San Ignacio. \u00abLa benjamina del equipo, ha aportado energ\u00eda, ilusi\u00f3n y una mirada imprescindible. Como exjugadora del Athletic, ha sido una firme defensora del f\u00fatbol femenino, contribuyendo a que siga creciendo dentro de nuestra estructura y en la sociedad\u00bb.<\/p>\n<p class=\"v-p\">Por \u00faltimo, habla de Ainhoa Iza. \u00abHa sido incansable en su trabajo diario, lidiando con situaciones complicadas, como el cambio de proveedor t\u00e9cnico. Ha luchado constantemente por defender los intereses del Athletic. Siempre presente en los viajes, su car\u00e1cter cercano y positivo ha sido fundamental para mantener la cohesi\u00f3n del grupo en todo momento\u00bb. <\/p>\n<p class=\"v-p\">El candidato a presidente les dedica a los tambi\u00e9n unas cari\u00f1osas palabras: \u00abHan sido a\u00f1os de trabajo intenso, de decisiones importantes y de compromiso con nuestro club. M\u00e1s all\u00e1 de lo conseguido, me quedo con el privilegio de haber compartido este camino con tres personas extraordinarias, tanto en lo profesional como en lo humano. Entiendo y respeto profundamente su decisi\u00f3n de no continuar en esta nueva etapa, y solo puedo desearles lo mejor en sus futuros proyectos. Esta siempre ser\u00e1 vuestra casa. El Athletic Club os estar\u00e1 siempre agradecido. Gracias de coraz\u00f3n por todo\u00bb.<\/p>\n","protected":false},"excerpt":{"rendered":"Gorka Cubes, uno de los dos integrantes de la junta directiva que se han encargado de las relaciones&hellip;\n","protected":false},"author":2,"featured_media":479145,"comment_status":"","ping_status":"","sticky":false,"template":"","format":"standard","meta":{"footnotes":""},"categories":[268],"tags":[4187,2182,97931,168,40315,20980,25,24,280,282,48406,20525,2445,11868,281,23,167],"class_list":["post-479144","post","type-post","status-publish","format-standard","has-post-thumbnail","category-futbol","tag-anuncia","tag-athletic","tag-cubes","tag-deportes","tag-directivo","tag-encargado","tag-es","tag-espana","tag-football","tag-futbol","tag-gorka","tag-opta","tag-penas","tag-reeleccion","tag-soccer","tag-spain","tag-sports"],"share_on_mastodon":{"url":"https:\/\/pubeurope.com\/@es\/116336492936259586","error":""},"_links":{"self":[{"href":"https:\/\/www.europesays.com\/es\/wp-json\/wp\/v2\/posts\/479144","targetHints":{"allow":["GET"]}}],"collection":[{"href":"https:\/\/www.europesays.com\/es\/wp-json\/wp\/v2\/posts"}],"about":[{"href":"https:\/\/www.europesays.com\/es\/wp-json\/wp\/v2\/types\/post"}],"author":[{"embeddable":true,"href":"https:\/\/www.europesays.com\/es\/wp-json\/wp\/v2\/users\/2"}],"replies":[{"embeddable":true,"href":"https:\/\/www.europesays.com\/es\/wp-json\/wp\/v2\/comments?post=479144"}],"version-history":[{"count":0,"href":"https:\/\/www.europesays.com\/es\/wp-json\/wp\/v2\/posts\/479144\/revisions"}],"wp:featuredmedia":[{"embeddable":true,"href":"https:\/\/www.europesays.com\/es\/wp-json\/wp\/v2\/media\/479145"}],"wp:attachment":[{"href":"https:\/\/www.europesays.com\/es\/wp-json\/wp\/v2\/media?parent=479144"}],"wp:term":[{"taxonomy":"category","embeddable":true,"href":"https:\/\/www.europesays.com\/es\/wp-json\/wp\/v2\/categories?post=479144"},{"taxonomy":"post_tag","embeddable":true,"href":"https:\/\/www.europesays.com\/es\/wp-json\/wp\/v2\/tags?post=479144"}],"curies":[{"name":"wp","href":"https:\/\/api.w.org\/{rel}","templated":true}]}}