{"id":479262,"date":"2026-04-02T20:07:16","date_gmt":"2026-04-02T20:07:16","guid":{"rendered":"https:\/\/www.europesays.com\/es\/479262\/"},"modified":"2026-04-02T20:07:16","modified_gmt":"2026-04-02T20:07:16","slug":"el-gobierno-de-ayuso-inicia-los-tramites-para-crear-el-registro-de-objetores-al-aborto-como-le-ordeno-la-justicia","status":"publish","type":"post","link":"https:\/\/www.europesays.com\/es\/479262\/","title":{"rendered":"El Gobierno de Ayuso inicia los tr\u00e1mites para crear el registro de objetores al aborto como le orden\u00f3 la Justicia"},"content":{"rendered":"<p class=\"article-text\">\n        La Comunidad de Madrid ha iniciado los tr\u00e1mites para la creaci\u00f3n del registro objetores del aborto en cumplimiento <a href=\"https:\/\/www.eldiario.es\/politica\/justicia-ordena-ayuso-inicie-tramites-poner-marcha-registro-objetores-aborto_1_13053135.html\" target=\"_blank\" data-mrf-recirculation=\"links-noticia\" class=\"link\" rel=\"nofollow noopener\">de la medida cautelar acordada por la Justicia<\/a>. En concreto, el Gobierno regional ha publicado este mi\u00e9rcoles en el <a href=\"https:\/\/participa.comunidad.madrid\/content\/registro-personas-objetoras-conciencia-al-se-refiere-articulo-19ter-ley-organica-22010-3\" target=\"_blank\" data-mrf-recirculation=\"links-noticia\" class=\"link\" rel=\"nofollow noopener\">Portal de Transparencia de la Comunidad<\/a> para consulta p\u00fablica el Proyecto de Orden de la Consejer\u00eda de Sanidad por el que se crea el Registro de Personas Objetoras de Conciencia. Con este tr\u00e1mite se abre el periodo de 30 d\u00edas h\u00e1biles contados a partir de ma\u00f1ana para presentar alegaciones.\n    <\/p>\n<p class=\"article-text\">\n        En la memoria del proyecto, la Comunidad de Madrid alude a que el texto pretende dar cumplimiento a la decisi\u00f3n del Tribunal Superior de Justicia de Madrid (TSJM) que ordenaba al Gobierno regional a iniciar los tr\u00e1mites para la creaci\u00f3n del registro de objetores. En el apartado de &#8216;Posibles soluciones alternativas&#8217;, a\u00f1ade: \u201cLa alternativa son los procedimientos internos seguidos en la actualidad en los centros hospitalarios de la Comunidad de Madrid, donde se garantiza el ejercicio individual del derecho a la objeci\u00f3n de conciencia y la prestaci\u00f3n del aborto en los t\u00e9rminos establecidos en la ley\u201d. El funcionamiento de la Comunidad ahora mismo es externalizar la pr\u00e1ctica totalidad de las interrupciones de embarazo: ha gastado <a href=\"https:\/\/www.eldiario.es\/madrid\/politica\/gobierno-ayuso-gasta-22-millones-seis-anos-derivar-abortos-sanidad-publica-privada_1_12055812.html\" target=\"_blank\" data-mrf-recirculation=\"links-noticia\" class=\"link\" rel=\"nofollow noopener\">22 millones en seis a\u00f1os<\/a> por derivar abortos de la sanidad p\u00fablica a la privada.\n    <\/p>\n<p class=\"article-text\">\n        En su resoluci\u00f3n, el TSJM atend\u00eda la medida cautelar solicitada por la Abogac\u00eda del Estado, en representaci\u00f3n del Ministerio de Sanidad. Aunque la resoluci\u00f3n judicial no supon\u00eda la creaci\u00f3n inmediata del registro por parte de la Comunidad de Madrid, s\u00ed impon\u00eda la obligaci\u00f3n de iniciar los tr\u00e1mites administrativos necesarios y la implantaci\u00f3n del mismo conforme al protocolo consensuado en el seno del Consejo Interterritorial del Sistema Nacional de Salud.\n    <\/p>\n<p class=\"article-text\">\n        El citado \u00f3rgano aprob\u00f3 el 16 de diciembre de 2024 un protocolo de coordinaci\u00f3n para la implantaci\u00f3n del registro en todas las administraciones sanitarias, un acuerdo que fue adoptado por unanimidad, con la participaci\u00f3n de todas las comunidades aut\u00f3nomas, y que es vinculante como instrumento de coordinaci\u00f3n administrativa.\n    <\/p>\n<p>    Requerimiento del Ministerio de Sanidad<\/p>\n<p class=\"article-text\">\n        En este marco, el 14 de octubre de 2025, el Ministerio de Sanidad envi\u00f3 un requerimiento a Arag\u00f3n, Baleares y la Comunidad de Madrid dando un plazo de un mes para su respuesta al registro. Transcurrido el plazo, el pasado 15 de noviembre la ministra del ramo anunci\u00f3 que el Gobierno iniciar\u00eda este contencioso. Dos d\u00edas despu\u00e9s, el presidente del Gobierno, Pedro S\u00e1nchez, anunciaba esta decisi\u00f3n se\u00f1alando que el aborto es \u201cun derecho esencial, convertido en negocio\u201d para la Comunidad de Madrid; algo que el Ejecutivo no iba a \u201cpermitir\u201d.\n    <\/p>\n<p class=\"article-text\">\n        De esta forma, el departamento que dirige M\u00f3nica Garc\u00eda anunci\u00f3 el pasado 16 de enero la presentaci\u00f3n de un recurso contencioso-administrativo. Ya entonces la consejera de Sanidad de la Comunidad de Madrid afirmaba que el Gobierno regional defender\u00eda, \u201ccon la Constituci\u00f3n en la mano\u201d, la libertad de objeci\u00f3n frente al aborto.\n    <\/p>\n<p>    <a href=\"https:\/\/www.eldiario.es\/politica\/justicia-ordena-ayuso-inicie-tramites-poner-marcha-registro-objetores-aborto_1_13053135.html\" data-mrf-recirculation=\"saber-mas-abajo\" data-dl-event=\"saber-mas-abajo\" rel=\"nofollow noopener\" target=\"_blank\"><\/p>\n<p class=\"know-more__title\">La Justicia ordena a Ayuso que ponga en marcha el registro de objetores del aborto\n<\/p>\n<p>            <img decoding=\"async\" class=\"lazy\" loading=\"lazy\" data-src=\"https:\/\/static.eldiario.es\/clip\/abcceecb-a05a-4fba-9bd8-4cd8bf3e21c4_16-9-aspect-ratio_default_0.jpg\" src=\"data:image\/svg+xml,%3Csvg xmlns=\" http:=\"\" viewbox=\"0 0 880 495\" alt=\"La Justicia ordena a Ayuso que ponga en marcha el registro de objetores del aborto\"\/><\/p>\n<p>                        <\/a><\/p>\n<p class=\"article-text\">\n        <a href=\"https:\/\/www.eldiario.es\/sociedad\/registro-objetores-primer-paso-desvelar-pasa-hospitales-aborto-habra-firmar-cosa_1_12661493.html\" target=\"_blank\" data-mrf-recirculation=\"links-noticia\" class=\"link\" rel=\"nofollow noopener\">El objetivo de estos listados<\/a>\u00a0es que las comunidades aut\u00f3nomas puedan saber con qu\u00e9 profesionales cuentan de cara a reorganizar los servicios sanitarios para poder ofrecer la prestaci\u00f3n en centros de la red sanitaria p\u00fablica, algo que solo ocurre excepcionalmente. Sobre todo\u00a0<a href=\"https:\/\/www.eldiario.es\/sociedad\/cinco-comunidades-practicaron-1-abortos-2024-sanidad-publica_1_12647077.html\" target=\"_blank\" data-mrf-recirculation=\"links-noticia\" class=\"link\" rel=\"nofollow noopener\">en algunos territorios<\/a>\u00a0como Madrid, Castilla-La Mancha, Murcia, Andaluc\u00eda y Extremadura, donde el n\u00famero de interrupciones voluntarias del embarazo en la p\u00fablica no llegan al 1%. A nivel estatal, el porcentaje es del 21,26% mientras que el resto se derivan a cl\u00ednicas concertadas, un\u00a0modus operandi\u00a0que la ley del aborto pretende cambiar.\n    <\/p>\n","protected":false},"excerpt":{"rendered":"La Comunidad de Madrid ha iniciado los tr\u00e1mites para la creaci\u00f3n del registro objetores del aborto en cumplimiento&hellip;\n","protected":false},"author":2,"featured_media":479263,"comment_status":"","ping_status":"","sticky":false,"template":"","format":"standard","meta":{"footnotes":""},"categories":[8],"tags":[17020,6984,17,18,7436,25,24,13,14,582,11,6683,2158,19,20,3294,9,10,15,16,47687,97945,32885,23,12,5067,21,22],"class_list":["post-479262","post","type-post","status-publish","format-standard","has-post-thumbnail","category-espana","tag-aborto","tag-ayuso","tag-breaking-news","tag-breakingnews","tag-crear","tag-es","tag-espana","tag-featured-news","tag-featurednews","tag-gobierno","tag-headlines","tag-inicia","tag-justicia","tag-latest-news","tag-latestnews","tag-le","tag-news","tag-noticias","tag-noticias-destacadas","tag-noticiasdestacadas","tag-objetores","tag-ordeno","tag-registro","tag-spain","tag-titulares","tag-tramites","tag-ultimas-noticias","tag-ultimasnoticias"],"share_on_mastodon":{"url":"https:\/\/pubeurope.com\/@es\/116336921531935131","error":""},"_links":{"self":[{"href":"https:\/\/www.europesays.com\/es\/wp-json\/wp\/v2\/posts\/479262","targetHints":{"allow":["GET"]}}],"collection":[{"href":"https:\/\/www.europesays.com\/es\/wp-json\/wp\/v2\/posts"}],"about":[{"href":"https:\/\/www.europesays.com\/es\/wp-json\/wp\/v2\/types\/post"}],"author":[{"embeddable":true,"href":"https:\/\/www.europesays.com\/es\/wp-json\/wp\/v2\/users\/2"}],"replies":[{"embeddable":true,"href":"https:\/\/www.europesays.com\/es\/wp-json\/wp\/v2\/comments?post=479262"}],"version-history":[{"count":0,"href":"https:\/\/www.europesays.com\/es\/wp-json\/wp\/v2\/posts\/479262\/revisions"}],"wp:featuredmedia":[{"embeddable":true,"href":"https:\/\/www.europesays.com\/es\/wp-json\/wp\/v2\/media\/479263"}],"wp:attachment":[{"href":"https:\/\/www.europesays.com\/es\/wp-json\/wp\/v2\/media?parent=479262"}],"wp:term":[{"taxonomy":"category","embeddable":true,"href":"https:\/\/www.europesays.com\/es\/wp-json\/wp\/v2\/categories?post=479262"},{"taxonomy":"post_tag","embeddable":true,"href":"https:\/\/www.europesays.com\/es\/wp-json\/wp\/v2\/tags?post=479262"}],"curies":[{"name":"wp","href":"https:\/\/api.w.org\/{rel}","templated":true}]}}