{"id":479319,"date":"2026-04-02T20:52:31","date_gmt":"2026-04-02T20:52:31","guid":{"rendered":"https:\/\/www.europesays.com\/es\/479319\/"},"modified":"2026-04-02T20:52:31","modified_gmt":"2026-04-02T20:52:31","slug":"cuatro-astronautas-inician-la-historica-mision-lunar-de-la-nasa-artemis-ii","status":"publish","type":"post","link":"https:\/\/www.europesays.com\/es\/479319\/","title":{"rendered":"Cuatro astronautas inician la hist\u00f3rica misi\u00f3n lunar de la NASA Artemis II"},"content":{"rendered":"<p>    <img src=\"https:\/\/www.europesays.com\/es\/wp-content\/uploads\/2026\/04\/1775163151_515_2026-04-01T123A053A08Z-91195337.jpg\" width=\"1024\" height=\"682\" alt=\"\" loading=\"eager\" decoding=\"sync\" fetchpriority=\"high\"\/><\/p>\n<p>            afp_tickers        <\/p>\n<p>        Este contenido fue publicado en    <\/p>\n<p>        02 abril 2026 &#8211; 10:50\n<\/p>\n<p>Cuatro astronautas de la misi\u00f3n Artemis II despegaron el mi\u00e9rcoles a bordo de un enorme cohete de la NASA en un viaje que los llevar\u00e1 alrededor de la Luna, el primer sobrevuelo lunar tripulado en m\u00e1s de 50 a\u00f1os.<\/p>\n<p>Con un rugido intenso que reson\u00f3 mucho m\u00e1s all\u00e1 de la plataforma de lanzamiento, el cohete naranja y blanco despeg\u00f3 con tres estadounidenses y un canadiense desde el Centro Espacial Kennedy de Florida alrededor de las 18H35 locales (22H35 GMT).<\/p>\n<p>Los responsables de la NASA y los espectadores celebraron por igual el despegue de la nave a medida que se elevaba alej\u00e1ndose de la Tierra, un hito que finalmente se hizo realidad tras a\u00f1os de retrasos y sobrecostos enormes.\u00a0<\/p>\n<p>Se espera que la odisea espacial dure aproximadamente unos 10 d\u00edas.<\/p>\n<p>La tripulaci\u00f3n incluye a los estadounidenses Reid Wiseman, Victor Glover y Christina Koch, junto con el canadiense Jeremy Hansen.<\/p>\n<p>\u00abTenemos un hermoso ascenso de la luna. Nos dirigimos directamente hacia ella\u00bb, dijo Wiseman, el comandante de la misi\u00f3n.<\/p>\n<p>El presidente de Estados Unidos, Donald Trump, felicit\u00f3 \u00aba los valientes astronautas\u00bb y al equipo de la NASA por el \u00abexitoso lanzamiento\u00bb, durante el inicio de su discurso a la naci\u00f3n dedicado a la guerra en Oriente Medio.<\/p>\n<p>Los astronautas se encuentran ahora en \u00f3rbita alrededor de la Tierra, donde permanecer\u00e1n mientras comprueban la fiabilidad y seguridad de una nave que nunca antes hab\u00eda transportado humanos.<\/p>\n<p>Tambi\u00e9n pusieron a prueba sus capacidades de pilotaje manual. El astronauta Victor Glover tom\u00f3 los mandos de la c\u00e1psula Orion para simular un acoplamiento con otra nave, el cual se desarroll\u00f3 a la perfecci\u00f3n.<\/p>\n<p>\u00abGenial volar contigo, Houston. Bonito veh\u00edculo\u00bb, dijo el piloto Glover.<\/p>\n<p>Los equipos tambi\u00e9n identificaron varios problemas que resolver. Esto incluye \u00abun problema de controlador con el inodoro cuando lo pusieron en funcionamiento\u00bb, dijo en una rueda de prensa posterior al lanzamiento Amit Kshatriya, administrador asociado de la NASA.<\/p>\n<p>El director de la NASA, Jared Isaacman, tambi\u00e9n se\u00f1al\u00f3 un problema temporal de comunicaci\u00f3n con la nave espacial que ya fue resuelto.<\/p>\n<p>\u2013 Repetidos contratiempos \u2013<\/p>\n<p>Si todo sale bien, se espera que el equipo de Artemis II emprenda el jueves su viaje de tres d\u00edas hacia la Luna, alrededor de la cual dar\u00e1 una vuelta para captar nuevas im\u00e1genes y hacer observaciones.<\/p>\n<p>El viaje marca una serie de hitos hist\u00f3ricos: la primera persona negra, la primera mujer y el primer no estadounidense participan en una misi\u00f3n lunar.<\/p>\n<p>Si la misi\u00f3n transcurre seg\u00fan lo previsto, los astronautas batir\u00e1n un r\u00e9cord al aventurarse m\u00e1s lejos de la Tierra que cualquier otro ser humano antes.\u00a0<\/p>\n<p>Es tambi\u00e9n el primer vuelo tripulado del nuevo cohete lunar de la NASA, bautizado como Space Launch System (SLS).<\/p>\n<p>El gigantesco cohete naranja y blanco est\u00e1 dise\u00f1ado para permitir a Estados Unidos regresar de forma reiterada a la Luna, con el objetivo de establecer una base permanente que sirva como plataforma para futuras exploraciones.<\/p>\n<p>La misi\u00f3n estaba inicialmente prevista para despegar en febrero.\u00a0<\/p>\n<p>Pero los repetidos contratiempos la frenaron e incluso obligaron a regresar el cohete a su hangar para an\u00e1lisis y reparaciones.<\/p>\n<p>Seg\u00fan las autoridades locales, unas 400.000 deb\u00edan reunirse cerca de la llamada Costa Espacial para presenciar el hist\u00f3rico despegue.<\/p>\n<p>\u2013 \u00abM\u00c1S ALL\u00c1 DE LAS ESTRELLAS\u00bb \u2013<\/p>\n<p>El programa Artemis ha estado plagado de retrasos y enormes sobrecostos.\u00a0<\/p>\n<p>Tambi\u00e9n est\u00e1 sometido a la presi\u00f3n del presidente Trump, que aceler\u00f3 el ritmo de este ambicioso proyecto con la meta de que muestre huellas sobre la superficie lunar antes de 2029, cuando termina su segundo mandato.<\/p>\n<p>Los objetivos de Artemis II incluyen verificar que tanto el cohete como la nave espacial est\u00e9n en perfecto estado de funcionamiento, con la esperanza de allanar el camino para un regreso y un alunizaje en 2028.<\/p>\n<p>Ese plazo causa escepticismo entre los expertos, en parte porque depende de los avances tecnol\u00f3gicos del sector privado.<\/p>\n<p>La actual era de esfuerzos para llegar a la Luna en Estados Unidos se ha descrito con frecuencia como parte de la rivalidad con China, que aspira a llevar humanos a la Luna para 2030.\u00a0<\/p>\n<p>Trump dej\u00f3 un mensaje en las redes sociales antes del lanzamiento.\u00a0<\/p>\n<p>\u00abEstamos GANANDO, en el Espacio, en la Tierra y en todos los puntos intermedios \u2014 Econ\u00f3micamente, Militarmente y ahora, M\u00c1S ALL\u00c1 DE LAS ESTRELLAS. \u00a1Nadie se nos acerca! Estados Unidos no solo compite, DOMINAMOS, y el mundo entero est\u00e1 mirando\u00bb, public\u00f3 el presidente en Truth Social.<\/p>\n<p>cha-mdo\/jgc\/cr\/nn\/lb\/mvl\/cr\/mel\/vel<\/p>\n","protected":false},"excerpt":{"rendered":"afp_tickers Este contenido fue publicado en 02 abril 2026 &#8211; 10:50 Cuatro astronautas de la misi\u00f3n Artemis II&hellip;\n","protected":false},"author":2,"featured_media":479320,"comment_status":"","ping_status":"","sticky":false,"template":"","format":"standard","meta":{"footnotes":""},"categories":[42],"tags":[17,18,13,14,11,61,62,63,64,19,20,9,10,15,16,26431,20122,26432,26433,90,12,21,22,65,66,67],"class_list":["post-479319","post","type-post","status-publish","format-standard","has-post-thumbnail","category-internacional","tag-breaking-news","tag-breakingnews","tag-featured-news","tag-featurednews","tag-headlines","tag-internacional","tag-international","tag-international-news","tag-internationalnews","tag-latest-news","tag-latestnews","tag-news","tag-noticias","tag-noticias-destacadas","tag-noticiasdestacadas","tag-research","tag-sci-tech","tag-scientific-exploration","tag-space-programme","tag-ticker","tag-titulares","tag-ultimas-noticias","tag-ultimasnoticias","tag-world","tag-world-news","tag-worldnews"],"share_on_mastodon":{"url":"https:\/\/pubeurope.com\/@es\/116337098573463357","error":""},"_links":{"self":[{"href":"https:\/\/www.europesays.com\/es\/wp-json\/wp\/v2\/posts\/479319","targetHints":{"allow":["GET"]}}],"collection":[{"href":"https:\/\/www.europesays.com\/es\/wp-json\/wp\/v2\/posts"}],"about":[{"href":"https:\/\/www.europesays.com\/es\/wp-json\/wp\/v2\/types\/post"}],"author":[{"embeddable":true,"href":"https:\/\/www.europesays.com\/es\/wp-json\/wp\/v2\/users\/2"}],"replies":[{"embeddable":true,"href":"https:\/\/www.europesays.com\/es\/wp-json\/wp\/v2\/comments?post=479319"}],"version-history":[{"count":0,"href":"https:\/\/www.europesays.com\/es\/wp-json\/wp\/v2\/posts\/479319\/revisions"}],"wp:featuredmedia":[{"embeddable":true,"href":"https:\/\/www.europesays.com\/es\/wp-json\/wp\/v2\/media\/479320"}],"wp:attachment":[{"href":"https:\/\/www.europesays.com\/es\/wp-json\/wp\/v2\/media?parent=479319"}],"wp:term":[{"taxonomy":"category","embeddable":true,"href":"https:\/\/www.europesays.com\/es\/wp-json\/wp\/v2\/categories?post=479319"},{"taxonomy":"post_tag","embeddable":true,"href":"https:\/\/www.europesays.com\/es\/wp-json\/wp\/v2\/tags?post=479319"}],"curies":[{"name":"wp","href":"https:\/\/api.w.org\/{rel}","templated":true}]}}