{"id":479340,"date":"2026-04-02T21:12:18","date_gmt":"2026-04-02T21:12:18","guid":{"rendered":"https:\/\/www.europesays.com\/es\/479340\/"},"modified":"2026-04-02T21:12:18","modified_gmt":"2026-04-02T21:12:18","slug":"eva-gonzalez-a-juego-con-su-hijo-cayetano-apuesta-por-el-lino-y-firma-el-look-mas-relajado-del-jueves-santo-en-triana","status":"publish","type":"post","link":"https:\/\/www.europesays.com\/es\/479340\/","title":{"rendered":"Eva Gonz\u00e1lez, a juego con su hijo Cayetano, apuesta por el lino y firma el look m\u00e1s relajado del Jueves Santo en Triana"},"content":{"rendered":"<p id=\"eTP9erFJRNF\" data-wc=\"124\">El <strong>Jueves Santo en Sevilla<\/strong> es, sin duda, uno de los d\u00edas m\u00e1s especiales de la Semana Santa. Las calles se llenan de recogimiento, tradici\u00f3n y cultura, especialmente en <strong>barrios tan emblem\u00e1ticos como Triana<\/strong>, donde cada detalle cuenta. En este escenario tan simb\u00f3lico, <strong>Eva Gonz\u00e1lez<\/strong> ha vuelto a demostrar que la elegancia tambi\u00e9n puede ser natural, c\u00f3moda y perfectamente adaptada al contexto. La modelo y presentadora <strong>ha disfrutado de la jornada junto a su hijo Cayetano<\/strong>, en una estampa cercana y familiar que encaja a la perfecci\u00f3n con el esp\u00edritu de estos d\u00edas. Lejos del negro riguroso que domina el protocolo del Jueves Santo <a class=\"hm-link ho-link\" href=\"https:\/\/www.hola.com\/moda\/20260402893384\/sofia-palazuelo-jueves-santo-sevilla-negro-sin-mantilla-look\/\" rel=\"noopener nofollow\" target=\"_blank\" data-mrf-recirculation=\"article-body-link\">\u2014y que hemos visto en figuras como Sof\u00eda Palazuelo\u2014<\/a>, Eva ha optado por un look primaveral, relajado y absolutamente acertado.<\/p>\n<p> <img src=\"https:\/\/www.europesays.com\/es\/wp-content\/uploads\/2026\/04\/2f129d0b6535-europapress7412509evagonzalezdisfrutajuevessantotrianajuntohijocayetan.jpg\"   width=\"682\" height=\"1024\" loading=\"lazy\" decoding=\"async\" alt=\"Eva Gonz\u00e1lez en la Semana Santa de Sevilla.\" fetchpriority=\"auto\" class=\"image ho-image\"\/>\u00a9 Europa Press<br \/>\nUn total look de lino con sello sevillano<\/p>\n<p id=\"eiR9SqXQ5Z-\" data-wc=\"29\">El look elegido por Eva Gonz\u00e1lez lleva el sello de <strong>Colour Nude<\/strong>, una firma andaluza que ha sabido reinterpretar la elegancia contempor\u00e1nea a trav\u00e9s de piezas vers\u00e1tiles y femeninas.<\/p>\n<p id=\"ehXEiZ-eDcW\" data-wc=\"72\">La protagonista del look es <strong>la chaqueta\u00a0<\/strong><strong>Antalfi<\/strong>, una pieza de sastrer\u00eda corta confeccionada en lino, con un precio de 250 euros. Su dise\u00f1o destaca por los contrastes de color que marcan la cintura y las solapas, creando una silueta estructurada pero ligera. Es una prenda que combina la tradici\u00f3n del traje cl\u00e1sico con un enfoque moderno, ideal tanto para eventos como para estilismos m\u00e1s relajados como el que ha lucido Eva.<\/p>\n<p> <img src=\"https:\/\/www.europesays.com\/es\/wp-content\/uploads\/2026\/04\/7f76015b7990-antalfi-1-1.jpg\"   width=\"682\" height=\"1024\" loading=\"lazy\" decoding=\"async\" alt=\"Conjunto llevado por Eva Gonz\u00e1lez en la Semana Santa de Sevilla.\" fetchpriority=\"auto\" class=\"image ho-image\"\/>\u00a9 Colour Nude<\/p>\n<p id=\"e2O2pA27HFJ\" data-wc=\"32\">Bajo la chaqueta, la presentadora ha apostado por un chaleco de lino de rayas con escote en V, una elecci\u00f3n especialmente interesante porque sustituye la cl\u00e1sica camisa y aporta frescura al conjunto.\u00a0<\/p>\n<p id=\"eKfaJ1O1MiR\" data-wc=\"39\">El conjunto se completa con <strong>el pantal\u00f3n Floria<\/strong>, un dise\u00f1o recto en lino, con cintura alta y corte limpio, valorado en 175 euros. Su tejido ligero y su estructura depurada lo convierten en una prenda clave para la primavera.<\/p>\n<p> <img src=\"https:\/\/www.europesays.com\/es\/wp-content\/uploads\/2026\/04\/9d783584f856-antalfi-1-2.jpg\"   width=\"682\" height=\"1024\" loading=\"lazy\" decoding=\"async\" alt=\"Conjunto llevado por Eva Gonz\u00e1lez en la Semana Santa de Sevilla.\" fetchpriority=\"auto\" class=\"image ho-image\"\/>\u00a9 Colour Nude<br \/>\nAccesorios que elevan el conjunto<\/p>\n<p id=\"efSeoOoHkO1\" data-wc=\"41\">En cuanto a los complementos, Eva Gonz\u00e1lez ha sabido rematar el look con precisi\u00f3n. Ha optado por unas <strong>sandalias de tac\u00f3n de esparto<\/strong>, un gui\u00f1o claro al estilo mediterr\u00e1neo que encaja perfectamente con el lino y con el contexto primaveral sevillano.<\/p>\n<p id=\"eOz1msjCCHd\" data-wc=\"40\">Las <strong>gafas de sol XXL<\/strong> aportan un toque contempor\u00e1neo y sofisticado, mientras que los pendientes de aro dorados refuerzan ese equilibrio entre sencillez y elegancia. El peinado, una coleta pulida, termina de construir un look limpio, favorecedor y muy actual.<\/p>\n<p> <img src=\"https:\/\/www.europesays.com\/es\/wp-content\/uploads\/2026\/04\/0dfcad83ac94-europapress7412510evagonzalezdisfrutajuevessantotrianajuntohijocayetan.jpg\"   width=\"682\" height=\"1024\" loading=\"lazy\" decoding=\"async\" alt=\"Eva Gonz\u00e1lez en la Semana Santa de Sevilla.\" fetchpriority=\"auto\" class=\"image ho-image\"\/>\u00a9 Europa Press<\/p>\n<p> <img src=\"https:\/\/www.europesays.com\/es\/wp-content\/uploads\/2026\/04\/aa3c693d2eb4-europapress7412508evagonzalezdisfrutajuevessantotrianajuntohijocayetan.jpg\"   width=\"666\" height=\"1024\" loading=\"lazy\" decoding=\"async\" alt=\"Eva Gonz\u00e1lez en la Semana Santa de Sevilla.\" fetchpriority=\"auto\" class=\"image ho-image\"\/>\u00a9 Europa Press<br \/>\nOtra forma de vestir la Semana Santa<\/p>\n<p id=\"e5E8nisoNG6i\" data-wc=\"55\">El estilismo de Eva contrasta con otros vistos durante estos d\u00edas en Sevilla. Por ejemplo, <a class=\"hm-link ho-link\" href=\"https:\/\/www.hola.com\/moda\/20260329892503\/manuela-villena-domingo-ramos-semana-santa-sevilla-look-traje-rayas\/\" rel=\"noopener nofollow\" target=\"_blank\" data-mrf-recirculation=\"article-body-link\">Manuela Villena ha vuelto a destacar por su elegancia cl\u00e1sica en el Domingo de Ramos<\/a>, mientras que Sof\u00eda Palazuelo ha apostado por el negro riguroso en l\u00ednea con el protocolo m\u00e1s tradicional. Sin embargo, Eva Gonz\u00e1lez representa una visi\u00f3n relajada.<\/p>\n","protected":false},"excerpt":{"rendered":"El Jueves Santo en Sevilla es, sin duda, uno de los d\u00edas m\u00e1s especiales de la Semana Santa.&hellip;\n","protected":false},"author":2,"featured_media":479341,"comment_status":"","ping_status":"","sticky":false,"template":"","format":"standard","meta":{"footnotes":""},"categories":[91],"tags":[1024,253,146,147,25,24,2764,54123,1023,7087,23],"class_list":["post-479340","post","type-post","status-publish","format-standard","has-post-thumbnail","category-entretenimiento","tag-actualidad-moda","tag-discover","tag-entertainment","tag-entretenimiento","tag-es","tag-espana","tag-eva-gonzalez","tag-looks","tag-moda","tag-semana-santa","tag-spain"],"share_on_mastodon":{"url":"https:\/\/pubeurope.com\/@es\/116337177286651548","error":""},"_links":{"self":[{"href":"https:\/\/www.europesays.com\/es\/wp-json\/wp\/v2\/posts\/479340","targetHints":{"allow":["GET"]}}],"collection":[{"href":"https:\/\/www.europesays.com\/es\/wp-json\/wp\/v2\/posts"}],"about":[{"href":"https:\/\/www.europesays.com\/es\/wp-json\/wp\/v2\/types\/post"}],"author":[{"embeddable":true,"href":"https:\/\/www.europesays.com\/es\/wp-json\/wp\/v2\/users\/2"}],"replies":[{"embeddable":true,"href":"https:\/\/www.europesays.com\/es\/wp-json\/wp\/v2\/comments?post=479340"}],"version-history":[{"count":0,"href":"https:\/\/www.europesays.com\/es\/wp-json\/wp\/v2\/posts\/479340\/revisions"}],"wp:featuredmedia":[{"embeddable":true,"href":"https:\/\/www.europesays.com\/es\/wp-json\/wp\/v2\/media\/479341"}],"wp:attachment":[{"href":"https:\/\/www.europesays.com\/es\/wp-json\/wp\/v2\/media?parent=479340"}],"wp:term":[{"taxonomy":"category","embeddable":true,"href":"https:\/\/www.europesays.com\/es\/wp-json\/wp\/v2\/categories?post=479340"},{"taxonomy":"post_tag","embeddable":true,"href":"https:\/\/www.europesays.com\/es\/wp-json\/wp\/v2\/tags?post=479340"}],"curies":[{"name":"wp","href":"https:\/\/api.w.org\/{rel}","templated":true}]}}