{"id":479521,"date":"2026-04-02T23:52:10","date_gmt":"2026-04-02T23:52:10","guid":{"rendered":"https:\/\/www.europesays.com\/es\/479521\/"},"modified":"2026-04-02T23:52:10","modified_gmt":"2026-04-02T23:52:10","slug":"alimentos-ultraprocesados-nos-hacen-mas-voraces","status":"publish","type":"post","link":"https:\/\/www.europesays.com\/es\/479521\/","title":{"rendered":"Alimentos ultraprocesados nos hacen m\u00e1s voraces"},"content":{"rendered":"<p>Seg\u00fan la revista International Journal of Eating Disorders, comprender este patr\u00f3n es fundamental, ya que podr\u00eda cambiar la manera en que cl\u00ednicos, familias y responsables de pol\u00edticas p\u00fablicas abordan la prevenci\u00f3n y el tratamiento de la obesidad.<\/p>\n<p>Los investigadores destacan que los alimentos m\u00e1s consumidos en excesos suelen ser productos ultraprocesados, pues estos est\u00e1n dise\u00f1ados para resultar especialmente gratificantes.<\/p>\n<p>Entre ellos, precis\u00f3 la fuente, figuran los pasteles, helados, galletas, chocolate, pan dulce, pizza y las papas fritas.<\/p>\n<p>\u00abPor lo general, son alimentos altamente procesados y formulados con combinaciones de ingredientes, como carbohidratos refinados y grasas, que los hacen especialmente gratificantes y f\u00e1ciles de consumir en exceso\u00bb, sostienen los expertos.<\/p>\n<p>Los autores puntualizan que fue en la d\u00e9cada de los 70 cuando las personas comenzaron a comer en exceso, justo cuando los alimentos ultraprocesados se volvieron cada vez m\u00e1s dominantes en el entorno alimentario.<\/p>\n<p>El estudio concluy\u00f3 que es una necesidad imperiosa contar con pr\u00e1cticas de informaci\u00f3n alimentaria m\u00e1s claras y estandarizadas, para as\u00ed hacer frente a los trastornos alimentarios a nivel mundial.<\/p>\n<p>Estudios recientes de 2025 muestran v\u00ednculos de los alimentos ultraprocesados con la obesidad, diabetes tipo 2, enfermedades del coraz\u00f3n, c\u00e1ncer y mayor riesgo de muerte prematura.<\/p>\n<p>Los alimentos ultraprocesados son elaborados en f\u00e1bricas con m\u00e9todos industriales que transforman en gran medida los ingredientes originales.<\/p>\n<p>Estos suelen incluir aditivos como colorantes, saborizantes artificiales, edulcorantes intensos y conservantes.<\/p>\n<p>El objetivo -seg\u00fan los expertos- es lograr textura perfecta, aromas potentes y larga duraci\u00f3n en estanter\u00eda.<\/p>\n<p>car\/joe<\/p>\n","protected":false},"excerpt":{"rendered":"Seg\u00fan la revista International Journal of Eating Disorders, comprender este patr\u00f3n es fundamental, ya que podr\u00eda cambiar la&hellip;\n","protected":false},"author":2,"featured_media":479522,"comment_status":"","ping_status":"","sticky":false,"template":"","format":"standard","meta":{"footnotes":""},"categories":[92],"tags":[5340,119,25,24,165,12536,5693,166,23,5758],"class_list":["post-479521","post","type-post","status-publish","format-standard","has-post-thumbnail","category-salud","tag-alimentos","tag-ciencia","tag-es","tag-espana","tag-health","tag-nota-informativa","tag-obesidad","tag-salud","tag-spain","tag-ultraprocesados"],"share_on_mastodon":{"url":"https:\/\/pubeurope.com\/@es\/116337806355254949","error":""},"_links":{"self":[{"href":"https:\/\/www.europesays.com\/es\/wp-json\/wp\/v2\/posts\/479521","targetHints":{"allow":["GET"]}}],"collection":[{"href":"https:\/\/www.europesays.com\/es\/wp-json\/wp\/v2\/posts"}],"about":[{"href":"https:\/\/www.europesays.com\/es\/wp-json\/wp\/v2\/types\/post"}],"author":[{"embeddable":true,"href":"https:\/\/www.europesays.com\/es\/wp-json\/wp\/v2\/users\/2"}],"replies":[{"embeddable":true,"href":"https:\/\/www.europesays.com\/es\/wp-json\/wp\/v2\/comments?post=479521"}],"version-history":[{"count":0,"href":"https:\/\/www.europesays.com\/es\/wp-json\/wp\/v2\/posts\/479521\/revisions"}],"wp:featuredmedia":[{"embeddable":true,"href":"https:\/\/www.europesays.com\/es\/wp-json\/wp\/v2\/media\/479522"}],"wp:attachment":[{"href":"https:\/\/www.europesays.com\/es\/wp-json\/wp\/v2\/media?parent=479521"}],"wp:term":[{"taxonomy":"category","embeddable":true,"href":"https:\/\/www.europesays.com\/es\/wp-json\/wp\/v2\/categories?post=479521"},{"taxonomy":"post_tag","embeddable":true,"href":"https:\/\/www.europesays.com\/es\/wp-json\/wp\/v2\/tags?post=479521"}],"curies":[{"name":"wp","href":"https:\/\/api.w.org\/{rel}","templated":true}]}}