{"id":47955,"date":"2025-08-14T23:15:10","date_gmt":"2025-08-14T23:15:10","guid":{"rendered":"https:\/\/www.europesays.com\/es\/47955\/"},"modified":"2025-08-14T23:15:10","modified_gmt":"2025-08-14T23:15:10","slug":"nando-agueros-musico-ya-no-busco-ser-una-estrella-llevo-mucho-viviendo-de-la-musica-y-con-eso-me-siento-satisfecho","status":"publish","type":"post","link":"https:\/\/www.europesays.com\/es\/47955\/","title":{"rendered":"Nando Ag\u00fceros, M\u00fasico: \u00abYa no busco ser una estrella, llevo mucho viviendo de la m\u00fasica y con eso me siento satisfecho\u00bb"},"content":{"rendered":"<p>M\u00e1s que una entrevista, es un rato de pausa y charla para pensar. La reflexi\u00f3n antes de una noche importante. La de hoy lo es  &#8230; para Nando Ag\u00fceros (Torrelavega, 1976). Toca en casa. En el Bulevar, a las nueve y media. <\/p>\n<p class=\"v-p\"><strong>\u2013\u00bfA cu\u00e1nta distancia est\u00e1 su casa del escenario del Bulevar? <\/strong><\/p>\n<p class=\"v-p\">\u2013Pues hace un par de a\u00f1os lo ten\u00eda a un minuto andando. Ahora, a diez en coche porque me fui a vivir con mi familia a Suances. Pero bueno, Torrelavega siempre est\u00e1 muy presente y siempre que hay que ir a hacer un recado o a comprar, vamos a Torrelavega.<\/p>\n<p class=\"v-p\"><strong>\u2013O sea, en casa.<\/strong><\/p>\n<p class=\"v-p\">\u2013S\u00ed, s\u00ed. Act\u00fao en casa.<\/p>\n<p class=\"v-p\"><strong>\u2013Suena a t\u00f3pico, pero actuar en casa siempre es diferente, \u00bfno?<\/strong><\/p>\n<p class=\"v-p\">\u2013S\u00ed, s\u00ed. Hay m\u00e1s presi\u00f3n porque sabes que muchos amigos tuyos, aunque no te lo digan, van a estar ah\u00ed. Mucha gente conocida. Y uno se pone un poco m\u00e1s nervioso.<\/p>\n<p class=\"v-p\"><strong>\u2013S\u00ed que se nota, entonces.<\/strong><\/p>\n<p class=\"v-p\">\u2013S\u00ed, sales un poco m\u00e1s nervioso, pero, a la vez, se compensa con la ilusi\u00f3n. Pero son las dos primeras canciones. Luego ya uno se tranquiliza y se empieza a centrar en el concierto. Y todo fluye. <\/p>\n<p class=\"v-p\"><strong>\u2013En general, \u00bfse siente bien tratado en casa?<\/strong><\/p>\n<p class=\"v-p\">\u2013S\u00ed, s\u00ed. Sin duda. Siempre, cuando digo casa, digo Cantabria. Y s\u00ed, el cari\u00f1o de la gente es palpable. Adem\u00e1s, ya no solamente me siento querido en Cantabria, sino que cada vez m\u00e1s en muchos sitios. Pero, desde luego, que, como en casa, en ning\u00fan lado.<\/p>\n<p class=\"v-p\"><strong>\u2013Viene de una gira de &#8216;Canciones desnudas&#8217; que no s\u00e9 si encaja en un escaparate abierto y amplio como el de La Patrona.<\/strong><\/p>\n<p class=\"v-p\">\u2013No tiene nada que ver. En la gira &#8216;Canciones desnudas&#8217;, que comenzamos en enero y que me ha llevado ya por unos veinte teatros, el concepto es mucho m\u00e1s \u00edntimo. Busc\u00e1bamos recintos peque\u00f1os. Me iba solamente con tres m\u00fasicos y las canciones quedaban mucho m\u00e1s desnudas. Pero para los conciertos de verano es inviable, en plazas, gratuitos&#8230; Voy con toda la banda para que sea m\u00e1s contundente y, pronto, en octubre, seguimos con la gira de teatros. <\/p>\n<p class=\"v-p\"><strong>\u2013Tras la gira y el \u00faltimo disco, &#8216;El mismo que viste y canta&#8217;, el verano ha sido m\u00e1s tranquilo. <\/strong><\/p>\n<p class=\"v-p\">\u2013Ha sido un poco buscado. Con este formato uno depende de s\u00ed mismo. T\u00fa pones una entrada a la venta y el p\u00fablico es el que la compra, el que acude al teatro&#8230; Dependes solo de ti. Y ha funcionado tan bien que hemos querido cambiar un poco el orden. Hacer menos conciertos en verano y centrarnos m\u00e1s en el invierno y los teatros. Por eso este verano est\u00e1 siendo m\u00e1s tranquilo. Pero llevamos ya veinte conciertos este a\u00f1o.<\/p>\n<p class=\"v-p\"><strong>\u2013Se le habr\u00e1 hecho raro. \u00bfQu\u00e9 ha hecho que echara de menos?<\/strong><\/p>\n<p class=\"v-p\">\u2013Claro. Pues he estado disfrutando mucho m\u00e1s de la familia, de la casa y del verano en general.<\/p>\n<p class=\"v-p\"><strong>\u2013Hablando de veranos, se lo ha currado desde abajo. \u00bfQu\u00e9 queda hoy del Nando que recorr\u00eda los 102 municipios con 200 fechas, hasta varias en un mismo d\u00eda?<\/strong><\/p>\n<p class=\"v-p\">\u2013Fue una buena universidad para este oficio. Lo recuerdo con cari\u00f1o, incluso con nostalgia. Me encantaba que dieran las cinco, coger el coche, irme a cualquier pueblo \u2013cada d\u00eda era uno diferente o dos en un d\u00eda\u2013 y conocer gente, sitios y cantar. Me gustaba mucho. Lo que pasa es que yo sab\u00eda que estaba haciendo algo mal. No se pueden dar cien conciertos en una provincia tan peque\u00f1a como Cantabria, porque al final lo que haces es quemar el nombre y quemarte t\u00fa. Creo que tom\u00e9 una decisi\u00f3n oportuna y bastante inteligente, la de cortar con tantos conciertos y amoldarlo a trabajar un poco menos, pero con m\u00e1s calidad.<\/p>\n<p class=\"v-p\"><strong>\u2013O sea, que lo echa un poco de menos, pero acert\u00f3 al dejarlo.<\/strong><\/p>\n<p class=\"v-p\">\u2013S\u00ed, lo echo de menos, pero s\u00e9 que hice bien. Fue un aprendizaje muy importante. He estado en todos los escenarios posibles ya, incluso cantando en un cami\u00f3n de ganado o una cuadra. Es el camino y la verdad es que estoy muy contento con c\u00f3mo estoy ahora.<\/p>\n<p class=\"v-p\"><strong>\u2013Pues vamos a lo de ahora. Los artistas, al sacar disco o al llegar a un punto, dicen cosas como &#8216;este es mi trabajo m\u00e1s maduro&#8217;. \u00bfQu\u00e9 es la madurez? \u00bfAnda en eso?<\/strong><\/p>\n<p class=\"v-p\">\u2013No, yo la sigo buscando. En cada disco siempre uno quiere hacer mejores canciones. Y s\u00ed, es verdad que, cuando uno saca un disco, se piensa que es el mejor que ha hecho. Por esa ilusi\u00f3n de que las canciones est\u00e1n frescas. Est\u00e1s deseando que tu p\u00fablico las escuche&#8230; Por eso sientes que es tu mejor disco y a lo mejor es verdad. Porque uno va mejorando tambi\u00e9n, va cogiendo tablas, escribiendo y componiendo mejor. Pero no, yo creo que mi mejor disco est\u00e1 por llegar a\u00fan. Es lo que me mueve y esa ilusi\u00f3n es la que me motiva para coger la guitarra. El saber que la canci\u00f3n perfecta o la que uno espera hacer est\u00e1 por llegar todav\u00eda.<\/p>\n<p class=\"v-p\"><strong>\u2013\u00bfY ahora qu\u00e9 busca? \u00bfAspira al siguiente escal\u00f3n?<\/strong><\/p>\n<p class=\"v-p\">\u2013Virgencita que me quede como estoy. Tengo ya 49 a\u00f1os y poco m\u00e1s se puede pedir. Lo que yo quiero es seguir sacando canciones, discos, presentarlos en teatros&#8230; Yo ya no busco ser una una gran estrella y llenar tres noches seguidas el WiZink. Para m\u00ed eso es algo de momento impensable, pero s\u00ed que estoy muy c\u00f3modo haciendo lo que hago. Poniendo entradas a la venta y que haya p\u00fablico que las compre. Y que eso me permita seguir gan\u00e1ndome la vida. Puedo decir que llevo muchos a\u00f1os viviendo de la m\u00fasica y con eso me vale. Con eso estoy satisfecho.<\/p>\n<p class=\"v-p\"><strong>\u2013El otro d\u00eda cont\u00f3 en este peri\u00f3dico que el Valle de Lamas\u00f3n inspir\u00f3 &#8216;Viento del Norte&#8217;. \u00bfHay alguna entrevista en la que no salga a relucir esta canci\u00f3n? <\/strong><\/p>\n<p class=\"v-p\">\u2013No, claro. Pero lo entiendo. Es una canci\u00f3n que ha conseguido lo que muy pocas, que me va a sobrevivir. El d\u00eda que yo no est\u00e9 aqu\u00ed se va a seguir cantando, la gente la va a seguir escuchando. Muy pocos artistas pueden presumir de eso. De tener una canci\u00f3n que te sobreviva y de que el pueblo la haya hecho suya. Yo no puedo estar m\u00e1s que agradecido y no me molesta para nada que se hable de Viento del Norte. El p\u00fablico decide y si el p\u00fablico ha decidido que de todas mis canciones, que ya son muchas, esa sea la que m\u00e1s les emociona, tengo que respetarlo. Me sigue gustando cantarla y no me molesta para nada.<\/p>\n<p class=\"v-p\"><strong>\u2013\u00bfA\u00fan es capaz de encontrarle matices cuando la canta?<\/strong><\/p>\n<p class=\"v-p\">\u2013De hecho, de c\u00f3mo la canto hoy a c\u00f3mo se grab\u00f3, he cambiado muchas cosas. La he ido cambiando sin darme cuenta, adem\u00e1s. Escucho la versi\u00f3n original y digo: &#8216;jo, f\u00edjate en esta acentuaci\u00f3n&#8230;&#8217;. Sobre todo, el tema de acentos, que hab\u00eda alguna gamba por ah\u00ed. Incluso alg\u00fan giro, alguna expresi\u00f3n&#8230; Las canciones son como seres vivos. Van evolucionando.<\/p>\n<p class=\"v-p\"><strong>\u2013Hablando de canciones, habr\u00e1 varias esperando a ser grabadas\u2026<\/strong><\/p>\n<p class=\"v-p\">\u2013S\u00ed. Tengo un ramillete ya acabadas, pero quiero hacer otro tanto para luego escoger. Ahora quiero seguir escribiendo para este oto\u00f1o empezar a grabar y tener disco el pr\u00f3ximo a\u00f1o. No s\u00e9 en qu\u00e9 fecha, pero para el a\u00f1o que viene quiero tenerlo y salir de gira<\/p>\n<p class=\"v-p\"><strong>\u2013Termine con una invitaci\u00f3n&#8230;<\/strong><\/p>\n<p class=\"v-p\">\u2013Muchos de los que van a ir ya me conocen. Simplemente que si quieren pasar un un rato escuchando a este torrelaveguense so\u00f1ador, que pueden acompa\u00f1arme, corear mis canciones y emocionarse con ellas, que han hecho suyas.<\/p>\n","protected":false},"excerpt":{"rendered":"M\u00e1s que una entrevista, es un rato de pausa y charla para pensar. La reflexi\u00f3n antes de una&hellip;\n","protected":false},"author":2,"featured_media":47956,"comment_status":"","ping_status":"","sticky":false,"template":"","format":"standard","meta":{"footnotes":""},"categories":[174],"tags":[8102,255,146,147,25,24,14267,256,1689,185,21821,8019,23,21820],"class_list":{"0":"post-47955","1":"post","2":"type-post","3":"status-publish","4":"format-standard","5":"has-post-thumbnail","7":"category-famosos","8":"tag-busco","9":"tag-celebrities","10":"tag-entertainment","11":"tag-entretenimiento","12":"tag-es","13":"tag-espana","14":"tag-estrella","15":"tag-famosos","16":"tag-llevo","17":"tag-musica","18":"tag-satisfecho","19":"tag-siento","20":"tag-spain","21":"tag-viviendode"},"share_on_mastodon":{"url":"","error":""},"_links":{"self":[{"href":"https:\/\/www.europesays.com\/es\/wp-json\/wp\/v2\/posts\/47955","targetHints":{"allow":["GET"]}}],"collection":[{"href":"https:\/\/www.europesays.com\/es\/wp-json\/wp\/v2\/posts"}],"about":[{"href":"https:\/\/www.europesays.com\/es\/wp-json\/wp\/v2\/types\/post"}],"author":[{"embeddable":true,"href":"https:\/\/www.europesays.com\/es\/wp-json\/wp\/v2\/users\/2"}],"replies":[{"embeddable":true,"href":"https:\/\/www.europesays.com\/es\/wp-json\/wp\/v2\/comments?post=47955"}],"version-history":[{"count":0,"href":"https:\/\/www.europesays.com\/es\/wp-json\/wp\/v2\/posts\/47955\/revisions"}],"wp:featuredmedia":[{"embeddable":true,"href":"https:\/\/www.europesays.com\/es\/wp-json\/wp\/v2\/media\/47956"}],"wp:attachment":[{"href":"https:\/\/www.europesays.com\/es\/wp-json\/wp\/v2\/media?parent=47955"}],"wp:term":[{"taxonomy":"category","embeddable":true,"href":"https:\/\/www.europesays.com\/es\/wp-json\/wp\/v2\/categories?post=47955"},{"taxonomy":"post_tag","embeddable":true,"href":"https:\/\/www.europesays.com\/es\/wp-json\/wp\/v2\/tags?post=47955"}],"curies":[{"name":"wp","href":"https:\/\/api.w.org\/{rel}","templated":true}]}}