{"id":479601,"date":"2026-04-03T01:07:26","date_gmt":"2026-04-03T01:07:26","guid":{"rendered":"https:\/\/www.europesays.com\/es\/479601\/"},"modified":"2026-04-03T01:07:26","modified_gmt":"2026-04-03T01:07:26","slug":"la-musica-protagoniza-el-jueves-santo-con-el-concierto-de-la-banda-municipal-como-eje-de-la-jornada","status":"publish","type":"post","link":"https:\/\/www.europesays.com\/es\/479601\/","title":{"rendered":"La m\u00fasica protagoniza el Jueves Santo con el concierto de la Banda Municipal como eje de la jornada"},"content":{"rendered":"<p dir=\"ltr\"><b id=\"docs-internal-guid-08d2371e-7fff-76aa-60c6-2a95c8956993\">El Teatro Ayala se qued\u00f3 este Jueves Santo sin butacas libres para un concierto marcado por los estrenos y el car\u00e1cter solidario, tras una ma\u00f1ana en la que la m\u00fasica cofrade tom\u00f3 primero las calles con el certamen de bandas. Todo ello precedido por el recogimiento del v\u00eda crucis del Cristo del Consuelo en la noche del Mi\u00e9rcoles Santo.<\/b><\/p>\n<p dir=\"ltr\"><b id=\"docs-internal-guid-08d2371e-7fff-76aa-60c6-2a95c8956993\">Daimiel Noticias. \u2013 <\/b>La m\u00fasica ha sido la gran protagonista del Jueves Santo en Daimiel, con el Teatro Ayala como escenario central de una ma\u00f1ana que volvi\u00f3 a poner de relieve la estrecha vinculaci\u00f3n entre la Banda Municipal y la Semana Santa. El tradicional concierto, organizado por la Junta de Hermandades en colaboraci\u00f3n con el Ayuntamiento, registr\u00f3 un lleno absoluto en una cita que combin\u00f3 calidad interpretativa, compromiso solidario y emoci\u00f3n cofrade.<\/p>\n<p>  <img loading=\"lazy\" decoding=\"async\" src=\"https:\/\/www.europesays.com\/es\/wp-content\/uploads\/2026\/04\/whatsapp_image_2026-04-02_at_16.31.11.jpeg\" width=\"1600\" height=\"1200\" alt=\"No quedaron butacas libres en el Ayala.\" typeof=\"foaf:Image\" class=\"img-fluid\"\/><br \/>\nNo quedaron butacas libres en el Ayala.<\/p>\n<p>Presentado por el presidente de la Junta, Miguel Torres, el acto destinar\u00e1 su recaudaci\u00f3n a la rehabilitaci\u00f3n del Santuario de la Virgen de las Cruces. Bajo la direcci\u00f3n de Pedro Francisco S\u00e1nchez-Valdepe\u00f1as Pozo, la banda ofreci\u00f3 un repertorio en el que destacaron varios estrenos, como el pasodoble Entre espigas y gigante, del daimiele\u00f1o Miguel \u00c1ngel Ruiz Real, miembro de la Banda Municipal, o The Island of Light, de Jos\u00e9 A. Pina, junto a otras marchas como Madre, tu dulce nombre y Esp\u00edritu Santo. El programa se complet\u00f3 con piezas como Soledad, Costalero o Mi amargura.<\/p>\n<p>Entre los asistentes se encontraban el alcalde de Daimiel, Leopoldo Sierra, y miembros de la Corporaci\u00f3n Municipal, que no quisieron faltar a la cita.<\/p>\n<p>  <img loading=\"lazy\" decoding=\"async\" src=\"https:\/\/www.europesays.com\/es\/wp-content\/uploads\/2026\/04\/whatsapp_image_2026-04-02_at_16.31.14_1.jpeg\" width=\"650\" height=\"488\" alt=\"El alcalde y el presidente de la Junta de Hermandades en el concierto.\" typeof=\"foaf:Image\" class=\"img-fluid\"\/><br \/>\nEl alcalde y el presidente de la Junta de Hermandades en el concierto.<\/p>\n<p>Previamente, la m\u00fasica hab\u00eda tomado las calles con la celebraci\u00f3n del XVII Certamen Regional de Cornetas y Tambores Nuestro Padre Jes\u00fas Nazareno, organizado por la cofrad\u00eda de \u2018Los Moraos\u2019. Las bandas participantes recorrieron distintos puntos de la localidad hasta confluir en la Plaza de Espa\u00f1a, desde donde iniciaron un itinerario que incluy\u00f3 una parada en la Casa Museo de la hermandad y culmin\u00f3 en la iglesia de Nuestra Se\u00f1ora de la Paz.<\/p>\n<p>  <img loading=\"lazy\" decoding=\"async\" src=\"https:\/\/www.europesays.com\/es\/wp-content\/uploads\/2026\/04\/encuentro_bandas_para_nota_resumen.jpg\" width=\"4608\" height=\"3072\" alt=\"Las Bandas tocaron frente a Jes\u00fas Nazareno en La paz.\" typeof=\"foaf:Image\" class=\"img-fluid\"\/><br \/>\nLas Bandas tocaron frente a Jes\u00fas Nazareno en La paz.<\/p>\n<p>All\u00ed, con la imagen del Nazareno esperando en la puerta del templo, las formaciones \u2014San Fernando de Villarrobledo, San Juan Evangelista de Valdepe\u00f1as, San Sebasti\u00e1n de La Solana y San Juan Evangelista de El Bonillo\u2014 interpretaron marchas como La Dolorosa, Sole\u00e1, Flagelaci\u00f3n o Madre, en un ambiente de respeto y expectaci\u00f3n.<\/p>\n<p>  <img loading=\"lazy\" decoding=\"async\" src=\"https:\/\/www.europesays.com\/es\/wp-content\/uploads\/2026\/04\/whatsapp_image_2026-04-02_at_15.29.33_1.jpeg\" width=\"1600\" height=\"1200\" alt=\"Las bandas tocaron frente a la imagen de la Coronaci\u00f3n de Espinas.\" typeof=\"foaf:Image\" class=\"img-fluid\"\/><br \/>\nLas bandas tocaron frente a la imagen de la Coronaci\u00f3n de Espinas.<\/p>\n<p>La jornada musical del Jueves Santo recog\u00eda as\u00ed el testigo de la noche anterior, marcada por el silencio y la oraci\u00f3n del v\u00eda crucis del Sant\u00edsimo Cristo del Consuelo. La salida desde la parroquia de San Pedro, ya entrada la noche del Mi\u00e9rcoles Santo, dio paso a un recorrido de profundo recogimiento, en el que la imagen avanz\u00f3 sobre un lecho de rosas rojas a sus pies, s\u00edmbolo de la sangre derramada.<\/p>\n<p>  <img loading=\"lazy\" decoding=\"async\" src=\"https:\/\/www.europesays.com\/es\/wp-content\/uploads\/2026\/04\/portada_via_crucis.jpg\" width=\"4032\" height=\"3024\" alt=\"V\u00eda crucis del Cristo del Consuelo a su paso por Santa Mar\u00eda.\" typeof=\"foaf:Image\" class=\"img-fluid\"\/><br \/>\nV\u00eda crucis del Cristo del Consuelo a su paso por Santa Mar\u00eda.<\/p>\n<p>Momentos como el paso por el convento de las M\u00ednimas, con el canto de la Escolan\u00eda Divina Pastora, o la Plaza de Espa\u00f1a, sumida en la penumbra e iluminada \u00fanicamente por los cirios, reforzaron el car\u00e1cter introspectivo de una estaci\u00f3n que concluy\u00f3 cerca de la medianoche con el regreso al templo.<\/p>\n<p>  <img loading=\"lazy\" decoding=\"async\" src=\"https:\/\/www.europesays.com\/es\/wp-content\/uploads\/2026\/04\/via_crucis_interior_para_nota_resumen.jpg\" width=\"4032\" height=\"3024\" alt=\"La imagen del Cristo del Consuelo a la salida de San Pedro.\" typeof=\"foaf:Image\" class=\"img-fluid\"\/><br \/>\nLa imagen del Cristo del Consuelo a la salida de San Pedro.<\/p>\n","protected":false},"excerpt":{"rendered":"El Teatro Ayala se qued\u00f3 este Jueves Santo sin butacas libres para un concierto marcado por los estrenos&hellip;\n","protected":false},"author":2,"featured_media":479602,"comment_status":"","ping_status":"","sticky":false,"template":"","format":"standard","meta":{"footnotes":""},"categories":[5],"tags":[63641,17,18,2339,3010,25,24,13,14,11,89382,19,20,9,10,15,16,7087,23,12,21,22],"class_list":["post-479601","post","type-post","status-publish","format-standard","has-post-thumbnail","category-titulares","tag-banda-municipal-de-musica","tag-breaking-news","tag-breakingnews","tag-concierto","tag-daimiel","tag-es","tag-espana","tag-featured-news","tag-featurednews","tag-headlines","tag-junta-de-hermandades","tag-latest-news","tag-latestnews","tag-news","tag-noticias","tag-noticias-destacadas","tag-noticiasdestacadas","tag-semana-santa","tag-spain","tag-titulares","tag-ultimas-noticias","tag-ultimasnoticias"],"share_on_mastodon":{"url":"https:\/\/pubeurope.com\/@es\/116338101399222948","error":""},"_links":{"self":[{"href":"https:\/\/www.europesays.com\/es\/wp-json\/wp\/v2\/posts\/479601","targetHints":{"allow":["GET"]}}],"collection":[{"href":"https:\/\/www.europesays.com\/es\/wp-json\/wp\/v2\/posts"}],"about":[{"href":"https:\/\/www.europesays.com\/es\/wp-json\/wp\/v2\/types\/post"}],"author":[{"embeddable":true,"href":"https:\/\/www.europesays.com\/es\/wp-json\/wp\/v2\/users\/2"}],"replies":[{"embeddable":true,"href":"https:\/\/www.europesays.com\/es\/wp-json\/wp\/v2\/comments?post=479601"}],"version-history":[{"count":0,"href":"https:\/\/www.europesays.com\/es\/wp-json\/wp\/v2\/posts\/479601\/revisions"}],"wp:featuredmedia":[{"embeddable":true,"href":"https:\/\/www.europesays.com\/es\/wp-json\/wp\/v2\/media\/479602"}],"wp:attachment":[{"href":"https:\/\/www.europesays.com\/es\/wp-json\/wp\/v2\/media?parent=479601"}],"wp:term":[{"taxonomy":"category","embeddable":true,"href":"https:\/\/www.europesays.com\/es\/wp-json\/wp\/v2\/categories?post=479601"},{"taxonomy":"post_tag","embeddable":true,"href":"https:\/\/www.europesays.com\/es\/wp-json\/wp\/v2\/tags?post=479601"}],"curies":[{"name":"wp","href":"https:\/\/api.w.org\/{rel}","templated":true}]}}