{"id":47961,"date":"2025-08-14T23:20:11","date_gmt":"2025-08-14T23:20:11","guid":{"rendered":"https:\/\/www.europesays.com\/es\/47961\/"},"modified":"2025-08-14T23:20:11","modified_gmt":"2025-08-14T23:20:11","slug":"todo-indica-que-johnny-depp-volvera-a-piratas-del-caribe-para-la-sexta-pelicula","status":"publish","type":"post","link":"https:\/\/www.europesays.com\/es\/47961\/","title":{"rendered":"Todo indica que Johnny Depp volver\u00e1 a Piratas del Caribe para la sexta pel\u00edcula"},"content":{"rendered":"\n<p>La franquicia <a rel=\"nofollow noopener noreferrer\" href=\"https:\/\/www.elcolombiano.com\/cultura\/cine\/grabacion-pelicula-piratas-caribe-6-johnny-depp-EN25825980\" target=\"_blank\">Piratas del Caribe lleva ya casi una d\u00e9cada sin atracar en los cines<\/a> desde que en 2017 llegase La venganza de Salazar. Pero Jerry Bruckheimer, el productor de la taquillera saga bucanera, se ha referido al posible regreso de <a rel=\"nofollow noopener noreferrer\" href=\"https:\/\/www.elcolombiano.com\/tendencias\/johnny-depp-regreso-jack-sparrow-emocionar-ninos-hospital-espana-OD25510079\" target=\"_blank\">Johnny Depp como el alocado capit\u00e1n Jack Sparrow <\/a>en la esperada sexta entrega.<\/p>\n<p><b>Le puede interesar:<\/b> <a rel=\"nofollow noopener noreferrer\" href=\"https:\/\/www.elcolombiano.com\/cultura\/cine\/nuevo-retraso-shrek-5-universal-mueve-estreno-verano-2027-CJ28564776\" target=\"_blank\">Nuevo retraso para Shrek 5: Universal mueve el estreno al verano de 2027<\/a><\/p>\n<p>\u201cSi le gusta c\u00f3mo est\u00e1 escrito el papel, creo que lo har\u00eda\u201d, respondi\u00f3 un optimista Bruckheimer a Entertainment Weekly sobre la posible vuelta de Depp como el emblem\u00e1tico Sparrow. \u201cTodo depende de lo que est\u00e9 escrito en el libreto, como todos sabemos\u201d, a\u00f1adi\u00f3 el productor.<\/p>\n<p>\u201cTodav\u00eda estamos trabajando en el guion. Queremos conseguirlo, solo tenemos que encontrar el guion adecuado. A\u00fan no lo hemos logrado, pero estamos cerca\u201d, afirm\u00f3 Bruckheimer, quien es tambi\u00e9n productor de sagas como Top Gun o Dos polic\u00edas rebeldes, entre otros muchos t\u00edtulos.<\/p>\n<p>Fue el pasado mes de febrero cuando The DisInsider apuntaba que Disney hab\u00eda puesto en marcha los preparativos para arrancar con la producci\u00f3n de Piratas del Caribe 6. El medio tambi\u00e9n aclaraba que, aunque todav\u00eda no hab\u00eda una fecha concreta para rodar, era bastante probable que Depp regresara una vez m\u00e1s al papel del alocado capit\u00e1n de la Perla Negra. Disney cort\u00f3 los lazos con el actor a ra\u00edz de la batalla legal que mantuvo con su exmujer Amber Heard, con acusaciones de maltrato cruzadas.<\/p>\n<p>Depp afirm\u00f3 entonces que no ten\u00eda pretensiones de volver a trabajar con la compa\u00f1\u00eda en una nueva entrega de Piratas del Caribe. Sin embargo, tras ganar el juicio por difamaci\u00f3n, se rumore\u00f3 que el protagonista de cintas como Trascender, que vio la luz en 2014, o La favorita del rey, estrenada en 2023, podr\u00eda regresar una vez m\u00e1s a Sparrow en la pr\u00f3xima entrega de la saga.<\/p>\n<p>A finales del pasado a\u00f1o, Variety informaba de que, aunque no hab\u00edan contactado todav\u00eda con Depp, tampoco se descartaba su participaci\u00f3n. Y, de hecho, Bruckheimer estaba desarrollando dos versiones en paralelo de guion, y una de ellas incluir\u00eda a Depp en el caso de alcanzar un acuerdo con Disney.<\/p>\n<p>\u201cNo se descarta nada\u201d, le coment\u00f3 entonces una fuente al medio. Piratas del Caribe 6 se anunci\u00f3 en 2018 como un reinicio de la franquicia que iba a presentar nuevos personajes.<\/p>\n<p><b>Para saber m\u00e1s:<\/b> <a rel=\"nofollow noopener noreferrer\" href=\"https:\/\/www.elcolombiano.com\/entretenimiento\/turismo\/santa-marta-500-anos-turismo-sostenible-FM28532878\" target=\"_blank\">Santa Marta: la ciudad del origen cumple 500 a\u00f1os<\/a><\/p>\n<p>Pero en 2024 Bruckheimer confes\u00f3 que hab\u00eda hablado con Depp sobre su posible regreso como capit\u00e1n de la Perla Negra. Dicho esto, lo cierto es que la reincorporaci\u00f3n del actor como protagonista de esta sexta entrega, de llegado el caso, reavivar\u00eda el inter\u00e9s de los fans por la saga, la cual bastantes consideraban muerta hasta no hace mucho.<\/p>\n<p>Adem\u00e1s, conviene recordar que desde la desvinculaci\u00f3n por parte de Disney de Depp han ido sonando varios posibles reemplazos. Primero, se dio a conocer que la estrella de Barbie, Margot Robbie, se unir\u00eda a la franquicia como protagonista de un spin-off que, seg\u00fan confirm\u00f3 la propia actriz, s\u00ed que comenz\u00f3 a desarrollarse, pero finalmente termin\u00f3 quedando en nada. Despu\u00e9s, el nombre que son\u00f3 fue el de Ayo Edebiri (The Bear), que encarnar\u00eda al personaje principal del posible reinicio.<\/p>\n","protected":false},"excerpt":{"rendered":"La franquicia Piratas del Caribe lleva ya casi una d\u00e9cada sin atracar en los cines desde que en&hellip;\n","protected":false},"author":2,"featured_media":47962,"comment_status":"","ping_status":"","sticky":false,"template":"","format":"standard","meta":{"footnotes":""},"categories":[169],"tags":[177,146,147,25,24,176,175,1267,23],"class_list":{"0":"post-47961","1":"post","2":"type-post","3":"status-publish","4":"format-standard","5":"has-post-thumbnail","7":"category-cine","8":"tag-cine","9":"tag-entertainment","10":"tag-entretenimiento","11":"tag-es","12":"tag-espana","13":"tag-film","14":"tag-movies","15":"tag-noticias-el-colombiano","16":"tag-spain"},"share_on_mastodon":{"url":"","error":""},"_links":{"self":[{"href":"https:\/\/www.europesays.com\/es\/wp-json\/wp\/v2\/posts\/47961","targetHints":{"allow":["GET"]}}],"collection":[{"href":"https:\/\/www.europesays.com\/es\/wp-json\/wp\/v2\/posts"}],"about":[{"href":"https:\/\/www.europesays.com\/es\/wp-json\/wp\/v2\/types\/post"}],"author":[{"embeddable":true,"href":"https:\/\/www.europesays.com\/es\/wp-json\/wp\/v2\/users\/2"}],"replies":[{"embeddable":true,"href":"https:\/\/www.europesays.com\/es\/wp-json\/wp\/v2\/comments?post=47961"}],"version-history":[{"count":0,"href":"https:\/\/www.europesays.com\/es\/wp-json\/wp\/v2\/posts\/47961\/revisions"}],"wp:featuredmedia":[{"embeddable":true,"href":"https:\/\/www.europesays.com\/es\/wp-json\/wp\/v2\/media\/47962"}],"wp:attachment":[{"href":"https:\/\/www.europesays.com\/es\/wp-json\/wp\/v2\/media?parent=47961"}],"wp:term":[{"taxonomy":"category","embeddable":true,"href":"https:\/\/www.europesays.com\/es\/wp-json\/wp\/v2\/categories?post=47961"},{"taxonomy":"post_tag","embeddable":true,"href":"https:\/\/www.europesays.com\/es\/wp-json\/wp\/v2\/tags?post=47961"}],"curies":[{"name":"wp","href":"https:\/\/api.w.org\/{rel}","templated":true}]}}