{"id":479690,"date":"2026-04-03T02:32:15","date_gmt":"2026-04-03T02:32:15","guid":{"rendered":"https:\/\/www.europesays.com\/es\/479690\/"},"modified":"2026-04-03T02:32:15","modified_gmt":"2026-04-03T02:32:15","slug":"la-comunidad-italoamericana-de-nueva-york-se-queda-sin-mundial-fue-una-pesadilla","status":"publish","type":"post","link":"https:\/\/www.europesays.com\/es\/479690\/","title":{"rendered":"La comunidad italoamericana de Nueva York se queda sin Mundial: \u00abFue una pesadilla\u00bb"},"content":{"rendered":"<p class=\"mb-4 text-lg md:leading-8 break-words\">Jan T\u00e9llez Asensio<\/p>\n<p class=\"mb-4 text-lg md:leading-8 break-words\">Nueva York, 2 abr (EFE).- La comunidad italoamericana de Nueva York se lamenta de la no clasificaci\u00f3n de Italia para el Mundial por tercera ocasi\u00f3n consecutiva, a las puertas de una edici\u00f3n de la Copa del Mundo en Norteam\u00e9rica que acoger\u00e1 la final\u00edsima en la sede de Nueva York\/Nueva Jersey, estados con millones de italoamericanos.<\/p>\n<p class=\"mb-4 text-lg md:leading-8 break-words\">\u00abUna pesadilla, fue una pesadilla\u00bb, clamaba repetidas veces Marcello, el due\u00f1o de una &#8216;trattoria&#8217; que lleva su nombre (Marcellino) en el ic\u00f3nico barrio neoyorquino de Little Italy.<\/p>\n<p class=\"mb-4 text-lg md:leading-8 break-words\">Marcello emigr\u00f3 a Estados Unidos hace 30 a\u00f1os, poco despu\u00e9s del Mundial de EE.UU. de 1994, el primero y hasta la fecha \u00fanico que ha acogido el pa\u00eds. Ahora Estados Unidos volver\u00e1 a recibir una Copa del Mundo de f\u00fatbol masculino, pero lo har\u00e1 sin su querida Italia: \u00abEs muy, muy triste\u00bb.<\/p>\n<p class=\"mb-4 text-lg md:leading-8 break-words\">Este martes, Italia qued\u00f3 eliminada de los clasificatorios para el Mundial ante Bosnia y Herzegovina en los penaltis. Una decepci\u00f3n mundialista que se suma a los fracasos italianos de clasificarse para Rusia 2018 y para Qatar 2022, con lo que la tetracampeona deber\u00e1 esperar cuatro a\u00f1os m\u00e1s para volver a la mayor escena global.<\/p>\n<p class=\"mb-4 text-lg md:leading-8 break-words\">Para Marcello, el lamento se mezcla con un rechazo y un enfado considerable: \u00abEs inexplicable. Un jugador de Italia vale m\u00e1s que todo el equipo de Bosnia. Pero ellos lo dejaron todo en el campo. Italia no ten\u00eda hambre. Nuestra generaci\u00f3n joven ahora evita completamente el f\u00fatbol\u00bb.<\/p>\n<p class=\"mb-4 text-lg md:leading-8 break-words\">\u00abEn un momento en el que todo va mal, esperas al menos disfrutar de la primavera, el verano y el f\u00fatbol, y ni siquiera tendremos ese esp\u00edritu\u00bb, se\u00f1alaba resignado.<\/p>\n<p class=\"mb-4 text-lg md:leading-8 break-words\">Despu\u00e9s de las duras cr\u00edticas recibidas por la eliminaci\u00f3n, el presidente de la Federaci\u00f3n Italiana de F\u00fatbol (FIGC), Gabriele Gravina, present\u00f3 su dimisi\u00f3n este jueves \u00abcon un sentimiento de gran amargura\u00bb.<\/p>\n<p class=\"mb-4 text-lg md:leading-8 break-words\">A Gravina le acompa\u00f1\u00f3 tambi\u00e9n la carta de renuncia del jefe de delegaci\u00f3n de la selecci\u00f3n, el hist\u00f3rico portero Gianluigi Buffon, campe\u00f3n del mundo en 2006.<\/p>\n<p class=\"mb-4 text-lg md:leading-8 break-words\">\u00abEn todos los dem\u00e1s deportes nos va excelente, pero la organizaci\u00f3n del f\u00fatbol en Italia est\u00e1 muy mal gestionada\u00bb, comentaba Marcello entre quejas.<\/p>\n<p class=\"mb-4 text-lg md:leading-8 break-words\">Alberto, un veneciano que lleva ocho a\u00f1os viviendo en el distrito neoyorquino de Staten Island, describi\u00f3 con tono enfurecido la pronta eliminaci\u00f3n de su selecci\u00f3n como \u00abuna desgracia y una rabia absurda\u00bb.<\/p>\n<p class=\"mb-4 text-lg md:leading-8 break-words\">Por su parte, uno de los directores del Instituto It\u00e1lico de Estados Unidos y columnista del New York Sun, Rosario Iaconis, calific\u00f3 la derrota de Italia como \u00abuna gran decepci\u00f3n capricho del destino\u00bb y explic\u00f3 que le supo mal sobre todo por las nuevas generaciones de italianos e italoamericanos.<\/p>\n<p class=\"mb-4 text-lg md:leading-8 break-words\">La sede de Nueva York\/Nueva Jersey, el MetLife Stadium, acoger\u00e1 hasta ocho partidos de este Mundial, con cinco partidos de fase de grupos, un partido de dieciseisavos, uno de octavos y la gran final.<\/p>\n<p class=\"mb-4 text-lg md:leading-8 break-words\">Nueva York y Nueva Jersey son los dos estados con m\u00e1s poblaci\u00f3n italoamericana, de acuerdo con los datos de la Fundaci\u00f3n Nacional de Italoamericanos.<\/p>\n<p class=\"mb-4 text-lg md:leading-8 break-words\">(c) Agencia EFE<\/p>\n","protected":false},"excerpt":{"rendered":"Jan T\u00e9llez Asensio Nueva York, 2 abr (EFE).- La comunidad italoamericana de Nueva York se lamenta de la&hellip;\n","protected":false},"author":2,"featured_media":479691,"comment_status":"","ping_status":"","sticky":false,"template":"","format":"standard","meta":{"footnotes":""},"categories":[93],"tags":[168,98005,25,24,97903,628,58534,896,23,167,22818],"class_list":["post-479690","post","type-post","status-publish","format-standard","has-post-thumbnail","category-deportes","tag-deportes","tag-edicion-de-la-copa","tag-es","tag-espana","tag-federacion-italiana-de-futbol","tag-italia","tag-nueva-jersey","tag-nueva-york","tag-spain","tag-sports","tag-sun"],"share_on_mastodon":{"url":"https:\/\/pubeurope.com\/@es\/116338435465528639","error":""},"_links":{"self":[{"href":"https:\/\/www.europesays.com\/es\/wp-json\/wp\/v2\/posts\/479690","targetHints":{"allow":["GET"]}}],"collection":[{"href":"https:\/\/www.europesays.com\/es\/wp-json\/wp\/v2\/posts"}],"about":[{"href":"https:\/\/www.europesays.com\/es\/wp-json\/wp\/v2\/types\/post"}],"author":[{"embeddable":true,"href":"https:\/\/www.europesays.com\/es\/wp-json\/wp\/v2\/users\/2"}],"replies":[{"embeddable":true,"href":"https:\/\/www.europesays.com\/es\/wp-json\/wp\/v2\/comments?post=479690"}],"version-history":[{"count":0,"href":"https:\/\/www.europesays.com\/es\/wp-json\/wp\/v2\/posts\/479690\/revisions"}],"wp:featuredmedia":[{"embeddable":true,"href":"https:\/\/www.europesays.com\/es\/wp-json\/wp\/v2\/media\/479691"}],"wp:attachment":[{"href":"https:\/\/www.europesays.com\/es\/wp-json\/wp\/v2\/media?parent=479690"}],"wp:term":[{"taxonomy":"category","embeddable":true,"href":"https:\/\/www.europesays.com\/es\/wp-json\/wp\/v2\/categories?post=479690"},{"taxonomy":"post_tag","embeddable":true,"href":"https:\/\/www.europesays.com\/es\/wp-json\/wp\/v2\/tags?post=479690"}],"curies":[{"name":"wp","href":"https:\/\/api.w.org\/{rel}","templated":true}]}}