{"id":479813,"date":"2026-04-03T04:29:10","date_gmt":"2026-04-03T04:29:10","guid":{"rendered":"https:\/\/www.europesays.com\/es\/479813\/"},"modified":"2026-04-03T04:29:10","modified_gmt":"2026-04-03T04:29:10","slug":"morir-solo-por-nacer-aqui-o-alla-los-decesos-de-ninos-por-cancer-aumentaron-en-un-56-en-africa-desde-1990-mientras-se-reducian-a-nivel-global-planeta-futuro","status":"publish","type":"post","link":"https:\/\/www.europesays.com\/es\/479813\/","title":{"rendered":"Morir solo por nacer aqu\u00ed o all\u00e1: los decesos de ni\u00f1os por c\u00e1ncer aumentaron en un 56% en \u00c1frica desde 1990 mientras se reduc\u00edan a nivel global | Planeta Futuro"},"content":{"rendered":"<p class=\"\">Cuando a un ni\u00f1o se le diagnostica <a href=\"https:\/\/elpais.com\/noticias\/cancer-infantil\/\" target=\"_self\" rel=\"nofollow noopener\" title=\"https:\/\/elpais.com\/noticias\/cancer-infantil\/\">c\u00e1ncer<\/a> en un pa\u00eds de ingresos altos tiene un 80% de posibilidades de vivir m\u00e1s de cinco a\u00f1os, plazo tras el cual se considera pr\u00e1cticamente curado, pero si el peque\u00f1o se encuentra en un pa\u00eds de ingresos medios o bajos, ese porcentaje se reduce al 20%. La suerte de haber nacido en un lugar o en otro es clave para tener un diagn\u00f3stico a tiempo, tratamientos adecuados y cuidados espec\u00edficos, es decir, para determinar si el ni\u00f1o sobrevive, seg\u00fan <a href=\"https:\/\/www.thelancet.com\/journals\/lancet\/article\/PIIS0140-6736(26)00200-X\/fulltext\" target=\"_self\" rel=\"nofollow noopener\" title=\"https:\/\/www.thelancet.com\/journals\/lancet\/article\/PIIS0140-6736(26)00200-X\/fulltext\">un estudio publicado este martes<\/a> en la revista cient\u00edfica The Lancet.<\/p>\n<p class=\"\">La investigaci\u00f3n calcula que un 94% de los ni\u00f1os que fallecen de c\u00e1ncer hoy viven en el Sur Global. \u201cHemos constatado que los entornos con recursos limitados sufren una carga desproporcionada de c\u00e1ncer infantil, lo que indica que los esfuerzos futuros para reducir la carga mundial del c\u00e1ncer infantil deben centrarse en <a href=\"https:\/\/elpais.com\/us\/2026-03-24\/la-odisea-de-aniurmat-en-cuba-ante-la-leucemia-de-dado-en-este-hospital-hay-sangre-para-mi-hijo-y-medicinas.html\" target=\"_self\" rel=\"nofollow noopener\" title=\"https:\/\/elpais.com\/us\/2026-03-24\/la-odisea-de-aniurmat-en-cuba-ante-la-leucemia-de-dado-en-este-hospital-hay-sangre-para-mi-hijo-y-medicinas.html\">abordar las desigualdades <\/a>y ampliar el acceso a servicios oncol\u00f3gicos integrales\u201d, afirman los autores.<\/p>\n<p class=\"\">En 2023, tomado como de referencia para este estudio, se registraron aproximadamente 377.000 nuevos casos de c\u00e1ncer infantil (personas de hasta 19 a\u00f1os) en todo el mundo, <a href=\"https:\/\/www.emro.who.int\/noncommunicable-diseases\/campaigns\/international-childhood-cancer-day-20222023.html\" target=\"_self\" rel=\"nofollow noopener\" title=\"https:\/\/www.emro.who.int\/noncommunicable-diseases\/campaigns\/international-childhood-cancer-day-20222023.html\">es decir m\u00e1s de 1.000 al d\u00eda<\/a>. En total, se produjeron unas 144.000 muertes. Aunque los decesos a nivel global han disminuido un 27% desde 1990, en \u00c1frica han aumentado en casi un 56%. En 1990, murieron por c\u00e1ncer en \u00c1frica 31.500 personas y en 2023 fueron 49.000.<\/p>\n<p class=\"\">\u201cEstos hallazgos ponen de relieve la urgente necesidad de mejoras equitativas en la atenci\u00f3n sanitaria, incluyendo el diagn\u00f3stico oportuno, el acceso a tratamientos eficaces y los cuidados de apoyo, especialmente en entornos con recursos limitados\u201d, estiman los autores.<\/p>\n<blockquote class=\"a_q\">\n<p>En 1990, murieron por c\u00e1ncer en \u00c1frica 31.500 personas y en 2023 fueron 49.000.<\/p>\n<\/blockquote>\n<p>Abordar las desigualdades<\/p>\n<p class=\"\">En la investigaci\u00f3n, los expertos ampl\u00edan y actualizan el llamado Estudio sobre la Carga Mundial de Enfermedades<b> <\/b>(<a href=\"https:\/\/www.google.com\/search?q=GBD&amp;rlz=1C1GCEA_enES1039ES1039&amp;oq=Global+Burden+of+Diseases%2C+Injuries%2C+and+Risk+Factors+Study+%28GBD%29+qie+es&amp;gs_lcrp=EgZjaHJvbWUyBggAEEUYOdIBCDQ5MDBqMGo0qAIAsAIB&amp;sourceid=chrome&amp;ie=UTF-8&amp;mstk=AUtExfD1XBmGcM4EpcbIvZHp6gjy9ELWUKpdvA1pc6yVd0DvHp_tAyLFixdwKo8xvl13AirRkZHoTKfGS2IV80PD0AMydnbjDYFkpZlRil5r_kyvwvhdk0xtYKIDgkEpj8Gq1EWIK6SmYpY9YefYcmiIjkkTHerp6S0KU5sined09ksClkkvpjdZ4yzjOvnophd8i0clHT_G6Lnb29-yjo1VVG6fY83pcc5hS0OOBvnrV4EPK0Huyz7ABTSeQXXhDDWCQb_NR_QbC8OIRSM1eBuL3sVf&amp;csui=3&amp;ved=2ahUKEwj8sL2Gn8yTAxX-NvsDHfLOL6gQgK4QegQIARAB\" rel=\"nofollow noopener\" target=\"_blank\">GBD<\/a>, por sus siglas en ingl\u00e9s), que cuantifica la p\u00e9rdida de salud por enfermedades, lesiones y factores de riesgo, con datos comparativos entre pa\u00edses. Concretamente, los investigadores realizaron un an\u00e1lisis actualizado de la carga mundial que represent\u00f3 el c\u00e1ncer infantil de 1990 a 2023 agregando nueve tipos adicionales de c\u00e1ncer que no estaban incluidos en estudios anteriores y que s\u00ed afectan de manera importante a la infancia, como son el linfoma de Burkitt, sarcomas de tejidos blandos, tumores \u00f3seos malignos o el retinoblastoma.<\/p>\n<p class=\"\">Todo ello con el fin de ofrecer una fotograf\u00eda mundial m\u00e1s exhaustiva y avanzar hacia los objetivos de la <a href=\"https:\/\/www.who.int\/initiatives\/the-global-initiative-for-childhood-cancer\" target=\"_self\" rel=\"nofollow noopener\" title=\"https:\/\/www.who.int\/initiatives\/the-global-initiative-for-childhood-cancer\">Iniciativa Global para el C\u00e1ncer Infantil (GICC, por sus siglas en ingl\u00e9s) <\/a>de la Organizaci\u00f3n Mundial de la Salud (OMS), puesta en marcha en 2018 con el objetivo de aumentar la tasa de supervivencia de los ni\u00f1os con c\u00e1ncer hasta al menos el 60% para 2030, al tiempo que se reduce su sufrimiento y se mejora su calidad de vida en todo el mundo especialmente en los pa\u00edses de ingresos bajos y medios.<\/p>\n<p class=\"\">El c\u00e1ncer infantil ocup\u00f3 el octavo lugar entre las principales causas de<a href=\"https:\/\/elpais.com\/us\/2026-03-24\/la-odisea-de-aniurmat-en-cuba-ante-la-leucemia-de-dado-en-este-hospital-hay-sangre-para-mi-hijo-y-medicinas.html\" target=\"_self\" rel=\"nofollow noopener\" title=\"https:\/\/elpais.com\/us\/2026-03-24\/la-odisea-de-aniurmat-en-cuba-ante-la-leucemia-de-dado-en-este-hospital-hay-sangre-para-mi-hijo-y-medicinas.html\"> muerte infantil <\/a>a nivel mundial en 2023. Hasta la publicaci\u00f3n de este estudio, los tipos de c\u00e1ncer incluidos en esta iniciativa global representaban aproximadamente la mitad de las muertes mundiales de ni\u00f1os. \u201cLa carga global del c\u00e1ncer infantil deber\u00eda centrarse en abordar las desigualdades y apoyar mejoras integrales en el proceso que va desde la obtenci\u00f3n del diagn\u00f3stico hasta el tratamiento\u201d, piden los autores del informe.<\/p>\n<p class=\"\">La OMS consider\u00f3 en marzo que la mejora del acceso a la atenci\u00f3n oncol\u00f3gica infantil, especialmente a tecnolog\u00edas y medicamentos esenciales, es algo muy rentable y viable que puede aumentar las tasas de supervivencia, independientemente del nivel de ingresos del pa\u00eds. Solo el 29% de los pa\u00edses de ingreso bajo declara que su poblaci\u00f3n dispone habitualmente de todos los medicamentos contra el c\u00e1ncer, frente al 96% de los pa\u00edses de altos ingresos.<\/p>\n<p class=\"\">En febrero, la Agencia Internacional para la Investigaci\u00f3n sobre el C\u00e1ncer (<a href=\"https:\/\/www.iarc.who.int\/\" target=\"_self\" rel=\"nofollow noopener\" title=\"https:\/\/www.iarc.who.int\/\">IARC<\/a>, por sus siglas en ingl\u00e9s) present\u00f3 <a href=\"https:\/\/gco.iarc.who.int\/survival\/survcan\/\" target=\"_self\" rel=\"nofollow noopener\" title=\"https:\/\/gco.iarc.who.int\/survival\/survcan\/\">una nueva plataforma de visualizaci\u00f3n<\/a> consagrada a los pacientes pedi\u00e1tricos, que muestra las flagrantes desigualdades entre regiones, pa\u00edses de una misma regi\u00f3n, tipos de c\u00e1ncer y nivel de desarrollo.<\/p>\n<blockquote class=\"a_q\">\n<p>Solo el 29% de los pa\u00edses de ingreso bajo declara que su poblaci\u00f3n dispone habitualmente de medicamentos contra el c\u00e1ncer, frente al 96% de los pa\u00edses de altos ingresos.<\/p>\n<\/blockquote>\n<p class=\"\">\u201cLos ni\u00f1os en pa\u00edses de ingresos bajos y medios se enfrentan a desaf\u00edos mucho mayores. El diagn\u00f3stico retrasado, el acceso limitado al tratamiento, las muertes relacionadas con el tratamiento, la interrupci\u00f3n de la atenci\u00f3n y la reca\u00edda contribuyen a tasas de supervivencia significativamente m\u00e1s bajas\u201d, afirm\u00f3 Freddie Bray, de la IARC, en una nota de prensa<\/p>\n<p>C\u00e1ncer en Estados Unidos o en Ruanda<\/p>\n<p class=\"\">Concretamente, en esta herramienta se evalu\u00f3 la supervivencia de casi 17.000 ni\u00f1os al cabo de uno, tres y cinco a\u00f1os despu\u00e9s del diagn\u00f3stico. Por ejemplo, se constata que cuando un ni\u00f1o menor de 15 a\u00f1os tiene <a href=\"https:\/\/elpais.com\/noticias\/leucemia\/\" target=\"_self\" rel=\"nofollow noopener\" title=\"https:\/\/elpais.com\/noticias\/leucemia\/\">leucemia <\/a>(patolog\u00eda que representa un tercio de todos los c\u00e1nceres infantiles), la supervivencia cinco a\u00f1os despu\u00e9s del diagn\u00f3stico es del 88% en Estados Unidos, pero del 30% en Ruanda y del 10% en Kenia. O que m\u00e1s del 82% de los ni\u00f1os que tienen un tumor hep\u00e1tico en Arabia Saud\u00ed sobreviven cinco a\u00f1os despu\u00e9s del diagn\u00f3stico, pero el porcentaje baja al 28% si ese ni\u00f1o est\u00e1 en India.<\/p>\n<p class=\"\">La OMS tambi\u00e9n destaca que la <a href=\"https:\/\/elpais.com\/salud-y-bienestar\/2025-10-30\/un-medicamento-viviente-que-cabe-en-una-cuchara-salva-la-vida-de-ocho-jovenes-con-el-cancer-infantil-mas-comun.html\" target=\"_self\" rel=\"nofollow noopener\" title=\"https:\/\/elpais.com\/salud-y-bienestar\/2025-10-30\/un-medicamento-viviente-que-cabe-en-una-cuchara-salva-la-vida-de-ocho-jovenes-con-el-cancer-infantil-mas-comun.html\">brecha de supervivencia <\/a>al c\u00e1ncer infantil entre pa\u00edses de una misma regi\u00f3n tambi\u00e9n es notable. Por ejemplo, en Costa Rica el 85% de los ni\u00f1os diagnosticados con leucemia sobrevive tres a\u00f1os despu\u00e9s, pero en Ecuador, solo el 50%. \u201cA pesar de los esfuerzos regionales para estandarizar las directrices de tratamiento, las diferencias en el diagn\u00f3stico y el acceso al tratamiento, as\u00ed como en la capacidad del sistema sanitario, impulsan estas grandes disparidades en los resultados\u201d, dice la OMS.<\/p>\n<p class=\"\">Los autores del informe de The Lancet consideran que los datos detallados sobre los tipos de c\u00e1ncer y las diferencias regionales proporcionan una hoja de ruta fundamental para los responsables pol\u00edticos, los profesionales sanitarios y las organizaciones mundiales que se esfuerzan por reducir el devastador impacto de la enfermedad y mejorar la supervivencia de los ni\u00f1os en todo el mundo.<\/p>\n","protected":false},"excerpt":{"rendered":"Cuando a un ni\u00f1o se le diagnostica c\u00e1ncer en un pa\u00eds de ingresos altos tiene un 80% de&hellip;\n","protected":false},"author":2,"featured_media":479814,"comment_status":"","ping_status":"","sticky":false,"template":"","format":"standard","meta":{"footnotes":""},"categories":[92],"tags":[5404,64779,22348,18725,11167,17021,1293,25,24,165,1812,3572,166,23,31425,84779,2214],"class_list":["post-479813","post","type-post","status-publish","format-standard","has-post-thumbnail","category-salud","tag-africa","tag-africa-subsahariana","tag-cancer-infantil","tag-desigualdad-economica","tag-desigualdad-social","tag-diagnostico-medico","tag-enfermedades","tag-es","tag-espana","tag-health","tag-investigacion-medica","tag-oms","tag-salud","tag-spain","tag-sur-global","tag-the-lancet","tag-tratamiento-medico"],"share_on_mastodon":{"url":"https:\/\/pubeurope.com\/@es\/116338895531398808","error":""},"_links":{"self":[{"href":"https:\/\/www.europesays.com\/es\/wp-json\/wp\/v2\/posts\/479813","targetHints":{"allow":["GET"]}}],"collection":[{"href":"https:\/\/www.europesays.com\/es\/wp-json\/wp\/v2\/posts"}],"about":[{"href":"https:\/\/www.europesays.com\/es\/wp-json\/wp\/v2\/types\/post"}],"author":[{"embeddable":true,"href":"https:\/\/www.europesays.com\/es\/wp-json\/wp\/v2\/users\/2"}],"replies":[{"embeddable":true,"href":"https:\/\/www.europesays.com\/es\/wp-json\/wp\/v2\/comments?post=479813"}],"version-history":[{"count":0,"href":"https:\/\/www.europesays.com\/es\/wp-json\/wp\/v2\/posts\/479813\/revisions"}],"wp:featuredmedia":[{"embeddable":true,"href":"https:\/\/www.europesays.com\/es\/wp-json\/wp\/v2\/media\/479814"}],"wp:attachment":[{"href":"https:\/\/www.europesays.com\/es\/wp-json\/wp\/v2\/media?parent=479813"}],"wp:term":[{"taxonomy":"category","embeddable":true,"href":"https:\/\/www.europesays.com\/es\/wp-json\/wp\/v2\/categories?post=479813"},{"taxonomy":"post_tag","embeddable":true,"href":"https:\/\/www.europesays.com\/es\/wp-json\/wp\/v2\/tags?post=479813"}],"curies":[{"name":"wp","href":"https:\/\/api.w.org\/{rel}","templated":true}]}}