{"id":4799,"date":"2025-07-26T14:14:09","date_gmt":"2025-07-26T14:14:09","guid":{"rendered":"https:\/\/www.europesays.com\/es\/4799\/"},"modified":"2025-07-26T14:14:09","modified_gmt":"2025-07-26T14:14:09","slug":"asi-se-empleo-foment-para-atraer-la-ryder-cup-a-cataluna","status":"publish","type":"post","link":"https:\/\/www.europesays.com\/es\/4799\/","title":{"rendered":"As\u00ed se emple\u00f3 Foment para atraer la Ryder Cup a Catalu\u00f1a"},"content":{"rendered":"<p class=\"paragraph\" id=\"paragraph_1\">\u00abUn papel decisivo\u00bb. As\u00ed describen altos directivos del sector del golf el trabajo entre bambalinas que ha tenido <strong>Foment del Treball<\/strong> a la hora de atraer la <strong>Ryder Cup<\/strong> de 2031 a <strong>Girona<\/strong>. La gran patronal catalana ha sido la gran valedora para que la competici\u00f3n golfista regresara a Espa\u00f1a tras celebrar una primera edici\u00f3n en Valderrama (C\u00e1diz), en 1997. No ha sido f\u00e1cil, han intervenido muchos actores. Uno de ellos, quiz\u00e1 de los m\u00e1s decisivos, ha sido Foment.<\/p>\n<p><img loading=\"lazy\" decoding=\"async\" alt=\"Imagen del trofeo de la Ryder Cup con Tossa de Mar (Girona) de fondo\" height=\"180\" src=\"https:\/\/www.europesays.com\/es\/wp-content\/uploads\/2025\/07\/1003742676845_14926933_320x180.jpg\" width=\"320\" data-lazy-status=\"processed\" data-lazy-info=\"remove loading item 1\"\/><\/p>\n<p class=\"paragraph\" id=\"paragraph_2\">Lo detallan estos ejecutivos en conversaci\u00f3n con este medio, precisando que el ente que preside <strong>Josep S\u00e1nchez Llibre<\/strong> \u00abse volc\u00f3\u00bb para que la Ryder superara todas las dificultades y confiara en Catalu\u00f1a. Y eso que hubo \u00abelegancia\u00bb por parte de otras comunidades aut\u00f3nomas.<\/p>\n<p class=\"paragraph\" id=\"paragraph_3\">\u00abPero si no se la quedaba Catalu\u00f1a, otras autonom\u00edas la persegu\u00edan. Euskadi estaba muy interesada. Madrid y la Comunidad Valenciana, tambi\u00e9n. Todo el mundo ten\u00eda claro que o se celebraba en Girona, o ser\u00eda en otro lugar de Espa\u00f1a\u00bb, han apostillado.<\/p>\n<p>Un &#8216;loco del golf&#8217;<\/p>\n<p class=\"paragraph\" id=\"paragraph_4\">Estas voces recuerdan que el proyecto de devolver la Ryder a Espa\u00f1a se gest\u00f3 en 2015, cuando el empresario irland\u00e9s <strong>Denis O&#8217;Brien<\/strong>, multimillonario, compr\u00f3 una mayor\u00eda de acciones del PGA Catalunya Resort, hasta entonces controlado por Vichy Catalan. Ya estaba presente desde 2008, pero alcanz\u00f3 una posici\u00f3n accionarial decisiva.\u00a0<\/p>\n<p class=\"paragraph\" id=\"paragraph_5\">Lo reform\u00f3 y reposicion\u00f3, rebautiz\u00e1ndolo como Hotel Camiral. Reabri\u00f3 en 2016 con la vitola de ser de los mejores resorts de golf de Espa\u00f1a. Pero le faltaba su bautismo de juego, la <strong>Ryder Cup<\/strong>. \u00abEra su sue\u00f1o\u00bb, explican los mismos interlocutores.<\/p>\n<p><img decoding=\"async\" alt=\"Hotel Camiral y su campo de golf\" data-imgm=\"true\" height=\"180\" loading=\"lazy\"  src=\"https:\/\/www.europesays.com\/es\/wp-content\/uploads\/2025\/07\/783932107_8347823_1024x576.jpg\"  width=\"320\"\/><\/p>\n<p>                                                            Hotel Camiral y su campo de golf<\/p>\n<p>                    FOMENT<\/p>\n<p class=\"paragraph\" id=\"paragraph_6\">Un primer intento en 2015 para acoger la Ryder en 2022 fracas\u00f3: se la llev\u00f3 Italia.\u00a0<\/p>\n<p>Dificultades con Aragon\u00e8s<\/p>\n<p class=\"paragraph\" id=\"paragraph_7\">Hubo un inter\u00edn, pero las gestiones para postularse de nuevo recomenzaron. \u00abDiscretamente\u00bb, insisten los directivos consultados, puesto que de lo contrario el torneo bienal se podr\u00eda volver a escapar.<\/p>\n<p class=\"paragraph\" id=\"paragraph_8\">Eso s\u00ed, lleg\u00f3 la pandemia del coronavirus, que oblig\u00f3 a cancelar la edici\u00f3n de 2020 y retras\u00f3 los planes de Catalu\u00f1a. En 2022, un a\u00f1o antes de que la liza transoce\u00e1nica aterrizara en el Marco Simone Golf and Country Club transalpino, la candidatura catalana cogi\u00f3 velocidad.<\/p>\n<p class=\"paragraph\" id=\"paragraph_9\">Pero hubo un problema, y es que el Govern de <strong>Pere Aragon\u00e8s<\/strong> (ERC) puso peros.<\/p>\n<p>&#8216;No&#8217; al tercer campo<\/p>\n<p class=\"paragraph\" id=\"paragraph_10\">En 2023, por ejemplo, el Ejecutivo de los independentistas <strong>vet\u00f3 la construcci\u00f3n del tercer campo en el Camiral<\/strong>, algo altamente recomendable para acoger la Ryder. Finalmente, de hecho, el cara a cara en el green de 2031 se disputar\u00e1 en dos campos: el <strong>Stadium Course<\/strong> y el Tour Course, siendo el primero el oficial.<\/p>\n<p><img decoding=\"async\" alt=\"Trofe de Ryder Cup\" height=\"180\" loading=\"lazy\" width=\"320\" data-lazy-status=\"processed\" id=\"a7f854c796\" src=\"https:\/\/cronicaglobal.elespanol.com\/business\/20250725\/empleo-foment-atraer-ryder-cup-cataluna\/[\" https:=\"\" data-lazy-info=\"changed src\"\/><\/p>\n<p class=\"paragraph\" id=\"paragraph_11\">Hubo m\u00e1s. \u00abEl Govern de Aragon\u00e8s se neg\u00f3 a provisionar los 30 millones necesarios &#8211;se pagar\u00e1n con los ingresos de la tasa tur\u00edstica&#8211; para consignar si el Gobierno no depositaba su parte\u00bb, alertan estas voces.<\/p>\n<p class=\"paragraph\" id=\"paragraph_12\">Fue aqu\u00ed, por ejemplo, <a href=\"https:\/\/cronicaglobal.elespanol.com\/business\/20230803\/foment-apela-dialogo-ryder-cup-celebre-cataluna\/783922111_0.html?utm_cmp_rs=linksinline\" target=\"_blank\" rel=\"nofollow noopener\">cuando intervino Foment<\/a>, que consigui\u00f3 por la v\u00eda de una <strong>enmienda<\/strong> presentada por el <strong>PDECat<\/strong>\u00a0en el Congreso que el Gobierno consignara 1,5 millones para impulsar la candidatura. La propuesta se acept\u00f3, y termin\u00f3 incluida en los Presupuestos Generales del Estado (PGE) de 2023. \u00abEl dinero est\u00e1\u00bb, explican fuentes cercanas a la Ryder.<\/p>\n<p>El autoboicot de ERC<\/p>\n<p class=\"paragraph\" id=\"paragraph_13\">Hubo una tercera l\u00ednea de oposici\u00f3n, m\u00e1s sibilina, y que algunos atribuyen al sector cainita de ERC. Se filtr\u00f3 a los medios la petici\u00f3n de ampliaci\u00f3n del Camiral para preparar el relato para el no del Govern de Aragon\u00e8s, y ese leak se atribuy\u00f3 a los irredentos republicanos.<\/p>\n<p class=\"paragraph\" id=\"paragraph_14\">Se buscaba torpedear la candidatura para, en teor\u00eda, contentar a las bases ecologistas de Esquerra. La excusa fue la sequ\u00eda, y hubo medios que participaron de la campa\u00f1a contraria.<\/p>\n<p class=\"paragraph\" id=\"paragraph_15\">Pero otro sector emergi\u00f3, el de los alcaldes republicanos en Girona, que son muy favorables a la competici\u00f3n y, tambi\u00e9n, muy influyentes. <strong>Se ha terminado imponiendo su criterio<\/strong>.<\/p>\n<p><img decoding=\"async\" alt=\"Pau Gasol, presentando la Ryder Cup en Camiral ayer\" data-imgm=\"true\" height=\"180\" loading=\"lazy\"  src=\"https:\/\/www.europesays.com\/es\/wp-content\/uploads\/2025\/07\/1003742677033_14930953_1024x576.jpg\"  width=\"320\"\/><\/p>\n<p>                                                            Pau Gasol, presentando la Ryder Cup en Camiral ayer<\/p>\n<p>                    Luis Miguel A\u00f1\u00f3n<\/p>\n<p>Dinero y uni\u00f3n<\/p>\n<p class=\"paragraph\" id=\"paragraph_16\">En este clima enrarecido, algunos actores, como Foment, maniobraron con su habitual discreci\u00f3n y guante de seda para \u00ab<strong>conseguir los fondos necesarios y el consenso entre Administraciones<\/strong>\u00ab. Adem\u00e1s de la enmienda a los PGE, se entiende que Foment pele\u00f3 en Madrid y Barcelona para mover voluntades.<\/p>\n<p class=\"paragraph\" id=\"paragraph_17\">La candidatura catalana dio un vuelco en 2024, cuando <strong>Salvador Illa<\/strong> gan\u00f3 las elecciones auton\u00f3micas, venciendo a Pere Aragon\u00e8s.<\/p>\n<p class=\"paragraph\" id=\"paragraph_18\">Entre otros muchos compromisos, el president socialista ha fijado dos carteras clave: retomar la ampliaci\u00f3n del <strong>Aeropuerto Josep Tarradellas Barcelona-El Prat<\/strong> y captar la Ryder Cup de 2031. Por el momento, parece haber cumplido ambas. Tambi\u00e9n desde el per\u00edmetro de las negociaciones se destaca el papel del Consejo Superior de Deportes (CSD), muy volcado en que el segundo intento catal\u00e1n viera la luz.<\/p>\n<p>Lealtad y el &#8216;conseller&#8217; Dalmau<\/p>\n<p class=\"paragraph\" id=\"paragraph_19\">En efecto, directivos implicados en las conversaciones destacan la \u00ablealtad\u00bb de los participantes entre s\u00ed. La <strong>Federaci\u00f3n Espa\u00f1ola de Golf<\/strong> respet\u00f3 la propuesta catalana, aunque se guard\u00f3 el as en la manga de Madrid por si la oposici\u00f3n pol\u00edtica cainita arruinaba el esfuerzo de Camiral.<\/p>\n<p><img decoding=\"async\" alt=\"Hotel Camiral y su campo de golf\" height=\"180\" loading=\"lazy\" width=\"320\" data-lazy-status=\"processed\" id=\"2fec992fec\" src=\"https:\/\/cronicaglobal.elespanol.com\/business\/20250725\/empleo-foment-atraer-ryder-cup-cataluna\/[\" https:=\"\" data-lazy-info=\"changed src\"\/><\/p>\n<p class=\"paragraph\" id=\"paragraph_20\">En el dif\u00edcil juego de espejos que son los contactos al m\u00e1s alto nivel, destac\u00f3 el papel del conseller de Presidencia,<strong> Albert Dalmau<\/strong>, que ejecut\u00f3 con decisi\u00f3n la voluntad del president Illa de ganar la liza.<\/p>\n<p class=\"paragraph\" id=\"paragraph_21\">Ha ocurrido, y ayer se present\u00f3 el \u00e9xito en sociedad. La gran patronal catalana <a href=\"https:\/\/www.foment.com\/foment-felicita-els-organitzadors-de-la-ryder-cup-2031-i-ho-posa-com-a-exemple-dexit-de-col%c2%b7laboracio-publicoprivada\/\" rel=\"nofollow noopener\" target=\"_blank\">emiti\u00f3 una comedida nota de felicitaci\u00f3n<\/a> que \u00abno refleja el esfuerzo realizado entre bambalinas\u00bb. Preguntada por su labor, el ente ha preferido remitirse al comunicado.<\/p>\n<p>Obras<\/p>\n<p class=\"paragraph\" id=\"paragraph_22\">Fuentes cercanas a los contactos insisten en que aunque algunos medios han citado al abogado <strong>Emilio Cuatrecasas<\/strong>\u00a0&#8212;<a href=\"https:\/\/cronicaglobal.elespanol.com\/business\/20230916\/cuatrecasas-cancela-proyecto-de-hoteles-boutique-emporda\/794920660_0.html?utm_cmp_rs=linksinline\" target=\"_blank\" rel=\"nofollow noopener\">que tiene intereses empresariales en la provincia<\/a>&#8212; y a <strong>Barcelona Global<\/strong> como facilitadores del \u00e9xito, el papel de Foment ha sido m\u00e1s preponderante.\u00a0<\/p>\n<p class=\"paragraph\" id=\"paragraph_23\">En cualquier caso, ejecutivos del sector recuerdan que \u00abse pone el cron\u00f3metro en marcha para comenzar a trabajar de cara a 2031\u00bb. Se impone preparar el resort-sede \u00aby el resto de Catalu\u00f1a, pues se prev\u00e9n actos en las cuatro provincias\u00bb para acoger el duelo en el verde en seis a\u00f1os.<\/p>\n<p class=\"paragraph\" id=\"paragraph_24\">\u00ab\u00bfElitista? En Catalu\u00f1a hay 30.000 personas federadas que practican golf. Es un regalo para ellas, pero sobre todo para todo el territorio: Santiago Ap\u00f3stol ha ayudado a Catalu\u00f1a\u00bb, apostillan las mismas voces.<\/p>\n","protected":false},"excerpt":{"rendered":"\u00abUn papel decisivo\u00bb. As\u00ed describen altos directivos del sector del golf el trabajo entre bambalinas que ha tenido&hellip;\n","protected":false},"author":2,"featured_media":4800,"comment_status":"","ping_status":"","sticky":false,"template":"","format":"standard","meta":{"footnotes":""},"categories":[275],"tags":[82,168,25,24,4321,1147,329,4320,23,167],"class_list":{"0":"post-4799","1":"post","2":"type-post","3":"status-publish","4":"format-standard","5":"has-post-thumbnail","7":"category-golf","8":"tag-business","9":"tag-deportes","10":"tag-es","11":"tag-espana","12":"tag-foment-del-treball","13":"tag-girona","14":"tag-golf","15":"tag-inversiones","16":"tag-spain","17":"tag-sports"},"share_on_mastodon":{"url":"","error":""},"_links":{"self":[{"href":"https:\/\/www.europesays.com\/es\/wp-json\/wp\/v2\/posts\/4799","targetHints":{"allow":["GET"]}}],"collection":[{"href":"https:\/\/www.europesays.com\/es\/wp-json\/wp\/v2\/posts"}],"about":[{"href":"https:\/\/www.europesays.com\/es\/wp-json\/wp\/v2\/types\/post"}],"author":[{"embeddable":true,"href":"https:\/\/www.europesays.com\/es\/wp-json\/wp\/v2\/users\/2"}],"replies":[{"embeddable":true,"href":"https:\/\/www.europesays.com\/es\/wp-json\/wp\/v2\/comments?post=4799"}],"version-history":[{"count":0,"href":"https:\/\/www.europesays.com\/es\/wp-json\/wp\/v2\/posts\/4799\/revisions"}],"wp:featuredmedia":[{"embeddable":true,"href":"https:\/\/www.europesays.com\/es\/wp-json\/wp\/v2\/media\/4800"}],"wp:attachment":[{"href":"https:\/\/www.europesays.com\/es\/wp-json\/wp\/v2\/media?parent=4799"}],"wp:term":[{"taxonomy":"category","embeddable":true,"href":"https:\/\/www.europesays.com\/es\/wp-json\/wp\/v2\/categories?post=4799"},{"taxonomy":"post_tag","embeddable":true,"href":"https:\/\/www.europesays.com\/es\/wp-json\/wp\/v2\/tags?post=4799"}],"curies":[{"name":"wp","href":"https:\/\/api.w.org\/{rel}","templated":true}]}}