{"id":47991,"date":"2025-08-14T23:38:14","date_gmt":"2025-08-14T23:38:14","guid":{"rendered":"https:\/\/www.europesays.com\/es\/47991\/"},"modified":"2025-08-14T23:38:14","modified_gmt":"2025-08-14T23:38:14","slug":"un-infarto-dos-hijos-y-varios-romances-inesperados","status":"publish","type":"post","link":"https:\/\/www.europesays.com\/es\/47991\/","title":{"rendered":"un infarto, dos hijos y varios romances inesperados"},"content":{"rendered":"<p><a href=\"https:\/\/okdiario.com\/look\/actualidad\/candela-coronado-hija-menos-conocida-jose-coronado-monica-molina-2169076\" rel=\"nofollow noopener\" target=\"_blank\"><strong>Jos\u00e9 Coronado<\/strong><\/a> cumple 68 a\u00f1os en uno de los mejores momentos de su vida, y es que adem\u00e1s de ser considerado <strong>uno de los grandes galanes del cine espa\u00f1ol<\/strong>, tambi\u00e9n atraviesa una maravillosa etapa personal junto a la actriz Irene L\u00f3pez, a la que conoc\u00eda durante el rodaje de la serie Entrev\u00edas. Adem\u00e1s, Coronado tambi\u00e9n es el orgulloso padre de dos hijos: Nicol\u00e1s, fruto de su relaci\u00f3n con Paola Domingu\u00edn; y Candela, fruto del romance con M\u00f3nica Molina. Pese a ello, y antes de sentar cabeza, tambi\u00e9n tuvo algunas parejas bastante medi\u00e1ticas como <strong>Eugenia Mart\u00ednez de Irujo<\/strong> e incluso la mism\u00edsima <strong>Isabel Pantoja<\/strong>.<\/p>\n<p>\n<img decoding=\"async\" loading=\"lazy\" class=\"wp-image-1927542 size-full\" alt=\"Jos\u00e9 Coronado\" width=\"1800\" height=\"2515\"  src=\"https:\/\/www.europesays.com\/es\/wp-content\/uploads\/2025\/08\/1754781369_613_placeholder.jpg\"  bad-src=\"https:\/\/www.europesays.com\/es\/wp-content\/uploads\/2025\/08\/1754781369_613_placeholder.jpg\"\/><\/p>\n<p><img decoding=\"async\" loading=\"lazy\" class=\"wp-image-1927542 size-full\" src=\"https:\/\/www.europesays.com\/es\/wp-content\/uploads\/2025\/08\/coronado.jpg\" alt=\"Jos\u00e9 Coronado\" width=\"1800\" height=\"2515\"  \/><\/p>\n<p> Jos\u00e9 Coronado posando. (Foto: Gtres)\n<\/p>\n<p>Hace casi una d\u00e9cada, el inesperado idilio entre la hija de la duquesa de Alba y el reconocido actor pasaba a ocupar todos los titulares. Todo, gracias a unas im\u00e1genes que publicaba en exclusiva la revista \u00a1Hola!: <strong>\u00abEstoy feliz. \u00a1Que viva el amor siempre! Lo que tenga que ser, ser\u00e1; yo ya soy un privilegiado de la vida\u00bb<\/strong>, comentaba al respecto Coronado. Un flechazo que nac\u00eda despu\u00e9s de que unos amigos les presentasen, y que se alargaba durante apenas 3 meses. \u00bfEl principal motivo de la ruptura? La gran presi\u00f3n medi\u00e1tica a la que se vieron sometidos.<\/p>\n<p>\n<img decoding=\"async\" loading=\"lazy\" class=\"wp-image-2273814 size-full\" alt=\"Eugenia Mart\u00ednez de Irujo en Sevilla. (Foto: Gtres)\" width=\"1684\" height=\"2560\"  src=\"https:\/\/www.europesays.com\/es\/wp-content\/uploads\/2025\/08\/1754781369_613_placeholder.jpg\"  bad-src=\"https:\/\/www.europesays.com\/es\/wp-content\/uploads\/2025\/08\/1754781369_613_placeholder.jpg\"\/><\/p>\n<p><img decoding=\"async\" loading=\"lazy\" class=\"wp-image-2273814 size-full\" src=\"https:\/\/www.europesays.com\/es\/wp-content\/uploads\/2025\/08\/u580683_005-1-scaled.jpg\" alt=\"Eugenia Mart\u00ednez de Irujo en Sevilla. (Foto: Gtres)\" width=\"1684\" height=\"2560\"  \/><\/p>\n<p> Eugenia Mart\u00ednez de Irujo en Sevilla. (Foto: Gtres)\n<\/p>\n<p>Del mismo modo, el nombre del actor siempre se ha ligado con el de Isabel Pantoja, con la que <strong>coincid\u00eda durante el rodaje de la pel\u00edcula Yo soy esa<\/strong>, de 1990. Y a pesar de que Coronado jam\u00e1s lleg\u00f3 a pronunciarse p\u00fablicamente sobre el tema, s\u00ed que lo hizo Paola Domingu\u00edn, la madre de su hijo Nicol\u00e1s.<\/p>\n<p>\u00abMe dijo: <a href=\"https:\/\/okdiario.com\/look\/actualidad\/filo-70-rodeada-incognitas-otro-cumpleanos-incierto-isabel-pantoja-2348857\" rel=\"nofollow noopener\" target=\"_blank\">Estoy enamorado de Isabel<\/a>. Y le respond\u00ed: Pues disfruta y adi\u00f3s muy buenas\u00bb. Lo que ella describe como un aut\u00e9ntico dram\u00f3n. \u00abYo estaba enamorada de \u00e9l, pero lo acept\u00e9\u2026 Si est\u00e1s enamorado, a disfrutarlo\u00bb, alegaba sobre el motivo que le llev\u00f3 a dar por terminada su relaci\u00f3n.<\/p>\n<p>\n<img decoding=\"async\" loading=\"lazy\" class=\"wp-image-2307946 size-full\" alt=\"Isa Pantoja\" width=\"1800\" height=\"1013\"  src=\"https:\/\/www.europesays.com\/es\/wp-content\/uploads\/2025\/08\/1754781369_613_placeholder.jpg\"  bad-src=\"https:\/\/www.europesays.com\/es\/wp-content\/uploads\/2025\/08\/1754781369_613_placeholder.jpg\"\/><\/p>\n<p><img decoding=\"async\" loading=\"lazy\" class=\"wp-image-2307946 size-full\" src=\"https:\/\/www.europesays.com\/es\/wp-content\/uploads\/2025\/08\/fotojet-2025-06-04t122758.743.jpg\" alt=\"Isa Pantoja\" width=\"1800\" height=\"1013\"  \/><\/p>\n<p> Isabel Pantoja durante un concierto. (Foto: Gtres)\n<\/p>\n<p>Al margen de su vida persona, Coronado puede presumir de <strong>haber protagonizado m\u00e1s de 100 pel\u00edculas y series<\/strong>, adem\u00e1s de haber ganado dos Premios Goya. Sin embargo, y pese a los baches de salud a los que se ha enfrentado, no parece que tenga intenci\u00f3n de retirarse. Aunque, eso s\u00ed, busca trabajar en proyectos que le mejoren como actor y que le permitan tambi\u00e9n pasar m\u00e1s tiempo con sus hijos.<\/p>\n<p>De hecho, actualmente triunfa en Netflix con un impactante thriller en el que busca venganza. <strong>\u00abYo no so\u00f1aba con ser actor, as\u00ed que todo esto es como un regalo\u00bb<\/strong>, confiesa en una reciente entrevista concedida a Lecturas. \u00abDe los errores que he cometido no me arrepiento nunca, porque mis trabajos malos me han ense\u00f1ado a buscarme la vida\u00bb.<\/p>\n<p>\n<img decoding=\"async\" loading=\"lazy\" class=\"size-medium wp-image-1926951\" alt=\"Sara S\u00e1lamo opini\u00f3n, Carlos Vermut denuncias, Jos\u00e9 Coronado Carlos Vermut, Sara S\u00e1lamo y Jos\u00e9 Coronado\" width=\"620\" height=\"413\"  src=\"https:\/\/www.europesays.com\/es\/wp-content\/uploads\/2025\/08\/1754781369_613_placeholder.jpg\"  bad-src=\"https:\/\/www.europesays.com\/es\/wp-content\/uploads\/2025\/08\/1754781369_613_placeholder.jpg\"\/><\/p>\n<p><img decoding=\"async\" loading=\"lazy\" class=\"size-medium wp-image-1926951\" src=\"https:\/\/www.europesays.com\/es\/wp-content\/uploads\/2025\/08\/coronado-620x413.jpg\" alt=\"Sara S\u00e1lamo opini\u00f3n, Carlos Vermut denuncias, Jos\u00e9 Coronado Carlos Vermut, Sara S\u00e1lamo y Jos\u00e9 Coronado\" width=\"620\" height=\"413\"  \/><\/p>\n<p> Jos\u00e9 Coronado en el photocall de la 11\u00ba edici\u00f3n de los Premios Feroz en Madrid. (Foto: Gtres)\n<\/p>\n<p>Y m\u00e1s despu\u00e9s de haber estado al borde la muerte hasta en dos ocasiones. La primera, en su juventud, cuando casi pierde la vida al lanzarse en paraca\u00eddas. \u00abDije que quer\u00eda abrir yo el paraca\u00eddas, y hubo un demente que me dej\u00f3 tirarme. Cuando lo hice, no se abr\u00eda.<strong> Tuve un minuto y pico en ca\u00edda libre y acab\u00e9 abriendo el de seguridad.<\/strong> Tres o cuatro segundos m\u00e1s de ca\u00edda, y no estar\u00eda aqu\u00ed\u00bb. Posteriormente, en 2017 el actor sufr\u00eda un infarto, que requer\u00eda de una intervenci\u00f3n urgente.<\/p>\n","protected":false},"excerpt":{"rendered":"Jos\u00e9 Coronado cumple 68 a\u00f1os en uno de los mejores momentos de su vida, y es que adem\u00e1s&hellip;\n","protected":false},"author":2,"featured_media":47992,"comment_status":"","ping_status":"","sticky":false,"template":"","format":"standard","meta":{"footnotes":""},"categories":[174],"tags":[255,146,147,25,24,256,21828,23],"class_list":{"0":"post-47991","1":"post","2":"type-post","3":"status-publish","4":"format-standard","5":"has-post-thumbnail","7":"category-famosos","8":"tag-celebrities","9":"tag-entertainment","10":"tag-entretenimiento","11":"tag-es","12":"tag-espana","13":"tag-famosos","14":"tag-jose-coronado","15":"tag-spain"},"share_on_mastodon":{"url":"","error":""},"_links":{"self":[{"href":"https:\/\/www.europesays.com\/es\/wp-json\/wp\/v2\/posts\/47991","targetHints":{"allow":["GET"]}}],"collection":[{"href":"https:\/\/www.europesays.com\/es\/wp-json\/wp\/v2\/posts"}],"about":[{"href":"https:\/\/www.europesays.com\/es\/wp-json\/wp\/v2\/types\/post"}],"author":[{"embeddable":true,"href":"https:\/\/www.europesays.com\/es\/wp-json\/wp\/v2\/users\/2"}],"replies":[{"embeddable":true,"href":"https:\/\/www.europesays.com\/es\/wp-json\/wp\/v2\/comments?post=47991"}],"version-history":[{"count":0,"href":"https:\/\/www.europesays.com\/es\/wp-json\/wp\/v2\/posts\/47991\/revisions"}],"wp:featuredmedia":[{"embeddable":true,"href":"https:\/\/www.europesays.com\/es\/wp-json\/wp\/v2\/media\/47992"}],"wp:attachment":[{"href":"https:\/\/www.europesays.com\/es\/wp-json\/wp\/v2\/media?parent=47991"}],"wp:term":[{"taxonomy":"category","embeddable":true,"href":"https:\/\/www.europesays.com\/es\/wp-json\/wp\/v2\/categories?post=47991"},{"taxonomy":"post_tag","embeddable":true,"href":"https:\/\/www.europesays.com\/es\/wp-json\/wp\/v2\/tags?post=47991"}],"curies":[{"name":"wp","href":"https:\/\/api.w.org\/{rel}","templated":true}]}}