{"id":48021,"date":"2025-08-14T23:57:14","date_gmt":"2025-08-14T23:57:14","guid":{"rendered":"https:\/\/www.europesays.com\/es\/48021\/"},"modified":"2025-08-14T23:57:14","modified_gmt":"2025-08-14T23:57:14","slug":"un-ano-de-sancion-al-ciclista-espanol-edgar-carballo-por-acoso-sexual-a-la-ciclista-ares-marti","status":"publish","type":"post","link":"https:\/\/www.europesays.com\/es\/48021\/","title":{"rendered":"Un a\u00f1o de sanci\u00f3n al ciclista espa\u00f1ol Edgar Carballo por acoso sexual a la ciclista Ares Mart\u00ed"},"content":{"rendered":"<p>11\/08\/2025<br \/>\n<br \/><strong><br \/>\nActualizado 12\/08\/2025 a las 11:07h.<br \/>\n<\/strong><\/p>\n<p class=\"voc-p\" style=\"\">La <a href=\"https:\/\/www.uci.org\/pressrelease\/the-uci-ethics-commission-issues-a-decision-concerning-mr-edgar-carballo\/1bCp7PBThJ7O5AGHZtSbif\" target=\"_self\" data-voc-vtm-id=\"in-text-traffic\" title=\"Uni\u00f3n Ciclista Internacional (UCI) ha hecho p\u00fablica este lunes una sanci\u00f3n\" data-mrf-link=\"www.uci.org\" rel=\"nofollow noopener\">Uni\u00f3n Ciclista Internacional (UCI) ha hecho p\u00fablica este lunes una sanci\u00f3n<\/a> por la cual el ciclista canario <strong>Edgar Carballo<\/strong> (36 a\u00f1os) queda suspendido durante un a\u00f1o por haber acosado sexualmente a otra corredora,  la catalana <strong>Ares Masip<\/strong>, que present\u00f3 una denuncia an\u00f3nima ante el citado organismo deportivo.<\/p>\n<p class=\"voc-p\" style=\"\">La Comisi\u00f3n de \u00c9tica de la UCI, que act\u00faa independientemente de la administraci\u00f3n de la federaci\u00f3n internacional, justifica la decisi\u00f3n aseverando que Carballo, pentacampe\u00f3n de Espa\u00f1a de enduro, en base al art\u00edculo 6.4 del <strong>C\u00f3digo de Deontolog\u00eda de la UCI<\/strong> (protecci\u00f3n de la integridad f\u00edsica y mental) y del p\u00e1rrafo 3 del art\u00edculo 2.3 (acoso sexual) del ap\u00e9ndice 1 de dicho C\u00f3digo<\/p>\n<p class=\"voc-p\" style=\"\">El proceso se produjo a ra\u00edz de una denuncia presentada por otra ciclista a trav\u00e9s de la plataforma de informaci\u00f3n confidencial de la UCI, UCI SpeakUp, informando de un incidente de car\u00e1cter sexual ocurrido en su furgoneta, que se encontraba en la zona oficial de aparcamiento de un evento de la <strong>Copa del Mundo de enduro en Leogang (Austria<\/strong>) en junio de 2023.<\/p>\n<p class=\"voc-p\" style=\"\">Seg\u00fan publica el portal especializado &#8216;ciclo21&#8217;, \u00abAres Masip denunci\u00f3, mediante un v\u00eddeo en su cuenta de Instagram, que fue abusada sexualmente en el paddock de la Copa del Mundo de enduro 2023 por parte de Carballo, aunque en aquel momento no desvel\u00f3 su identidad. En la denuncia, la subcampeona de Espa\u00f1a de enduro contaba que tras la competici\u00f3n, mientras ella dorm\u00eda en la furgoneta, lleg\u00f3 el agresor e intent\u00f3 forzarla a mantener relaciones sexuales\u00bb.<\/p>\n<p class=\"voc-p\" style=\"\">En diciembre de 2024, Ares public\u00f3 un v\u00eddeo en su cuenta de Instagram relatando los ocurrido:<\/p>\n<p class=\"voc-p\" style=\"\">\u00abYo me negu\u00e9 desde el primer momento \u2014relata Masip\u2014. <strong>\u00c9l no paraba de frotar su pene por mi cuerpo, me intentaba besar y no paraba de insistir<\/strong>. Yo s\u00f3lo le ped\u00eda que parase, que no quer\u00eda, Quise gritar, apartarlo o irme. \u00c9l me tap\u00f3 la boca, me cogi\u00f3 de los brazos y me estuvo repitiendo que me violar\u00eda mientras me intentaba desnudar\u00bb. Tras lo sucedido, Ares Masip intent\u00f3 olvidarlo y no publicar su denuncia abiertamente, pero cambi\u00f3 de parecer al enterarse de que su agresor trat\u00f3 de abusar tambi\u00e9n de otra compa\u00f1era, y denunci\u00f3, en un primer momento de forma an\u00f3nima, lo sucedido.<\/p>\n<p class=\"voc-p\" style=\"\">Seg\u00fan la resoluci\u00f3n de la UCI, que puede ser recurrida ante el Tribunal de Arbitraje Deportivo (TAS),  Edgar Carballo queda suspendido durante un a\u00f1o \u00abde todas las actividades relacionadas con el ciclismo\u00bb. Adem\u00e1s, la UCI reafirma con esta decisi\u00f3n \u00absu compromiso inquebrantable de proteger la integridad del ciclismo y <strong>garantizar un entorno seguro para todos<\/strong>\u00bb. <\/p>\n<p class=\"voc-p\" style=\"\">La ciclista agredida ha presentando tambi\u00e9n la correspondiente denuncia en un juzgado.<\/p>\n<p>Reportar un error<\/p>\n","protected":false},"excerpt":{"rendered":"11\/08\/2025 Actualizado 12\/08\/2025 a las 11:07h. La Uni\u00f3n Ciclista Internacional (UCI) ha hecho p\u00fablica este lunes una sanci\u00f3n&hellip;\n","protected":false},"author":2,"featured_media":48022,"comment_status":"","ping_status":"","sticky":false,"template":"","format":"standard","meta":{"footnotes":""},"categories":[273],"tags":[11971,1611,16102,10507,313,1757,312,168,20727,25,24,1489,10407,18800,9129,23,167],"class_list":{"0":"post-48021","1":"post","2":"type-post","3":"status-publish","4":"format-standard","5":"has-post-thumbnail","7":"category-ciclismo","8":"tag-agresion","9":"tag-ano","10":"tag-ares","11":"tag-carballo","12":"tag-ciclismo","13":"tag-ciclista","14":"tag-cycling","15":"tag-deportes","16":"tag-edgar","17":"tag-es","18":"tag-espana","19":"tag-espanol","20":"tag-marti","21":"tag-sancion","22":"tag-sexual","23":"tag-spain","24":"tag-sports"},"share_on_mastodon":{"url":"","error":""},"_links":{"self":[{"href":"https:\/\/www.europesays.com\/es\/wp-json\/wp\/v2\/posts\/48021","targetHints":{"allow":["GET"]}}],"collection":[{"href":"https:\/\/www.europesays.com\/es\/wp-json\/wp\/v2\/posts"}],"about":[{"href":"https:\/\/www.europesays.com\/es\/wp-json\/wp\/v2\/types\/post"}],"author":[{"embeddable":true,"href":"https:\/\/www.europesays.com\/es\/wp-json\/wp\/v2\/users\/2"}],"replies":[{"embeddable":true,"href":"https:\/\/www.europesays.com\/es\/wp-json\/wp\/v2\/comments?post=48021"}],"version-history":[{"count":0,"href":"https:\/\/www.europesays.com\/es\/wp-json\/wp\/v2\/posts\/48021\/revisions"}],"wp:featuredmedia":[{"embeddable":true,"href":"https:\/\/www.europesays.com\/es\/wp-json\/wp\/v2\/media\/48022"}],"wp:attachment":[{"href":"https:\/\/www.europesays.com\/es\/wp-json\/wp\/v2\/media?parent=48021"}],"wp:term":[{"taxonomy":"category","embeddable":true,"href":"https:\/\/www.europesays.com\/es\/wp-json\/wp\/v2\/categories?post=48021"},{"taxonomy":"post_tag","embeddable":true,"href":"https:\/\/www.europesays.com\/es\/wp-json\/wp\/v2\/tags?post=48021"}],"curies":[{"name":"wp","href":"https:\/\/api.w.org\/{rel}","templated":true}]}}