{"id":480309,"date":"2026-04-03T11:33:20","date_gmt":"2026-04-03T11:33:20","guid":{"rendered":"https:\/\/www.europesays.com\/es\/480309\/"},"modified":"2026-04-03T11:33:20","modified_gmt":"2026-04-03T11:33:20","slug":"muere-un-matrimonio-en-valencia-por-la-mala-combustion-de-su-calentador","status":"publish","type":"post","link":"https:\/\/www.europesays.com\/es\/480309\/","title":{"rendered":"Muere un matrimonio en Val\u00e8ncia por la mala combusti\u00f3n de su calentador"},"content":{"rendered":"<p class=\"ft-text\">Un <strong>matrimonio chino ha fallecido esta madrugada en su piso de Val\u00e8ncia<\/strong>, al parecer, por una <a class=\"ft-link ft-link--decoration\" href=\"https:\/\/www.levante-emv.com\/sucesos\/2025\/12\/25\/muere-nino-12-anos-posible-intoxicacion-monoxido-palencia-125136819.html\" rel=\"nofollow noopener\" target=\"_blank\"><strong>intoxicaci\u00f3n con gas<\/strong><\/a>. Todo apunta a una <strong>mala combusti\u00f3n de un calentador<\/strong>, ya que no se han apreciado signos de violencia ni en los cuerpos ni en la vivienda.<\/p>\n<p class=\"ft-text\">Se trata de una pareja de avanzada edad que resid\u00eda en <a class=\"ft-link ft-link--decoration\" href=\"https:\/\/www.levante-emv.com\/videos\/sucesos\/2026\/04\/03\/matrimonio-muere-valencia-mala-combustion-128716113.html\" rel=\"nofollow noopener\" target=\"_blank\">un piso de su propiedad, ubicado en la avenida de Giorgeta n\u00famero 25, <\/a><a class=\"ft-link ft-link--decoration\" href=\"https:\/\/www.levante-emv.com\/videos\/sucesos\/2026\/04\/03\/matrimonio-muere-valencia-mala-combustion-128716113.html\" rel=\"nofollow noopener\" target=\"_blank\"><strong>en Arrancapins<\/strong><\/a>, y ha sido <strong>un familiar quien se ha topado con la macabra escena <\/strong>cuando ha acudido al domicilio, al ver que nadie respond\u00eda a las llamadas.<\/p>\n<p class=\"ft-text\">Los fallecidos, de avanzada edad y que al parecer llevaban d\u00e9cadas residiendo en Val\u00e8ncia <strong>han sido encontrados juntos, en el cuarto de ba\u00f1o de la casa<\/strong>, concretamente, en el espacio de la ducha.<\/p>\n<p>Homicidios investiga el caso<\/p>\n<p class=\"ft-text\">Seg\u00fan las primeras investigaciones recogidas por el grupo de Homicidios de la Polic\u00eda Nacional, que se ha hecho cargo del caso a pesar de que no hay se\u00f1ales de una muerte violenta provocada, el fallecimiento ha debido producirse por <strong>una <\/strong><a class=\"ft-link ft-link--decoration\" href=\"https:\/\/www.levante-emv.com\/sucesos\/2024\/01\/13\/muerto-tres-intoxicados-inhalacion-gas-orriols-valencia-96851329.html\" rel=\"nofollow noopener\" target=\"_blank\"><strong>mala combusti\u00f3n del calentador<\/strong><\/a><strong>, colocado en ese cuarto de ba\u00f1o<\/strong>.<\/p>\n<p class=\"ft-text\">Los <strong>primeros indicios apuntan a una mala instalaci\u00f3n del equipo<\/strong>, recientemente puesto y que habr\u00eda provocado que quemase mal y generase elevadas cantidades de mon\u00f3xido de carbono, un gas letal para los humanos que provoca la muerte en pocos minutos y que no suele ser percibido porque no tiene olor.<\/p>\n<p class=\"ft-text\">La <strong>presencia de mon\u00f3xido en un espacio cerrado genera primero malestar y mareos y una progresiva p\u00e9rdida de conciencia <\/strong>ante la que suele ser muy dif\u00edcil reaccionar. En este caso, adem\u00e1s, ambos miembros del matrimonio <strong>estaban en la ducha y con la puerta del cuarto de ba\u00f1o cerrada<\/strong>, lo que propici\u00f3 esa llamada <a class=\"ft-link ft-link--decoration\" href=\"https:\/\/www.levante-emv.com\/sucesos\/2007\/11\/27\/muerte-dulce-llega-inhalar-monoxido-13506481.html\" rel=\"nofollow noopener\" target=\"_blank\">muerte dulce<\/a> sin que, al parecer, ninguno se diera cuenta de lo que estaba sucediendo.<\/p>\n<p><img decoding=\"async\" src=\"https:\/\/www.europesays.com\/es\/wp-content\/uploads\/2026\/04\/c336ae51-899e-43e9-93b5-a8044bcc08d9_alta-libre-aspect-ratio_default_0_x1024y455.jpg\" width=\"1200\" height=\"800\" alt=\"El matrimonio fallecido en Val\u00e8ncia fue hallado en el cuarto de ba\u00f1o, donde estaba instalado el calentador.\" class=\"ft-helper-img-rd\" loading=\"lazy\" fetchpriority=\"auto\"\/><\/p>\n<p class=\"ft-helper-fontColor-quaternary ft-helper-fontSize-body-S ft-helper-spacer-t-xxs\">El matrimonio fallecido en Val\u00e8ncia fue hallado en el cuarto de ba\u00f1o, donde estaba instalado el calentador.  \/ Fernando Bustamante<\/p>\n<p>Los servicios sanitarios no han llegado a intervenir<\/p>\n<p class=\"ft-text\">Nada m\u00e1s darse a voz de alarma en el tel\u00e9fono de emergencias 112, han acudido patrullas de la Polic\u00eda Nacional y, a continuaci\u00f3n, medios sanitarios, que ni siquiera han llegado a intervenir, as\u00ed como <strong>el forense de guardia, quien ha certificado las muertes <\/strong>y ha confirmado que todas las se\u00f1ales apuntan a un fallecimiento accidental por mon\u00f3xido de carbono.<\/p>\n<p class=\"ft-text\">Los dos cad\u00e1veres han sido levantados y trasladados al Instituto de Medicina Legal de Val\u00e8ncia, donde <strong>se les practicar\u00e1 la autopsia <\/strong>judicial para confirmar la causa de la muerte y poder entregar los cuerpos a sus familiares, residentes tambi\u00e9n en Val\u00e8ncia.<\/p>\n","protected":false},"excerpt":{"rendered":"Un matrimonio chino ha fallecido esta madrugada en su piso de Val\u00e8ncia, al parecer, por una intoxicaci\u00f3n con&hellip;\n","protected":false},"author":2,"featured_media":480310,"comment_status":"","ping_status":"","sticky":false,"template":"","format":"standard","meta":{"footnotes":""},"categories":[5],"tags":[17,18,66031,25,10558,24,13,14,4180,11,2129,19,20,4879,6019,8938,9,10,15,16,11739,23,12,21,22,235],"class_list":["post-480309","post","type-post","status-publish","format-standard","has-post-thumbnail","category-titulares","tag-breaking-news","tag-breakingnews","tag-combustion","tag-es","tag-espacio","tag-espana","tag-featured-news","tag-featurednews","tag-gas","tag-headlines","tag-homicidios","tag-latest-news","tag-latestnews","tag-mala","tag-matrimonio","tag-muere","tag-news","tag-noticias","tag-noticias-destacadas","tag-noticiasdestacadas","tag-policia-nacional","tag-spain","tag-titulares","tag-ultimas-noticias","tag-ultimasnoticias","tag-valencia"],"share_on_mastodon":{"url":"https:\/\/pubeurope.com\/@es\/116340562805597506","error":""},"_links":{"self":[{"href":"https:\/\/www.europesays.com\/es\/wp-json\/wp\/v2\/posts\/480309","targetHints":{"allow":["GET"]}}],"collection":[{"href":"https:\/\/www.europesays.com\/es\/wp-json\/wp\/v2\/posts"}],"about":[{"href":"https:\/\/www.europesays.com\/es\/wp-json\/wp\/v2\/types\/post"}],"author":[{"embeddable":true,"href":"https:\/\/www.europesays.com\/es\/wp-json\/wp\/v2\/users\/2"}],"replies":[{"embeddable":true,"href":"https:\/\/www.europesays.com\/es\/wp-json\/wp\/v2\/comments?post=480309"}],"version-history":[{"count":0,"href":"https:\/\/www.europesays.com\/es\/wp-json\/wp\/v2\/posts\/480309\/revisions"}],"wp:featuredmedia":[{"embeddable":true,"href":"https:\/\/www.europesays.com\/es\/wp-json\/wp\/v2\/media\/480310"}],"wp:attachment":[{"href":"https:\/\/www.europesays.com\/es\/wp-json\/wp\/v2\/media?parent=480309"}],"wp:term":[{"taxonomy":"category","embeddable":true,"href":"https:\/\/www.europesays.com\/es\/wp-json\/wp\/v2\/categories?post=480309"},{"taxonomy":"post_tag","embeddable":true,"href":"https:\/\/www.europesays.com\/es\/wp-json\/wp\/v2\/tags?post=480309"}],"curies":[{"name":"wp","href":"https:\/\/api.w.org\/{rel}","templated":true}]}}