{"id":480756,"date":"2026-04-03T17:37:27","date_gmt":"2026-04-03T17:37:27","guid":{"rendered":"https:\/\/www.europesays.com\/es\/480756\/"},"modified":"2026-04-03T17:37:27","modified_gmt":"2026-04-03T17:37:27","slug":"archie-el-hijo-mayor-de-meghan-y-harry-tras-los-pasos-de-su-padre","status":"publish","type":"post","link":"https:\/\/www.europesays.com\/es\/480756\/","title":{"rendered":"Archie, el hijo mayor de Meghan y Harry, tras los pasos de su padre"},"content":{"rendered":"<p style=\"\">Meghan Markle ha compartido un simp\u00e1tico v\u00eddeo del Pr\u00edncipe Harry bajando por la nieve y ense\u00f1ando a su hijo a esquiar. El peque\u00f1o Archie, que tiene ya seis a\u00f1os, demuestra c\u00f3mo de aventurero es y lo bien que se le da este deporte. \u00abMis chicos\u00bb,  &#8230; escribe la exactriz de &#8216;Suits&#8217; en la publicaci\u00f3n, en donde asegura que el mayor de sus hijos puede <strong>presumir de \u00abaprendizaje r\u00e1pido\u00bb<\/strong>. <\/p>\n<p class=\"v-d-p\" style=\"\">\u00abMuy orgullosa\u00bb, comparte Meghan Markle, que parece estar esquiando ella misma para seguir al <strong>Pr\u00edncipe Harry y Archie deslizarse por la monta\u00f1a<\/strong>. A quien no se ve en el v\u00eddeo es a la peque\u00f1a Lilibet, que el pr\u00f3ximo mes de junio cumplir\u00e1 los 5 a\u00f1os, por lo que ya tiene edad para empezar a esquiar pero quiz\u00e1s a\u00fan no lo haga con tanta libertad como su hermano mayor.<\/p>\n<p class=\"v-d-p\" style=\"\">No se sabe cu\u00e1ndo se tom\u00f3 el v\u00eddeo, puesto que la \u00faltima informaci\u00f3n que se tiene sobre la familia esquiando fue el pasado mes de diciembre, pero solo estaba Harry. Meghan y los ni\u00f1os se quedaron en casa mientras el Pr\u00edncipe se deslizaba por las pistas con su amigo argentino, <strong>Nacho Figuras<\/strong>, en Aspen, Colorado. Teniendo en cuenta la cercan\u00eda con California, esta es la opci\u00f3n m\u00e1s probable, aunque les separan m\u00e1s de 1.500 kil\u00f3metros. <\/p>\n<p class=\"v-d-p\" style=\"\">Pero este mismo mi\u00e9rcoles, la Duquesa de Sussex fue fotografiada comprando algunos juguetes en Montecito, en California, cerca de su residencia. Entre ellos, como ha se\u00f1alado la cuenta &#8216;DeuxMoi&#8217;, unos &#8216;Sea Monkeys&#8217;, que en Espa\u00f1a se conocen como Aqua Dragons. Estos son una especie de crust\u00e1ceo braqui\u00f3podo llamado Artemia salina que se &#8216;cultiva&#8217; en un peque\u00f1o tanque de agua y sirve como una primera mascota para los m\u00e1s peque\u00f1os.<\/p>\n<p class=\"v-d-p\" style=\"\">\u00abEstaba cogiendo <strong>regalos de Pascua<\/strong> para sus hijos y sus ahijados\u00bb, cont\u00f3 una fuente cercana a &#8216;People&#8217;. \u00abEstuvo all\u00ed durante un buen rato, hablando con los trabajadores y seleccionando las cosas\u00bb, a\u00f1adi\u00f3. Por supuesto, como todo lo que hace Meghan Markle, esto ha supuesto que algunos de los m\u00e1s cr\u00edticos usuarios de redes sociales pongan en tela de juicio su criterio como madre por regalar a sus hijos seres vivos. <\/p>\n<ul class=\"v-cmp-rld__u\">\n<li class=\"v-cmp-rld__l\">\n<p><a class=\"v-a-lnk\" href=\"http:\/\/www.abc.es\/gente\/terremoto-sacude-vida-harry-juicio-tabloides-desvela-20260402101854-nt.html#vtm_modulosEngag=noticiasrelacionadas-cmp-uno:gente:noticia:1\" title=\"Un terremoto sacude a Harry: su juicio contra los tabloides desvela su relaci\u00f3n con una periodista\" data-voc-vtm-id=\"in-text-traffic\" rel=\"nofollow noopener\" target=\"_blank\"><br \/>\n<img decoding=\"async\" loading=\"lazy\" src=\"https:\/\/www.europesays.com\/es\/wp-content\/uploads\/2026\/04\/harry-U30023828231JjS-366x256@diario_abc.jpg\" class=\"v-a-img\" width=\"258\" height=\"180\" alt=\"Un terremoto sacude a Harry: su juicio contra los tabloides desvela su relaci\u00f3n con una periodista\"\/><br \/>\n<\/a><\/p>\n<\/li>\n<\/ul>\n<p>\nMomento convulso para la familia\n<\/p>\n<p class=\"v-d-p\" style=\"\">Es un momento convulso para la familia. Esta semana el testimonio de Harry en su <a href=\"https:\/\/www.abc.es\/gente\/principe-harry-borde-lagrimas-vida-meghan-absoluta-20260121191101-nt.html\" target=\"_self\" data-voc-vtm-id=\"in-text-traffic\" title=\"juicio contra los tabloides\" data-mrf-link=\"www.abc.es\" rel=\"nofollow noopener\">juicio contra los tabloides<\/a> brit\u00e1nicos ha sido puesto en duda tras descubrirse los mensajes que mand\u00f3 a una periodista. Estos demostrar\u00edan que hab\u00eda tenido una relaci\u00f3n como m\u00ednimo amistosa, lo cual significar\u00eda que Associated Papers podr\u00eda alegar que sus fuentes eran, en efecto, del c\u00edrculo del Pr\u00edncipe y no ilegales. <\/p>\n<p class=\"v-d-p\" style=\"\">Mientras en los c\u00edrculos &#8216;reales&#8217; de Reino Unido se especula la posibilidad de que los Duques de Sussex viajen al pa\u00eds este verano. Supuestamente el Pr\u00edncipe habr\u00eda pedido a su padre, Carlos III, que les recibiera en Sandringham para pasar las vacaciones.<\/p>\n","protected":false},"excerpt":{"rendered":"Meghan Markle ha compartido un simp\u00e1tico v\u00eddeo del Pr\u00edncipe Harry bajando por la nieve y ense\u00f1ando a su&hellip;\n","protected":false},"author":2,"featured_media":480757,"comment_status":"","ping_status":"","sticky":false,"template":"","format":"standard","meta":{"footnotes":""},"categories":[91],"tags":[98157,146,147,25,24,12144,30,31,20545,39,7442,23,575],"class_list":["post-480756","post","type-post","status-publish","format-standard","has-post-thumbnail","category-entretenimiento","tag-archie","tag-entertainment","tag-entretenimiento","tag-es","tag-espana","tag-harry","tag-hijo","tag-mayor","tag-meghan","tag-padre","tag-pasos","tag-spain","tag-tras"],"share_on_mastodon":{"url":"https:\/\/pubeurope.com\/@es\/116341994094066431","error":""},"_links":{"self":[{"href":"https:\/\/www.europesays.com\/es\/wp-json\/wp\/v2\/posts\/480756","targetHints":{"allow":["GET"]}}],"collection":[{"href":"https:\/\/www.europesays.com\/es\/wp-json\/wp\/v2\/posts"}],"about":[{"href":"https:\/\/www.europesays.com\/es\/wp-json\/wp\/v2\/types\/post"}],"author":[{"embeddable":true,"href":"https:\/\/www.europesays.com\/es\/wp-json\/wp\/v2\/users\/2"}],"replies":[{"embeddable":true,"href":"https:\/\/www.europesays.com\/es\/wp-json\/wp\/v2\/comments?post=480756"}],"version-history":[{"count":0,"href":"https:\/\/www.europesays.com\/es\/wp-json\/wp\/v2\/posts\/480756\/revisions"}],"wp:featuredmedia":[{"embeddable":true,"href":"https:\/\/www.europesays.com\/es\/wp-json\/wp\/v2\/media\/480757"}],"wp:attachment":[{"href":"https:\/\/www.europesays.com\/es\/wp-json\/wp\/v2\/media?parent=480756"}],"wp:term":[{"taxonomy":"category","embeddable":true,"href":"https:\/\/www.europesays.com\/es\/wp-json\/wp\/v2\/categories?post=480756"},{"taxonomy":"post_tag","embeddable":true,"href":"https:\/\/www.europesays.com\/es\/wp-json\/wp\/v2\/tags?post=480756"}],"curies":[{"name":"wp","href":"https:\/\/api.w.org\/{rel}","templated":true}]}}