{"id":48081,"date":"2025-08-15T00:36:11","date_gmt":"2025-08-15T00:36:11","guid":{"rendered":"https:\/\/www.europesays.com\/es\/48081\/"},"modified":"2025-08-15T00:36:11","modified_gmt":"2025-08-15T00:36:11","slug":"twitter-para-otro-momento-ahora-mismo-corresponde-ayudar","status":"publish","type":"post","link":"https:\/\/www.europesays.com\/es\/48081\/","title":{"rendered":"&#8216;Twitter para otro momento, ahora mismo corresponde ayudar&#8217;"},"content":{"rendered":"<p><b>Isabel D\u00edaz Ayuso<\/b> rechaza la bronca pol\u00edtica originada por los incendios. En una visita a la zona incendiada de Tres Cantos, en Madrid, la presidenta regional ha criticado este jueves la pol\u00e9mica a cuenta de los incendios forestales declarados en los \u00faltimos d\u00edas en Espa\u00f1a<b>, ya que es el momento de \u00abayudar\u00bb y \u00abcolaborar\u00bb.<\/b><\/p>\n<p>\u00abCreo que el Twitter hay que dejarlo para otro momento, y ahora mismo colaborar y ayudar\u00bb, ha se\u00f1alado D\u00edaz Ayuso, que ha reaparecido este jueves tras un par\u00f3n estival en una visita a las zonas m\u00e1s afectadas por el incendio declarado el pasado lunes en la localidad madrile\u00f1a de Tres Cantos.<\/p>\n<p>Tas el choque entre el Gobierno y el PP por la gesti\u00f3n de los incendios, D\u00edaz Ayuso ha dicho que <b>no corresponde el rifirrafe pol\u00edtico en este momento<\/b>. \u00abLo primero, ayudar a todos los ciudadanos, vivan donde vivan, sean de quienes sean los montes, porque vuelvo a insistir que son de todos\u00bb, ha recalcado.\u00a0\u00abLo que tenemos que hacer es ponernos a la altura, ayudar, cooperar, salvar vidas, proteger y luego ya, pasarnos las facturas\u00bb, ha subrayado.<\/p>\n<p>Para la presidenta madrile\u00f1a, es necesario poner todos los medios a disposici\u00f3n de las comunidades aut\u00f3nomas porque los incendios \u00abson de todos, que el patrimonio natural es de todos, los bosques son de todos\u00bb.\u00a0<b>\u00abCada vez que hay una cat\u00e1strofe estamos a Twitter, y no es momento\u00bb<\/b>, ha afirmado la presidenta regional, que ha advertido de que es a lo largo de todo el a\u00f1o \u00abcuando se apagan los incendios\u00bb.<\/p>\n<p>Ya el martes, Ayuso anunci\u00f3 a trav\u00e9s de sus redes sociales que solicitar\u00e1 la declaraci\u00f3n de Tres Cantos como zona gravemente afectada por el incendio.<b> Se han contabilizado m\u00e1s de 1.500 hect\u00e1reas quemadas.\u00a0<\/b><\/p>\n","protected":false},"excerpt":{"rendered":"Isabel D\u00edaz Ayuso rechaza la bronca pol\u00edtica originada por los incendios. En una visita a la zona incendiada&hellip;\n","protected":false},"author":2,"featured_media":48082,"comment_status":"","ping_status":"","sticky":false,"template":"","format":"standard","meta":{"footnotes":""},"categories":[8],"tags":[21847,17,18,1467,25,24,13,14,11,4342,19,20,9,10,15,16,23,12,21,22],"class_list":{"0":"post-48081","1":"post","2":"type-post","3":"status-publish","4":"format-standard","5":"has-post-thumbnail","7":"category-espana","8":"tag-ayuntamiento-de-madrid","9":"tag-breaking-news","10":"tag-breakingnews","11":"tag-comunidad-de-madrid","12":"tag-es","13":"tag-espana","14":"tag-featured-news","15":"tag-featurednews","16":"tag-headlines","17":"tag-incendios","18":"tag-latest-news","19":"tag-latestnews","20":"tag-news","21":"tag-noticias","22":"tag-noticias-destacadas","23":"tag-noticiasdestacadas","24":"tag-spain","25":"tag-titulares","26":"tag-ultimas-noticias","27":"tag-ultimasnoticias"},"share_on_mastodon":{"url":"","error":""},"_links":{"self":[{"href":"https:\/\/www.europesays.com\/es\/wp-json\/wp\/v2\/posts\/48081","targetHints":{"allow":["GET"]}}],"collection":[{"href":"https:\/\/www.europesays.com\/es\/wp-json\/wp\/v2\/posts"}],"about":[{"href":"https:\/\/www.europesays.com\/es\/wp-json\/wp\/v2\/types\/post"}],"author":[{"embeddable":true,"href":"https:\/\/www.europesays.com\/es\/wp-json\/wp\/v2\/users\/2"}],"replies":[{"embeddable":true,"href":"https:\/\/www.europesays.com\/es\/wp-json\/wp\/v2\/comments?post=48081"}],"version-history":[{"count":0,"href":"https:\/\/www.europesays.com\/es\/wp-json\/wp\/v2\/posts\/48081\/revisions"}],"wp:featuredmedia":[{"embeddable":true,"href":"https:\/\/www.europesays.com\/es\/wp-json\/wp\/v2\/media\/48082"}],"wp:attachment":[{"href":"https:\/\/www.europesays.com\/es\/wp-json\/wp\/v2\/media?parent=48081"}],"wp:term":[{"taxonomy":"category","embeddable":true,"href":"https:\/\/www.europesays.com\/es\/wp-json\/wp\/v2\/categories?post=48081"},{"taxonomy":"post_tag","embeddable":true,"href":"https:\/\/www.europesays.com\/es\/wp-json\/wp\/v2\/tags?post=48081"}],"curies":[{"name":"wp","href":"https:\/\/api.w.org\/{rel}","templated":true}]}}