{"id":480815,"date":"2026-04-03T18:27:23","date_gmt":"2026-04-03T18:27:23","guid":{"rendered":"https:\/\/www.europesays.com\/es\/480815\/"},"modified":"2026-04-03T18:27:23","modified_gmt":"2026-04-03T18:27:23","slug":"entre-el-lunes-y-el-martes-llegara-un-frente-atlantico-con-lluvias-y-tormentas-embebidas","status":"publish","type":"post","link":"https:\/\/www.europesays.com\/es\/480815\/","title":{"rendered":"Entre el lunes y el martes llegar\u00e1 un frente atl\u00e1ntico con lluvias y tormentas embebidas"},"content":{"rendered":"<p> <img decoding=\"async\" fetchpriority=\"high\" src=\"https:\/\/www.europesays.com\/es\/wp-content\/uploads\/2026\/04\/entre-el-lunes-y-el-martes-llegara-un-frente-atlantico-con-lluvias-y-tormentas-embebidas-17752028357.jpeg\"  width=\"768\" height=\"432\" alt=\"El frente fr\u00edo del pr\u00f3ximo martes podr\u00eda ir acompa\u00f1ado de bastante actividad tormentosa.\" data-image=\"4h2xs2j2r629\"\/>El frente fr\u00edo del pr\u00f3ximo martes podr\u00eda ir acompa\u00f1ado de bastante actividad tormentosa.    <img decoding=\"async\" fetchpriority=\"high\" src=\"https:\/\/www.europesays.com\/es\/wp-content\/uploads\/2026\/04\/ducan-wingen.jpg\" alt=\"Duncan Wingen\" width=\"40\" height=\"40\"\/>    <a class=\"nombre text-hv\" href=\"https:\/\/www.tiempo.com\/autor\/ducan-wingen\/\" title=\"Duncan Wingen\" rel=\"nofollow noopener\" target=\"_blank\">Duncan Wingen<\/a>      03\/04\/2026 11:06   5 min   <\/p>\n<p>Ya hay fecha para el pr\u00f3ximo cambio de tiempo, pero antes disfrutaremos de unas jornadas soleadas y c\u00e1lidas en gran parte de Espa\u00f1a. Por primera vez en muchos a\u00f1os, ninguna de las procesiones en Andaluc\u00eda se ha visto afectada por la meteorolog\u00eda. Durante el fin de semana, una potente dorsal subtropical se situar\u00e1 sobre la vertical de la Pen\u00ednsula. <strong>Las temperaturas m\u00e1ximas podr\u00edan superar los 30 \u00baC por primera vez este a\u00f1o en el valle del Guadalquivir. <\/strong><\/p>\n<p>A partir del lunes se iniciar\u00e1 la<strong> aproximaci\u00f3n de una vaguada desde el Atl\u00e1ntico, que se aislar\u00eda formando una peque\u00f1a dana en el centro peninsular. <\/strong>La trayectoria posterior de la depresi\u00f3n est\u00e1 sujeta a una gran incertidumbre, pudiendo llegar a la vertiente mediterr\u00e1nea en d\u00edas posteriores. Esta configuraci\u00f3n atmosf\u00e9rica podr\u00eda dar lugar a la <strong>primera situaci\u00f3n generalizada de tormentas de evoluci\u00f3n diurna en Espa\u00f1a. <\/strong><\/p>\n<p>La vaguada llegar\u00e1 el lunes al noroeste peninsular <\/p>\n<p>Las nubes ir\u00e1n en aumento en la mitad occidental peninsular el lunes, siendo m\u00e1s compactas hacia la puesta de sol. <strong>Las primeras bandas de precipitaci\u00f3n llegar\u00e1n a Galicia a \u00faltimas horas, con acumulados de hasta 5 l\/m2. <\/strong>De forma d\u00e9bil y ocasional podr\u00eda llover tambi\u00e9n, a \u00faltimas horas, en el extremo occidental de Castilla y Le\u00f3n y Extremadura. En el resto de Espa\u00f1a ser\u00e1 una jornada seca y con m\u00e1s horas de Sol cuanto m\u00e1s al este.<\/p>\n<p><img decoding=\"async\" fetchpriority=\"low\" class=\"lazy \" src=\"https:\/\/www.europesays.com\/es\/wp-content\/uploads\/2026\/04\/entre-el-lunes-y-el-martes-llegara-un-frente-atlantico-con-lluvias-y-tormentas-embebidas-17752070657.png\"  width=\"768\" height=\"432\" alt=\"Las primeras bandas de lluvias asociadas a la vaguada llegar\u00e1n al noroeste peninsular a \u00faltimas horas del lunes.\" data-image=\"1dhmk2j4nl0i\"\/>Las primeras bandas de lluvias asociadas a la vaguada llegar\u00e1n al noroeste peninsular a \u00faltimas horas del lunes.<\/p>\n<p>El lunes por la tarde podr\u00edan producirse tormentas en Galicia y algunas comunidades cant\u00e1bricas pr\u00f3ximas. <strong>Ser\u00edan tormentas embebidas, es decir, integradas dentro de las lluvias asociadas a la delantera del frente<\/strong> y estimuladas en cierta manera por el calentamiento diurno<strong>.<\/strong> La actividad tormentosa cesar\u00eda al final de la tarde, desapareciendo por completo por la noche. <\/p>\n<p><a class=\"imagen \" href=\"https:\/\/www.tiempo.com\/noticias\/prediccion\/hasta-10-c-mas-manana-las-temperaturas-se-dispararan-en-tres-comunidades-del-norte.html\" title=\"Hasta 10 \u00baC m\u00e1s: ma\u00f1ana las temperaturas se disparar\u00e1n en tres comunidades del norte\" rel=\"nofollow noopener\" target=\"_blank\"><img decoding=\"async\" fetchpriority=\"low\" class=\"lazy img-body non-editable\" src=\"https:\/\/www.europesays.com\/es\/wp-content\/uploads\/2026\/04\/hasta-10-c-mas-manana-las-temperaturas-se-dispararan-en-tres-comunidades-del-norte-1775204021057_320.png\"  width=\"320\" height=\"225\"\/><\/a>Las tormentas aparecer\u00e1n sobre todo el martes<\/p>\n<p><strong> El martes llegar\u00e1 un frente fr\u00edo muy compacto y activo al oeste peninsular<\/strong>, cruzando Galicia de madrugada y llegando a todas las comunidades del oeste peninsular a primeras horas de la ma\u00f1ana.<strong> A lo largo de la tarde, el frente cruzar\u00e1 la vertical de Madrid<\/strong>. <\/p>\n<p><img decoding=\"async\" fetchpriority=\"low\" class=\"lazy \" src=\"https:\/\/www.europesays.com\/es\/wp-content\/uploads\/2026\/04\/entre-el-lunes-y-el-martes-llegara-un-frente-atlantico-con-lluvias-y-tormentas-embebidas-17752031052.png\"  width=\"768\" height=\"432\" alt=\"Precipitaci\u00f3n acumulada prevista por el modelo europeo entre el lunes y martes. La mitad occidental peninsular recibir\u00e1 los mayores acumulados.\" data-image=\"gsss5ey5wpsl\"\/>Precipitaci\u00f3n acumulada prevista por el modelo europeo entre el lunes y martes. La mitad occidental peninsular recibir\u00e1 los mayores acumulados. <\/p>\n<p><strong>Se prev\u00e9n lluvias abundantes, con acumulados de 10 a 20 l\/m<\/strong><strong>2<\/strong> en Galicia, Asturias, Cantabria, Castilla y Le\u00f3n, Comunidad de Madrid, Extremadura, oeste de Andaluc\u00eda y Castilla La Mancha. <\/p>\n<p>Las precipitaciones podr\u00edan ser especialmente generosas en la cara sur del Sistema Central (especialmente Gredos) y el suroeste de A Coru\u00f1a y Pontevedra (Rias Baixas). <strong>En estas zonas podr\u00edan caer entre 30 y 40 l\/m2 en 24 horas, seg\u00fan el modelo europeo. <\/strong>En el caso de Andaluc\u00eda, donde m\u00e1s llover\u00e1 ser\u00e1 en el norte de las provincias de Huelva, Sevilla y C\u00f3rdoba, con registros de 10 a 25 l\/m2.<\/p>\n<p><a class=\"imagen \" href=\"https:\/\/www.tiempo.com\/noticias\/prediccion\/se-aproxima-el-primer-episodio-de-tormentas-fuertes-de-la-primavera-esto-dicen-los-modelos-hoy-2-de-abril.html\" title=\"Se aproxima el primer episodio de tormentas fuertes de la primavera: esto dicen los modelos hoy, 2 de abril\" rel=\"nofollow noopener\" target=\"_blank\"><img decoding=\"async\" fetchpriority=\"low\" class=\"lazy img-body non-editable\" src=\"https:\/\/www.europesays.com\/es\/wp-content\/uploads\/2026\/04\/se-aproxima-el-primer-episodio-de-tormentas-fuertes-de-la-primavera-esto-dicen-los-modelos-hoy-2-de-.jpeg\"  width=\"320\" height=\"225\"\/><\/a><\/p>\n<p>Embebidas en las lluvias del frente, esperamos de nuevo tormentas, que ser\u00edan m\u00e1s generalizadas que las del lunes. El modelo europeo prev\u00e9 actividad el\u00e9ctrica por la tarde en Asturias, meseta norte, Extremadura, oeste de Castilla La Mancha, norte de Andaluc\u00eda y quiz\u00e1s en el sur de la Comunidad de Madrid. <strong>Estas tormentas podr\u00edan producir una alternancia entre lluvias moderadas de tipo frontal y algunos chubascos intensos<\/strong>, pero de corta duraci\u00f3n en las citadas comunidades. <\/p>\n","protected":false},"excerpt":{"rendered":"El frente fr\u00edo del pr\u00f3ximo martes podr\u00eda ir acompa\u00f1ado de bastante actividad tormentosa. Duncan Wingen 03\/04\/2026 11:06 5&hellip;\n","protected":false},"author":2,"featured_media":480816,"comment_status":"","ping_status":"","sticky":false,"template":"","format":"standard","meta":{"footnotes":""},"categories":[8],"tags":[17,18,25,24,13,14,83319,98162,11,19,20,9,10,15,16,21381,23,12,21,22,98163],"class_list":["post-480815","post","type-post","status-publish","format-standard","has-post-thumbnail","category-espana","tag-breaking-news","tag-breakingnews","tag-es","tag-espana","tag-featured-news","tag-featurednews","tag-fma","tag-frente-frio","tag-headlines","tag-latest-news","tag-latestnews","tag-news","tag-noticias","tag-noticias-destacadas","tag-noticiasdestacadas","tag-prevision","tag-spain","tag-titulares","tag-ultimas-noticias","tag-ultimasnoticias","tag-vaguada"],"share_on_mastodon":{"url":"https:\/\/pubeurope.com\/@es\/116342190863999250","error":""},"_links":{"self":[{"href":"https:\/\/www.europesays.com\/es\/wp-json\/wp\/v2\/posts\/480815","targetHints":{"allow":["GET"]}}],"collection":[{"href":"https:\/\/www.europesays.com\/es\/wp-json\/wp\/v2\/posts"}],"about":[{"href":"https:\/\/www.europesays.com\/es\/wp-json\/wp\/v2\/types\/post"}],"author":[{"embeddable":true,"href":"https:\/\/www.europesays.com\/es\/wp-json\/wp\/v2\/users\/2"}],"replies":[{"embeddable":true,"href":"https:\/\/www.europesays.com\/es\/wp-json\/wp\/v2\/comments?post=480815"}],"version-history":[{"count":0,"href":"https:\/\/www.europesays.com\/es\/wp-json\/wp\/v2\/posts\/480815\/revisions"}],"wp:featuredmedia":[{"embeddable":true,"href":"https:\/\/www.europesays.com\/es\/wp-json\/wp\/v2\/media\/480816"}],"wp:attachment":[{"href":"https:\/\/www.europesays.com\/es\/wp-json\/wp\/v2\/media?parent=480815"}],"wp:term":[{"taxonomy":"category","embeddable":true,"href":"https:\/\/www.europesays.com\/es\/wp-json\/wp\/v2\/categories?post=480815"},{"taxonomy":"post_tag","embeddable":true,"href":"https:\/\/www.europesays.com\/es\/wp-json\/wp\/v2\/tags?post=480815"}],"curies":[{"name":"wp","href":"https:\/\/api.w.org\/{rel}","templated":true}]}}