{"id":48123,"date":"2025-08-15T01:02:26","date_gmt":"2025-08-15T01:02:26","guid":{"rendered":"https:\/\/www.europesays.com\/es\/48123\/"},"modified":"2025-08-15T01:02:26","modified_gmt":"2025-08-15T01:02:26","slug":"jorge-palomino-nuevo-fisioterapeuta-del-balonmano-femenino-o-porrino","status":"publish","type":"post","link":"https:\/\/www.europesays.com\/es\/48123\/","title":{"rendered":"Jorge Palomino, nuevo fisioterapeuta del Balonmano Femenino O Porri\u00f1o"},"content":{"rendered":"<p>El equipo de balonmano femenino O Porri\u00f1o ha anunciado la incorporaci\u00f3n de <b>Jorge Palomino Delgado<\/b> como su nuevo fisioterapeuta. Este nombramiento, que refuerza el cuerpo t\u00e9cnico del club, ha sido recibido con gran entusiasmo por la directiva y las jugadoras.<\/p>\n<p>Desde Diario Luso-Galaico.com, queremos felicitar a nuestro colaborador y amigo por este merecido puesto. Es un orgullo para nuestra redacci\u00f3n ver c\u00f3mo su talento y dedicaci\u00f3n son reconocidos en el \u00e1mbito deportivo. Adem\u00e1s, esta incorporaci\u00f3n a\u00f1ade un toque familiar, ya que su hermana <b>Ana Bel\u00e9n<\/b> es desde hace varias temporadas una de las porteras clave del equipo.<\/p>\n<p>Jorge Palomino no es solo un fisioterapeuta, sino un profesional integral con una notable trayectoria en el mundo del deporte. Su curr\u00edculum es un reflejo de su pasi\u00f3n y experiencia:<\/p>\n<ul>\n<li>\n<p><b>Fisioterapeuta y asesor de bienestar<\/b>: Combina su conocimiento en rehabilitaci\u00f3n con una visi\u00f3n hol\u00edstica del rendimiento f\u00edsico y la salud.<\/p>\n<\/li>\n<li>\n<p><b>Exjugador de balonmano<\/b>: Su experiencia en la cancha le proporciona una comprensi\u00f3n \u00fanica de las necesidades de los atletas.<\/p>\n<\/li>\n<li>\n<p><b>Cronista deportivo<\/b>: Colaborador habitual en medios digitales como el nuestro, demuestra su profundo conocimiento y amor por el deporte.<\/p>\n<\/li>\n<li>\n<p><b>Empresario y practicante regular de ejercicio<\/b>: Su enfoque en la promoci\u00f3n de la salud y el bienestar va m\u00e1s all\u00e1 de su profesi\u00f3n, aplic\u00e1ndolo a su vida diaria.<\/p>\n<\/li>\n<\/ul>\n<p>La llegada de Jorge Palomino al balonmano femenino O Porri\u00f1o supone un valioso activo para el equipo, que se beneficiar\u00e1 de su experiencia y su compromiso con la excelencia f\u00edsica. Le deseamos el mayor de los \u00e9xitos en esta nueva etapa.<\/p>\n","protected":false},"excerpt":{"rendered":"El equipo de balonmano femenino O Porri\u00f1o ha anunciado la incorporaci\u00f3n de Jorge Palomino Delgado como su nuevo&hellip;\n","protected":false},"author":2,"featured_media":48124,"comment_status":"","ping_status":"","sticky":false,"template":"","format":"standard","meta":{"footnotes":""},"categories":[278],"tags":[376,15904,21852,168,25,24,375,10238,23,167],"class_list":{"0":"post-48123","1":"post","2":"type-post","3":"status-publish","4":"format-standard","5":"has-post-thumbnail","7":"category-balonmano","8":"tag-balonmano","9":"tag-balonmano-femenino","10":"tag-balonmano-feminino","11":"tag-deportes","12":"tag-es","13":"tag-espana","14":"tag-handball","15":"tag-o-porrino","16":"tag-spain","17":"tag-sports"},"share_on_mastodon":{"url":"","error":""},"_links":{"self":[{"href":"https:\/\/www.europesays.com\/es\/wp-json\/wp\/v2\/posts\/48123","targetHints":{"allow":["GET"]}}],"collection":[{"href":"https:\/\/www.europesays.com\/es\/wp-json\/wp\/v2\/posts"}],"about":[{"href":"https:\/\/www.europesays.com\/es\/wp-json\/wp\/v2\/types\/post"}],"author":[{"embeddable":true,"href":"https:\/\/www.europesays.com\/es\/wp-json\/wp\/v2\/users\/2"}],"replies":[{"embeddable":true,"href":"https:\/\/www.europesays.com\/es\/wp-json\/wp\/v2\/comments?post=48123"}],"version-history":[{"count":0,"href":"https:\/\/www.europesays.com\/es\/wp-json\/wp\/v2\/posts\/48123\/revisions"}],"wp:featuredmedia":[{"embeddable":true,"href":"https:\/\/www.europesays.com\/es\/wp-json\/wp\/v2\/media\/48124"}],"wp:attachment":[{"href":"https:\/\/www.europesays.com\/es\/wp-json\/wp\/v2\/media?parent=48123"}],"wp:term":[{"taxonomy":"category","embeddable":true,"href":"https:\/\/www.europesays.com\/es\/wp-json\/wp\/v2\/categories?post=48123"},{"taxonomy":"post_tag","embeddable":true,"href":"https:\/\/www.europesays.com\/es\/wp-json\/wp\/v2\/tags?post=48123"}],"curies":[{"name":"wp","href":"https:\/\/api.w.org\/{rel}","templated":true}]}}