{"id":48125,"date":"2025-08-15T01:03:23","date_gmt":"2025-08-15T01:03:23","guid":{"rendered":"https:\/\/www.europesays.com\/es\/48125\/"},"modified":"2025-08-15T01:03:23","modified_gmt":"2025-08-15T01:03:23","slug":"recuerdos-y-arte-en-el-pregon-del-ateneo-taurino-manchego-de-ciudad-real","status":"publish","type":"post","link":"https:\/\/www.europesays.com\/es\/48125\/","title":{"rendered":"Recuerdos y arte en el preg\u00f3n del Ateneo Taurino Manchego de Ciudad Real"},"content":{"rendered":"\n<p>El Ateneo Taurino Manchego volvi\u00f3 a reunir a la afici\u00f3n para su preg\u00f3n taurino anual, que en esta ocasi\u00f3n tuvo el aliciente especial de coincidir con el 25\u00ba aniversario de la entidad. El Antiguo Casino se visti\u00f3 de gala en la tarde-noche de este mi\u00e9rcoles para recibir a Ana Mu\u00f1oz-Torija, secretaria del Ateneo, que salt\u00f3 al albero de la palabra con un preg\u00f3n cargado de sentimiento, rindiendo un emotivo homenaje a su padre, art\u00edfice de la fundaci\u00f3n, y a toda una trayectoria ligada a la tauromaquia a trav\u00e9s de la fotograf\u00eda.<\/p>\n<p>El alcalde, Francisco Ca\u00f1izares, acompa\u00f1ado de los concejales de Cultura, Pedro Lozano, y de Festejos, Mar S\u00e1nchez, puso en valor la labor del Ateneo Taurino como representante de la afici\u00f3n de la ciudad y agradeci\u00f3 que act\u00fae como altavoz de la misma. Subray\u00f3 que, al margen de que los toros puedan gustar o no, forman parte inseparable de las ferias, y destac\u00f3 el trabajo de la empresa Mare Nostrum, organizadora de la feria, por ofrecer un cartel que, en sus palabras, hace sentirse orgullosa a la ciudad. Tambi\u00e9n defendi\u00f3 el respeto por las tradiciones, recordando que requieren tiempo y esfuerzo para consolidarse, y consider\u00f3 un acierto la elecci\u00f3n de Ana Mu\u00f1oz como pregonera por su trayectoria y su compromiso con la tauromaquia.<\/p>\n<p> <img loading=\"lazy\" decoding=\"async\" width=\"1024\" height=\"576\" src=\"https:\/\/www.europesays.com\/es\/wp-content\/uploads\/2025\/08\/Foto_familia_pregon_taurino-1024x576.jpg\" alt=\"\" class=\"wp-image-164337\"  \/>Foto: Ayto. Ciudad Real <\/p>\n<p>Durante su preg\u00f3n, Mu\u00f1oz-Torija explic\u00f3 que en cada imagen deposita su alma, prescindiendo de grandes tecnolog\u00edas y trasladando las capturas a lienzo para que la imagen cobre sentido. Tambi\u00e9n ensalz\u00f3 la feria taurina de este a\u00f1o y a sus espadas, haciendo especial menci\u00f3n a Morante de la Puebla y expresando su deseo de que la reciente lesi\u00f3n del torero no le impidiera acudir a Ciudad Real.<\/p>\n<p> <strong>Un homenaje a todos: \u00aba quienes somos, de d\u00f3nde venimos\u00bb<\/strong> <\/p>\n<p>La pregonera subray\u00f3 que su mensaje es un homenaje a todos: a quienes somos, de d\u00f3nde venimos y lo que nos queda por hacer, recordando asimismo a Manuel Herv\u00e1s, que ser\u00e1 homenajeado este domingo con la instalaci\u00f3n de un azulejo, en su memoria, en la plaza de toros.<\/p>\n<p>Antonio Espadas, presidente del Ateneo Taurino Manchego, y presentador de la pregonera en esta ocasi\u00f3n, se refiri\u00f3 a Ana Mu\u00f1oz-Torija con cari\u00f1o, destacando su entrega y su pasi\u00f3n por la tauromaquia, tal y como le inculc\u00f3 su padre, y celebr\u00f3 que su preg\u00f3n consiguiera transmitir emoci\u00f3n y memoria hist\u00f3rica a todos los asistentes.<\/p>\n<p>El acto, que cont\u00f3 con una nutrida representaci\u00f3n de la Corporaci\u00f3n Municipal y autoridades civiles y militares, adem\u00e1s de numeroso p\u00fablico, se complet\u00f3 con el acompa\u00f1amiento del joven guitarrista \u00c1ngel Camacho, que interpret\u00f3 fandangos y alegr\u00edas, logrando emocionar al p\u00fablico junto a la voz de la pregonera.<\/p>\n","protected":false},"excerpt":{"rendered":"El Ateneo Taurino Manchego volvi\u00f3 a reunir a la afici\u00f3n para su preg\u00f3n taurino anual, que en esta&hellip;\n","protected":false},"author":2,"featured_media":48126,"comment_status":"","ping_status":"","sticky":false,"template":"","format":"standard","meta":{"footnotes":""},"categories":[277],"tags":[373,1940,168,25,24,10,23,167,374],"class_list":{"0":"post-48125","1":"post","2":"type-post","3":"status-publish","4":"format-standard","5":"has-post-thumbnail","7":"category-toreo","8":"tag-bullfighting","9":"tag-ciudad-real","10":"tag-deportes","11":"tag-es","12":"tag-espana","13":"tag-noticias","14":"tag-spain","15":"tag-sports","16":"tag-toreo"},"share_on_mastodon":{"url":"","error":""},"_links":{"self":[{"href":"https:\/\/www.europesays.com\/es\/wp-json\/wp\/v2\/posts\/48125","targetHints":{"allow":["GET"]}}],"collection":[{"href":"https:\/\/www.europesays.com\/es\/wp-json\/wp\/v2\/posts"}],"about":[{"href":"https:\/\/www.europesays.com\/es\/wp-json\/wp\/v2\/types\/post"}],"author":[{"embeddable":true,"href":"https:\/\/www.europesays.com\/es\/wp-json\/wp\/v2\/users\/2"}],"replies":[{"embeddable":true,"href":"https:\/\/www.europesays.com\/es\/wp-json\/wp\/v2\/comments?post=48125"}],"version-history":[{"count":0,"href":"https:\/\/www.europesays.com\/es\/wp-json\/wp\/v2\/posts\/48125\/revisions"}],"wp:featuredmedia":[{"embeddable":true,"href":"https:\/\/www.europesays.com\/es\/wp-json\/wp\/v2\/media\/48126"}],"wp:attachment":[{"href":"https:\/\/www.europesays.com\/es\/wp-json\/wp\/v2\/media?parent=48125"}],"wp:term":[{"taxonomy":"category","embeddable":true,"href":"https:\/\/www.europesays.com\/es\/wp-json\/wp\/v2\/categories?post=48125"},{"taxonomy":"post_tag","embeddable":true,"href":"https:\/\/www.europesays.com\/es\/wp-json\/wp\/v2\/tags?post=48125"}],"curies":[{"name":"wp","href":"https:\/\/api.w.org\/{rel}","templated":true}]}}