{"id":481269,"date":"2026-04-04T00:28:21","date_gmt":"2026-04-04T00:28:21","guid":{"rendered":"https:\/\/www.europesays.com\/es\/481269\/"},"modified":"2026-04-04T00:28:21","modified_gmt":"2026-04-04T00:28:21","slug":"de-camilo-sesto-a-david-bisbal-por-que-vivir-asi-es-morir-de-amor-es-el-himno-inmortal-que-une-a-todas-las-generaciones","status":"publish","type":"post","link":"https:\/\/www.europesays.com\/es\/481269\/","title":{"rendered":"De Camilo Sesto a David Bisbal: Por qu\u00e9 &#8216;Vivir as\u00ed es morir de amor&#8217; es el himno inmortal que une a todas las generaciones"},"content":{"rendered":"<p>Hay canciones que parecen no cumplir a\u00f1os<strong>. \u2018Vivir as\u00ed es morir de amor\u2019<\/strong> es el ejemplo id\u00f3neo de como una joya de<strong> 1978<\/strong> sigue uniendo a <strong>abuelos<\/strong>, <strong>padres<\/strong> e <strong>hijos<\/strong>. Desde<strong> David Bisbal<\/strong> hasta <a href=\"https:\/\/www.cadenadial.com\/2026\/%e2%81%a0por-que-comparan-tanto-a-ana-guerra-con-claudia-arenas-te-lo-contamos-445091.html\" rel=\"nofollow noopener\" target=\"_blank\"><strong>Claudia Arenas<\/strong><\/a> te hacemos un recorrido por el sencillo. <strong>\u00a1Qu\u00e9date!<\/strong><\/p>\n<p>Todo comenz\u00f3 con el genio de<a href=\"https:\/\/www.cadenadial.com\/2023\/hijo-camilo-sesto-bronca-madre-336650.html\" rel=\"nofollow noopener\" target=\"_blank\"><strong> Camilo Sesto<\/strong><\/a>, quien convirti\u00f3 el <strong>desamor<\/strong> en un <strong>arte universal<\/strong>. Ese estribillo, que nos sabemos todos de memoria, ha demostrado que <strong>la m\u00fasica no tiene fecha de caducidad.<\/strong><\/p>\n<p>David Bisbal : el renacer<\/p>\n<p>Un momento clave en la historia de esta canci\u00f3n ocurri\u00f3 en <strong>Madrid<\/strong> durante el casting final de <a href=\"https:\/\/www.cadenadial.com\/2026\/ot-segundas-oportunidades-nuevo-fenomeno-seguidores-operacion-triunfo-446107.html\" rel=\"nofollow noopener\" target=\"_blank\"><strong>OT 2001.<\/strong><\/a> Un joven llamado<strong> Bisbal<\/strong> (que seguro que no os suena) eligi\u00f3 este tema para demostrar su potencial frente al jurado.<\/p>\n<blockquote class=\"instagram-media\" style=\"background: #FFF; border: 0; border-radius: 3px; box-shadow: 0 0 1px 0 rgba(0,0,0,0.5),0 1px 10px 0 rgba(0,0,0,0.15); margin: 1px; max-width: 540px; min-width: 326px; padding: 0; width: calc(100% - 2px);\" data-instgrm-captioned=\"\" data-instgrm-permalink=\"https:\/\/www.instagram.com\/reel\/DWUEYFLDIdl\/?utm_source=ig_embed&amp;utm_campaign=loading\" data-instgrm-version=\"14\">\n<\/blockquote>\n<blockquote class=\"tiktok-embed\" style=\"max-width: 605px; min-width: 325px;\" cite=\"https:\/\/www.tiktok.com\/@davidbisbaloficial\/video\/7622737032477019414\" data-video-id=\"7622737032477019414\"><p>\n<a title=\"@davidbisbaloficial\" href=\"https:\/\/www.tiktok.com\/@davidbisbaloficial?refer=embed\" target=\"_blank\" rel=\"noopener nofollow\">@davidbisbaloficial<\/a> Hay canciones que solo se entienden\u2026 cuando las vives en directo. <a title=\"vivirasiesmorirdeamor\" href=\"https:\/\/www.tiktok.com\/tag\/vivirasiesmorirdeamor?refer=embed\" target=\"_blank\" rel=\"noopener nofollow\">#vivirasiesmorirdeamor<\/a> <a title=\"\u266c sonido original - davidbisbaloficial\" href=\"https:\/\/www.tiktok.com\/music\/sonido-original-7622737056820628246?refer=embed\" target=\"_blank\" rel=\"noopener nofollow\">\u266c sonido original \u2013 davidbisbaloficial<\/a>\n<\/p><\/blockquote>\n<p>Como \u00e9l mismo record\u00f3 con nostalgia hace nada:<strong> \u00abA veces todo empieza sin saberlo\u00bb,<\/strong> marcando el inicio de una leyenda musical que comenz\u00f3, precisamente, con un tema del alcoyano.<\/p>\n<p>Sin embargo, el almeriense no ha sido el \u00fanico en rendirse ante los encantos de <strong>Camilo.<\/strong> <a href=\"https:\/\/www.cadenadial.com\/2026\/monica-naranjo-le-dedica-el-premio-a-antonia-sanjuan-y-se-lo-cede-me-alegro-tanto-de-que-me-lo-des-tu-446469.html\" rel=\"nofollow noopener\" target=\"_blank\"><strong>M\u00f3nica Naranjo<\/strong><\/a> nos regal\u00f3 una versi\u00f3n desgarradora en <strong>la Gala 60 a\u00f1os de TVE<\/strong>, demostrando su talento <strong>superdotado.<\/strong><\/p>\n<blockquote class=\"tiktok-embed\" style=\"max-width: 605px; min-width: 325px;\" cite=\"https:\/\/www.tiktok.com\/@monicanaranjomurcia\/video\/6954090807720725766\" data-video-id=\"6954090807720725766\"><p>\n<a title=\"@monicanaranjomurcia\" href=\"https:\/\/www.tiktok.com\/@monicanaranjomurcia?refer=embed\" target=\"_blank\" rel=\"noopener nofollow\">@monicanaranjomurcia<\/a> Piel de gallina <a title=\"\" href=\"https:\/\/www.tiktok.com\/tag\/%F0%9F%90%86?refer=embed\" target=\"_blank\" rel=\"noopener nofollow\">#<\/a> <a title=\"monicanaranjo\" href=\"https:\/\/www.tiktok.com\/tag\/monicanaranjo?refer=embed\" target=\"_blank\" rel=\"noopener nofollow\">#monicanaranjo<\/a> <a title=\"parati\" href=\"https:\/\/www.tiktok.com\/tag\/parati?refer=embed\" target=\"_blank\" rel=\"noopener nofollow\">#parati<\/a> <a title=\"fyp\" href=\"https:\/\/www.tiktok.com\/tag\/fyp?refer=embed\" target=\"_blank\" rel=\"noopener nofollow\">#fyp<\/a> <a title=\"tve\" href=\"https:\/\/www.tiktok.com\/tag\/tve?refer=embed\" target=\"_blank\" rel=\"noopener nofollow\">#tve<\/a> <a title=\"\u266c sonido original - M\u00f3nica Naranjo Murcia\" href=\"https:\/\/www.tiktok.com\/music\/sonido-original-6954090705715350278?refer=embed\" target=\"_blank\" rel=\"noopener nofollow\">\u266c sonido original \u2013 M\u00f3nica Naranjo Murcia<\/a>\n<\/p><\/blockquote>\n<p>Incluso <strong><a href=\"https:\/\/www.cadenadial.com\/2026\/de-pablo-lopez-a-dani-martin-artistas-dial-que-aun-no-tienen-un-documental-y-nos-podrian-sorprender-443902.html\" rel=\"nofollow noopener\" target=\"_blank\">Dani Mart\u00edn<\/a>,<\/strong> en los tiempos de <strong>El Canto del Loco<\/strong>, aport\u00f3 su toque <strong>pop-rock<\/strong> para que una nueva generaci\u00f3n de j\u00f3venes la hiciese suya.<\/p>\n<blockquote class=\"tiktok-embed\" style=\"max-width: 605px; min-width: 325px;\" cite=\"https:\/\/www.tiktok.com\/@queen_iwanttobreakfree\/video\/7371117615487487265\" data-video-id=\"7371117615487487265\"><p>\n<a title=\"@queen_iwanttobreakfree\" href=\"https:\/\/www.tiktok.com\/@queen_iwanttobreakfree?refer=embed\" target=\"_blank\" rel=\"noopener nofollow\">@queen_iwanttobreakfree<\/a> Vivir As\u00ed Es Morir De Amor \u2013 <a title=\"elcantodelloco\" href=\"https:\/\/www.tiktok.com\/tag\/elcantodelloco?refer=embed\" target=\"_blank\" rel=\"noopener nofollow\">#elcantodelloco<\/a> \u2665\ufe0f<a title=\"fpy\" href=\"https:\/\/www.tiktok.com\/tag\/fpy?refer=embed\" target=\"_blank\" rel=\"noopener nofollow\">#fpy<\/a> <a title=\"viraltiktok\" href=\"https:\/\/www.tiktok.com\/tag\/viraltiktok?refer=embed\" target=\"_blank\" rel=\"noopener nofollow\">#viraltiktok<\/a> <a title=\"concierto\" href=\"https:\/\/www.tiktok.com\/tag\/concierto?refer=embed\" target=\"_blank\" rel=\"noopener nofollow\">#concierto<\/a> <a title=\"parati\" href=\"https:\/\/www.tiktok.com\/tag\/parati?refer=embed\" target=\"_blank\" rel=\"noopener nofollow\">#parati<\/a> <a title=\"\u266c sonido original - \u2605Queen\u2605\" href=\"https:\/\/www.tiktok.com\/music\/sonido-original-7371117660924365600?refer=embed\" target=\"_blank\" rel=\"noopener nofollow\">\u266c sonido original \u2013 \u2605Queen\u2605<\/a>\n<\/p><\/blockquote>\n<p>La modernidad total del sencillo lleg\u00f3 gracias a<a href=\"https:\/\/www.cadenadial.com\/2026\/marc-anthony-y-nathy-peluso-se-encuentran-como-en-el-idilio-videoclip-y-letra-completa-442730.html\" rel=\"nofollow noopener\" target=\"_blank\"> <strong>Nathy Peluso<\/strong><\/a> en<strong> 2021<\/strong>, con una propuesta un tanto arriesgada pero que respetaba el alma de la versi\u00f3n original.<\/p>\n<blockquote class=\"tiktok-embed\" style=\"max-width: 605px; min-width: 325px;\" cite=\"https:\/\/www.tiktok.com\/@taylormv31\/video\/7324124338133667077\" data-video-id=\"7324124338133667077\"><p>\n<a title=\"@taylormv31\" href=\"https:\/\/www.tiktok.com\/@taylormv31?refer=embed\" target=\"_blank\" rel=\"noopener nofollow\">@taylormv31<\/a> \u00abVIVIR ASI ES MORIR DE AMOR\u00bb <a title=\"nathypeluso\" href=\"https:\/\/www.tiktok.com\/tag\/nathypeluso?refer=embed\" target=\"_blank\" rel=\"noopener nofollow\">#NATHYPELUSO<\/a> @Nathy Peluso <a title=\"viral\" href=\"https:\/\/www.tiktok.com\/tag\/viral?refer=embed\" target=\"_blank\" rel=\"noopener nofollow\">#viral<\/a> <a title=\"cover\" href=\"https:\/\/www.tiktok.com\/tag\/cover?refer=embed\" target=\"_blank\" rel=\"noopener nofollow\">#cover<\/a> <a title=\"fyp\u30b7\" href=\"https:\/\/www.tiktok.com\/tag\/fyp%E3%82%B7?refer=embed\" target=\"_blank\" rel=\"noopener nofollow\">#fyp\u30b7<\/a> <a title=\"\" href=\"https:\/\/www.tiktok.com\/tag\/%F0%9F%94%A5?refer=embed\" target=\"_blank\" rel=\"noopener nofollow\">#<\/a> <a title=\"\u2764\ufe0f\" href=\"https:\/\/www.tiktok.com\/tag\/%F0%9F%8E%B5%F0%9F%8E%A7%E2%9D%A4%EF%B8%8F%F0%9F%92%9C?refer=embed\" target=\"_blank\" rel=\"noopener nofollow\">#\u2764\ufe0f<\/a> <a title=\"\u266c sonido original - NathyPeluso_fans0\" href=\"https:\/\/www.tiktok.com\/music\/sonido-original-7090531824434154246?refer=embed\" target=\"_blank\" rel=\"noopener nofollow\">\u266c sonido original \u2013 NathyPeluso_fans0<\/a>\n<\/p><\/blockquote>\n<p>Recientemente, en la gran final de <strong>OT 2025<\/strong>, <strong>Claudia Arenas<\/strong> cerr\u00f3 el c\u00edrculo con una actuaci\u00f3n impecable que le concedi\u00f3 el quinto puesto de finalista.<\/p>\n<p>Como pod\u00e9is comprobar vosotros mismos, las d\u00e9cadas han ido pasando y la canci\u00f3n, cada vez, se revaloriza m\u00e1s y m\u00e1s\u2026<\/p>\n<p>Desde <a href=\"https:\/\/www.instagram.com\/cadena_dial\/\" target=\"_blank\" rel=\"nofollow noopener\"><strong>Cadena Dial,<\/strong><\/a> apostamos por esos cl\u00e1sicos de nuestra m\u00fasica que nos demuestran que, si un producto musical esta dotado de <strong>carisma<\/strong>,<strong> talento<\/strong> y <strong>elegancia,<\/strong> es muy dif\u00edcil que nos olvidemos de \u00e9l.<\/p>\n<p>\u00bfCu\u00e1l es tu versi\u00f3n favorita?\u00bf La de David Bisbal? \u00bfQuiz\u00e1 Dani Mart\u00edn? \u00a1Te leemos!<\/p>\n<p>                                    <script async src=\"\/\/www.instagram.com\/embed.js\"><\/script><script async src=\"\/\/www.tiktok.com\/embed.js\"><\/script><\/p>\n","protected":false},"excerpt":{"rendered":"Hay canciones que parecen no cumplir a\u00f1os. \u2018Vivir as\u00ed es morir de amor\u2019 es el ejemplo id\u00f3neo de&hellip;\n","protected":false},"author":2,"featured_media":481270,"comment_status":"","ping_status":"","sticky":false,"template":"","format":"standard","meta":{"footnotes":""},"categories":[170],"tags":[98232,208,47099,4411,98233,146,147,25,24,45326,184,185,68714,222,23,1923],"class_list":["post-481269","post","type-post","status-publish","format-standard","has-post-thumbnail","category-musica","tag-camilo-sesto","tag-conciertos","tag-dani-martin","tag-david-bisbal","tag-el-canto-del-loco","tag-entertainment","tag-entretenimiento","tag-es","tag-espana","tag-monica-naranjo","tag-music","tag-musica","tag-nathy-peluso","tag-operacion-triunfo","tag-spain","tag-viral-internet"],"share_on_mastodon":{"url":"https:\/\/pubeurope.com\/@es\/116343610204843599","error":""},"_links":{"self":[{"href":"https:\/\/www.europesays.com\/es\/wp-json\/wp\/v2\/posts\/481269","targetHints":{"allow":["GET"]}}],"collection":[{"href":"https:\/\/www.europesays.com\/es\/wp-json\/wp\/v2\/posts"}],"about":[{"href":"https:\/\/www.europesays.com\/es\/wp-json\/wp\/v2\/types\/post"}],"author":[{"embeddable":true,"href":"https:\/\/www.europesays.com\/es\/wp-json\/wp\/v2\/users\/2"}],"replies":[{"embeddable":true,"href":"https:\/\/www.europesays.com\/es\/wp-json\/wp\/v2\/comments?post=481269"}],"version-history":[{"count":0,"href":"https:\/\/www.europesays.com\/es\/wp-json\/wp\/v2\/posts\/481269\/revisions"}],"wp:featuredmedia":[{"embeddable":true,"href":"https:\/\/www.europesays.com\/es\/wp-json\/wp\/v2\/media\/481270"}],"wp:attachment":[{"href":"https:\/\/www.europesays.com\/es\/wp-json\/wp\/v2\/media?parent=481269"}],"wp:term":[{"taxonomy":"category","embeddable":true,"href":"https:\/\/www.europesays.com\/es\/wp-json\/wp\/v2\/categories?post=481269"},{"taxonomy":"post_tag","embeddable":true,"href":"https:\/\/www.europesays.com\/es\/wp-json\/wp\/v2\/tags?post=481269"}],"curies":[{"name":"wp","href":"https:\/\/api.w.org\/{rel}","templated":true}]}}