{"id":481417,"date":"2026-04-04T02:45:10","date_gmt":"2026-04-04T02:45:10","guid":{"rendered":"https:\/\/www.europesays.com\/es\/481417\/"},"modified":"2026-04-04T02:45:10","modified_gmt":"2026-04-04T02:45:10","slug":"toreros-nazis-y-mentiras-los-4-grandes-bulos-sobre-el-guernica-que-la-peticion-de-traslado-ha-resucitado","status":"publish","type":"post","link":"https:\/\/www.europesays.com\/es\/481417\/","title":{"rendered":"Toreros, nazis y mentiras: Los 4 grandes bulos sobre el &#8216;Guernica&#8217; que la petici\u00f3n de traslado ha resucitado"},"content":{"rendered":"<p>El Gobierno vasco ha reclamado formalmente al Ejecutivo central el traslado temporal del &#8216;Guernica&#8217;, el ic\u00f3nico cuadro de Pablo Picasso, al Museo Guggenheim de Bilbao  &#8230; durante nueve meses, entre octubre de 2026 y junio de 2027. Lo plantea como una \u00abreparaci\u00f3n simb\u00f3lica\u00bb y un gesto de memoria hist\u00f3rica para el pueblo vasco, en coincidencia con el 90\u00ba aniversario de la constituci\u00f3n del gobierno encabezado por Jos\u00e9 Antonio Aguirre y del bombardeo de Gernika, en 1937, en plena Guerra Civil. <\/p>\n<p class=\"v-p\">Frente a esta petici\u00f3n, el Museo Reina Sof\u00eda, que custodia y exhibe la obra, desaconseja \u00abrotundamente\u00bb cualquier movimiento del &#8216;Guernica&#8217; por su delicado estado de conservaci\u00f3n. Pero m\u00e1s all\u00e1 del pulso pol\u00edtico entre Madrid y Vitoria, esta nueva reclamaci\u00f3n ha coincidido con el resurgir, a trav\u00e9s de las redes sociales, de varios bulos y mitos sobre el cuadro. Estos son los cuatro m\u00e1s comunes.<\/p>\n<ol class=\"v-cmp-u-b__u\">\n<li class=\"v-cmp-u-b__l\">\n<p>\u00bfEs cierto que Picasso ya ten\u00eda pintado el &#8216;Guernica&#8217; antes del bombardeo y que en realidad era un cuadro dedicado al torero Ignacio S\u00e1nchez Mej\u00edas?<\/p>\n<\/li>\n<\/ol>\n<p class=\"v-p\">No, no es verdad. Se trata de un bulo o teor\u00eda marginal que circula en blogs y redes desde hace a\u00f1os, pero sin ninguna base documental s\u00f3lida. Es cierto que Picasso sent\u00eda admiraci\u00f3n por el mundo taurino y fue amigo del torero y tambi\u00e9n literato Ignacio S\u00e1nchez Mej\u00edas, fallecido de una cornada el 13 de agosto de 1934, pero los estudios preparatorios y las fotograf\u00edas de Dora Maar demuestran que empez\u00f3 el &#8216;Guernica&#8217; de cero en mayo de 1937, justo despu\u00e9s del bombardeo de Gernika. No hay rastro de un t\u00edtulo anterior como &#8216;Corrida&#8217; o &#8216;Recuerdo a mi amigo S\u00e1nchez Mej\u00edas&#8217;, ni de bocetos con esta tem\u00e1tica.<\/p>\n<ol class=\"v-cmp-u-b__u\">\n<li class=\"v-cmp-u-b__l\">\n<p>\u00bfEs cierto que el t\u00edtulo definitivo del cuadro lo impuso un cargo de la Generalitat?<\/p>\n<\/li>\n<\/ol>\n<p class=\"v-p\">Esta es una trola vinculada a la anterior. Afirma que un delegado de Cultura de la Generalitat de Catalunya impuso el t\u00edtulo &#8216;Guernica&#8217; al cuadro de Picasso en junio de 1937, ocultando su nombre original. En realidad, Picasso eligi\u00f3 libremente &#8216;Guernica&#8217; como denuncia del horror b\u00e9lico, inspirado por fotos publicadas en &#8216;L&#8217;Humanit\u00e9&#8217;, e hizo alusi\u00f3n al nombre en su correspondencia. Algunos amigos que visitaron su estudio, como el poeta bilba\u00edno Juan Larrea, los tambi\u00e9n poetas Paul \u00c9luard y Jos\u00e9 Bergam\u00edn, m\u00e1s el cr\u00edtico de arte y editor Christian Zervos, le animaron a usar el nombre de la villa vizca\u00edna, que Picasso ya hab\u00eda adoptado, o por lo menos considerado.<\/p>\n<ol class=\"v-cmp-u-b__u\">\n<li class=\"v-cmp-u-b__l\">\n<p>\u00bfEstaba el cuadro colgado en la Exposici\u00f3n Internacional de Par\u00eds antes de que ocurriera el bombardeo?<\/p>\n<\/li>\n<\/ol>\n<p class=\"v-p\">No, es otro cuento que circula por las redes sociales, como el que asegura que el cuadro hab\u00eda sido encargado en 1935, antes de que estallara la guerra. En realidad, el Gobierno de la Segunda Rep\u00fablica Espa\u00f1ola encarg\u00f3 a Picasso en enero de 1937, en plena Guerra Civil, una gran pintura mural para el Pabell\u00f3n de la Rep\u00fablica en la Exposici\u00f3n Internacional de Artes y T\u00e9cnicas de la Vida Moderna de Par\u00eds, con el fin de promocionar la causa republicana.<\/p>\n<p class=\"v-p\">En principio, la obra no ten\u00eda un tema concreto y Picasso trabaj\u00f3 en varias ideas, atravesando cierto par\u00f3n creativo, hasta que el bombardeo inspir\u00f3 su tema definitivo. El artista malague\u00f1o comenz\u00f3 a pintar el cuadro el 1 de mayo y lo termin\u00f3 entre el 4 y el 5 de junio de 1937, despu\u00e9s de trabajar intensamente durante unas cinco semanas. Las fotos de Dora Maar, pareja entonces del pintor, documentan todo el proceso de creaci\u00f3n de la obra en el estudio de la Rue des Grands-Augustins. Una vez acabado, el lienzo fue transportado y montado en el Pabell\u00f3n de la Rep\u00fablica Espa\u00f1ola (dise\u00f1ado por Josep Llu\u00eds Sert y Luis Lacasa). La Exposici\u00f3n Internacional de Artes y T\u00e9cnicas de la Vida Moderna de Par\u00eds se inaugur\u00f3 el 25 de mayo de 1937, un mes despu\u00e9s de la destrucci\u00f3n de Gernika. El pabell\u00f3n se inaugur\u00f3 m\u00e1s tarde, el 12 de julio de 1937, con el cuadro ya instalado.<\/p>\n<ol class=\"v-cmp-u-b__u\">\n<li class=\"v-cmp-u-b__l\">\n<p>\u00bfEs cierta la famosa an\u00e9cdota del oficial nazi que le pregunt\u00f3 a Picasso: \u00ab\u00bfEsto lo ha hecho usted?\u00bb y \u00e9l respondi\u00f3: \u00abNo, lo han hecho ustedes\u00bb, en alusi\u00f3n al bombardeo?<\/p>\n<\/li>\n<\/ol>\n<p class=\"v-p\">Es una de las an\u00e9cdotas m\u00e1s repetidas acerca del cuadro y es ap\u00f3crifa. La \u00fanica fuente que existe sobre un incidente parecido la aport\u00f3 el escritor y guionista de Hollywood Peter Viertel en su libro &#8216;Los amigos peligrosos&#8217;. Viertel recoge una supuesta conversaci\u00f3n entre el torero Luis Miguel Domingu\u00edn \u2013amigo de Picasso\u2013 y unos jerarcas franquistas \u00ab\u00bfCu\u00e1ndo vais a dejar a Picasso volver a Espa\u00f1a?\u00bb, pregunt\u00f3 Domingu\u00edn. \u00abNo podemos. Pint\u00f3 el &#8216;Guernica&#8217;\u00bb, le respondieron. \u00abNo. Lo pintasteis vosotros\u00bb, asegura Viertel que replic\u00f3 el torero, reproch\u00e1ndoles el bombardeo que inspir\u00f3 el cuadro. Ninguna otra fuente recoge esta historia.<\/p>\n","protected":false},"excerpt":{"rendered":"El Gobierno vasco ha reclamado formalmente al Ejecutivo central el traslado temporal del &#8216;Guernica&#8217;, el ic\u00f3nico cuadro de&hellip;\n","protected":false},"author":2,"featured_media":481418,"comment_status":"","ping_status":"","sticky":false,"template":"","format":"standard","meta":{"footnotes":""},"categories":[173],"tags":[229,233,231,230,23659,232,6143,234,146,147,981,25,24,13378,6552,14917,289,559,57,23,1570],"class_list":["post-481417","post","type-post","status-publish","format-standard","has-post-thumbnail","category-arte-y-diseno","tag-arte","tag-arte-y-diseno","tag-arts","tag-arts-and-design","tag-bulos","tag-design","tag-dijo","tag-diseno","tag-entertainment","tag-entretenimiento","tag-era","tag-es","tag-espana","tag-guernica","tag-homenaje","tag-nazi","tag-oficial","tag-picasso","tag-sobre","tag-spain","tag-torero"],"share_on_mastodon":{"url":"https:\/\/pubeurope.com\/@es\/116344148801976102","error":""},"_links":{"self":[{"href":"https:\/\/www.europesays.com\/es\/wp-json\/wp\/v2\/posts\/481417","targetHints":{"allow":["GET"]}}],"collection":[{"href":"https:\/\/www.europesays.com\/es\/wp-json\/wp\/v2\/posts"}],"about":[{"href":"https:\/\/www.europesays.com\/es\/wp-json\/wp\/v2\/types\/post"}],"author":[{"embeddable":true,"href":"https:\/\/www.europesays.com\/es\/wp-json\/wp\/v2\/users\/2"}],"replies":[{"embeddable":true,"href":"https:\/\/www.europesays.com\/es\/wp-json\/wp\/v2\/comments?post=481417"}],"version-history":[{"count":0,"href":"https:\/\/www.europesays.com\/es\/wp-json\/wp\/v2\/posts\/481417\/revisions"}],"wp:featuredmedia":[{"embeddable":true,"href":"https:\/\/www.europesays.com\/es\/wp-json\/wp\/v2\/media\/481418"}],"wp:attachment":[{"href":"https:\/\/www.europesays.com\/es\/wp-json\/wp\/v2\/media?parent=481417"}],"wp:term":[{"taxonomy":"category","embeddable":true,"href":"https:\/\/www.europesays.com\/es\/wp-json\/wp\/v2\/categories?post=481417"},{"taxonomy":"post_tag","embeddable":true,"href":"https:\/\/www.europesays.com\/es\/wp-json\/wp\/v2\/tags?post=481417"}],"curies":[{"name":"wp","href":"https:\/\/api.w.org\/{rel}","templated":true}]}}