{"id":481479,"date":"2026-04-04T03:52:27","date_gmt":"2026-04-04T03:52:27","guid":{"rendered":"https:\/\/www.europesays.com\/es\/481479\/"},"modified":"2026-04-04T03:52:27","modified_gmt":"2026-04-04T03:52:27","slug":"raul-garcia-no-ve-la-misma-exigencia-en-el-athletic-que-en-otros-clubes-por-la-filosofia","status":"publish","type":"post","link":"https:\/\/www.europesays.com\/es\/481479\/","title":{"rendered":"Ra\u00fal Garc\u00eda no ve la misma \u00abexigencia\u00bb en el Athletic que en otros clubes por la filosof\u00eda"},"content":{"rendered":"<p>Ra\u00fal Garc\u00eda protagoniz\u00f3 363 batallas con el Athletic, en las que logr\u00f3 84 goles. Durante su trayectoria, el atacante navarro se embols\u00f3 dos t\u00edtulos, una  &#8230; Copa del Rey y una Supercopa. Lleg\u00f3 procedente del Atl\u00e9tico a un equipo que tiene una manera diferente de encarar el f\u00fatbol, de mirar a la competici\u00f3n, de afrontar la vida&#8230; Una entidad que solo salta al c\u00e9sped con jugadores nacidos o formados en la tierra. Entiende el exfutbolista que \u00abno se le da el valor justo\u00bb a la filosof\u00eda que hace del club rojiblanco algo \u00fanico. Sin embargo, le encuentra un problema. \u00abPor otro lado, tiene ese punto negativo porque no se ve muchas veces la exigencia real. En Madrid llegaba todos los a\u00f1os gente nueva y ten\u00edas que apretar. Aqu\u00ed los cambios son diferentes. Son gente que viene de abajo, dos o tres jugadores, que tiene su parte muy positiva, pero tambi\u00e9n negativa\u00bb, expone el exjugador en una conversaci\u00f3n con su excompa\u00f1ero Mario Su\u00e1rez en el &#8216;Camino de Mario&#8217;. <\/p>\n<p class=\"v-p\">El navarro habla de m\u00faltiples an\u00e9cdotas de su trayectoria. Por ejemplo, de un &#8216;encontronazo&#8217; con Cristiano Ronaldo cuando el portugu\u00e9s le realiz\u00f3 una &#8216;espaldinha&#8217;. \u00abLe dije: &#8216;te arranco la cabeza&#8217; o algo as\u00ed. Creo que el respeto siempre debe estar por delante, pero ese d\u00eda me sali\u00f3 del alma\u00bb, expone un exjugador que, confiesa, mand\u00f3 una carta a los \u00e1rbitros cuando se retir\u00f3. <\/p>\n<p class=\"v-p\">Con una carrera de m\u00e1s de 20 a\u00f1os, su final lo protagoniz\u00f3 en Bilbao. Con ese t\u00edtulo de Copa en el bolsillo. Con una alegr\u00eda m\u00e1xima. Recuerda que durante las primeras temporadas, \u00abse rindi\u00f3 bien, entrando en Europa\u00bb. Aunque&#8230; \u00abYo creo que hubo un momento en el que el club debi\u00f3 de ser m\u00e1s ambicioso. El f\u00fatbol no te perdona. Por mucho que t\u00fa tengas una buena plantilla. Hubo salidas de Aymeric (Laporte), de Kepa, de jugadores importantes, que creo que el club deber\u00eda haber sido m\u00e1s ambicioso, seguir mejorando el equipo\u00bb. Su\u00e1rez le habla de los l\u00edmites de la filosof\u00eda a la hora de contratar futbolistas. Garc\u00eda responde: \u00abPero lo que haya (en el mercado) tienes que intentar mejorar. Es el &#8216;pero&#8217; de la filosof\u00eda. La ambici\u00f3n no solo va de firmar jugadores, sino que el mensaje que transmites dentro del vestuario, a nivel de club, tambi\u00e9n tiene que ser ambicioso\u00bb, comenta este futbolista al que los ojos se le iluminan cuando retrocede dos a\u00f1os en el calendario.<\/p>\n<p class=\"v-p\">Porque a estas alturas de 2024 volvi\u00f3 a surcar la r\u00eda la gabarra. \u00abEs dif\u00edcil de explicar para hacerle justicia. Es una cosa de locos. En toda la r\u00eda no hay sitio. Es algo muy especial. En Bilbao, el Athletic se vive desde peque\u00f1o. Es una religi\u00f3n\u00bb, cuenta antes de que aparezca un v\u00eddeo de Aduriz, el otro gran batallador del Athletic. Ambos formaron una pareja perfecta, dos futbolistas y un mismo destino, que no se arrugaba ante nada ni ante nadie. \u00abMi sensaci\u00f3n de jugar con Aduriz es la de disfrutar. Yo sent\u00ed que le liberaba un poco. Es de los compa\u00f1eros con los que m\u00e1s he disfrutado\u00bb, confiesa antes de mirar a Valverde.<\/p>\n<p><a href=\"http:\/\/www.elcorreo.com\/athletic\/deberes-proximo-entrenador-athletic-20260403183319-nt.html#vtm_modulosEngag=mod-rel:athletic:noticia:1:cmp:1-not\" class=\"v-a-link\" aria-label=\"Imagen\" rel=\"nofollow noopener\" target=\"_blank\"><\/p>\n<p><img decoding=\"async\" loading=\"lazy\" src=\"https:\/\/www.europesays.com\/es\/wp-content\/uploads\/2026\/04\/athletic-club-equipo-kvNI--366x256@El Correo.jpg\" class=\"v-a-img\" alt=\"\" data-voc-vtm-id=\"in-text-traffic\" width=\"366\" height=\"256\"\/><\/p>\n<p><\/a><\/p>\n<p>Iraola o I\u00f1igo P\u00e9rez<\/p>\n<p class=\"v-p\">El entrenador con el que se plant\u00f3 en Bilbao y con el que se march\u00f3. \u00abSe va porque en el f\u00fatbol parece que ver una cara mucho tiempo cansa. Es dif\u00edcil que haya un entrenador mejor que \u00e9l. Tiene una humildad, una manera de ser&#8230;\u00bb. \u00bfAndoni Iraola o I\u00f1igo P\u00e9rez?, le cuestiona Su\u00e1rez sobre el futuro preparador. Dos personas que han entrenado en el Rayo Vallecano al entrevistador. \u00abYo creo que son un perfil Ernesto los dos. No te voy a decir que son Ernesto, pero s\u00ed han vivido con \u00e9l. Me gustan, son valientes. Entienden lo que quiere la gente aqu\u00ed\u00bb.<\/p>\n<p class=\"v-p\">Defiende tambi\u00e9n a Nico Williams y lanza una &#8216;pulla&#8217; al Barcelona. \u00abNico ha tenido mucho tiempo con ruido. Es verdad que depende de donde venga el ruido es mayor y a veces no tan limpio como deber\u00eda ser, es fango. \u00c9l ha tenido que ir aprendiendo\u00bb.<\/p>\n","protected":false},"excerpt":{"rendered":"Ra\u00fal Garc\u00eda protagoniz\u00f3 363 batallas con el Athletic, en las que logr\u00f3 84 goles. Durante su trayectoria, el&hellip;\n","protected":false},"author":2,"featured_media":481480,"comment_status":"","ping_status":"","sticky":false,"template":"","format":"standard","meta":{"footnotes":""},"categories":[268],"tags":[2182,11651,168,25,24,15277,5266,280,282,3142,10571,281,23,167],"class_list":["post-481479","post","type-post","status-publish","format-standard","has-post-thumbnail","category-futbol","tag-athletic","tag-clubes","tag-deportes","tag-es","tag-espana","tag-exigencia","tag-filosofia","tag-football","tag-futbol","tag-garcia","tag-raul","tag-soccer","tag-spain","tag-sports"],"share_on_mastodon":{"url":"https:\/\/pubeurope.com\/@es\/116344412356828489","error":""},"_links":{"self":[{"href":"https:\/\/www.europesays.com\/es\/wp-json\/wp\/v2\/posts\/481479","targetHints":{"allow":["GET"]}}],"collection":[{"href":"https:\/\/www.europesays.com\/es\/wp-json\/wp\/v2\/posts"}],"about":[{"href":"https:\/\/www.europesays.com\/es\/wp-json\/wp\/v2\/types\/post"}],"author":[{"embeddable":true,"href":"https:\/\/www.europesays.com\/es\/wp-json\/wp\/v2\/users\/2"}],"replies":[{"embeddable":true,"href":"https:\/\/www.europesays.com\/es\/wp-json\/wp\/v2\/comments?post=481479"}],"version-history":[{"count":0,"href":"https:\/\/www.europesays.com\/es\/wp-json\/wp\/v2\/posts\/481479\/revisions"}],"wp:featuredmedia":[{"embeddable":true,"href":"https:\/\/www.europesays.com\/es\/wp-json\/wp\/v2\/media\/481480"}],"wp:attachment":[{"href":"https:\/\/www.europesays.com\/es\/wp-json\/wp\/v2\/media?parent=481479"}],"wp:term":[{"taxonomy":"category","embeddable":true,"href":"https:\/\/www.europesays.com\/es\/wp-json\/wp\/v2\/categories?post=481479"},{"taxonomy":"post_tag","embeddable":true,"href":"https:\/\/www.europesays.com\/es\/wp-json\/wp\/v2\/tags?post=481479"}],"curies":[{"name":"wp","href":"https:\/\/api.w.org\/{rel}","templated":true}]}}