{"id":482719,"date":"2026-04-04T22:12:12","date_gmt":"2026-04-04T22:12:12","guid":{"rendered":"https:\/\/www.europesays.com\/es\/482719\/"},"modified":"2026-04-04T22:12:12","modified_gmt":"2026-04-04T22:12:12","slug":"alfombra-roja-del-ultimo-de-los-conciertos-de-rosalia-en-madrid","status":"publish","type":"post","link":"https:\/\/www.europesays.com\/es\/482719\/","title":{"rendered":"Alfombra roja del \u00faltimo de los conciertos de Rosal\u00eda en Madrid"},"content":{"rendered":"<p><img decoding=\"async\" class=\"v-ath__i\" loading=\"lazy\" src=\"https:\/\/www.europesays.com\/es\/wp-content\/uploads\/2026\/03\/autor-5496-foto-3.jpeg\" alt=\"Agencia EFE\"\/><\/p>\n<p>04\/04\/2026 a las 21:30h.<\/p>\n<p class=\"v-d-p\" style=\"\">Madrid, 4 abr (EFE).- La actriz Rossy de Palma, la empresaria Carmen Lomana o la cantante Natalia Lacunza, adem\u00e1s de varias influencers, han acudido este s\u00e1bado al Movistar Arena de Madrid al cuarto y \u00faltimo de los conciertos de Rosal\u00eda en la capital, dentro su  &#8230; gira \u2018Lux\u2019.  IMAGEN: PABLO ROJO. RECURSOS DE LA ALFOMBRA ROJA PREVIA AL CUARTO Y \u00daLTIMO CONCIERTO DE ROSAL\u00cdA EN MADRID, DENTRO DE SU GIRA &#8216;LUX&#8217;.<\/p>\n","protected":false},"excerpt":{"rendered":"04\/04\/2026 a las 21:30h. Madrid, 4 abr (EFE).- La actriz Rossy de Palma, la empresaria Carmen Lomana o&hellip;\n","protected":false},"author":2,"featured_media":482720,"comment_status":"","ping_status":"","sticky":false,"template":"","format":"standard","meta":{"footnotes":""},"categories":[91],"tags":[19340,208,146,147,25,24,205,13644,4147,23,3667],"class_list":["post-482719","post","type-post","status-publish","format-standard","has-post-thumbnail","category-entretenimiento","tag-alfombra","tag-conciertos","tag-entertainment","tag-entretenimiento","tag-es","tag-espana","tag-madrid","tag-roja","tag-rosalia","tag-spain","tag-ultimo"],"share_on_mastodon":{"url":"https:\/\/pubeurope.com\/@es\/116348737676721915","error":""},"_links":{"self":[{"href":"https:\/\/www.europesays.com\/es\/wp-json\/wp\/v2\/posts\/482719","targetHints":{"allow":["GET"]}}],"collection":[{"href":"https:\/\/www.europesays.com\/es\/wp-json\/wp\/v2\/posts"}],"about":[{"href":"https:\/\/www.europesays.com\/es\/wp-json\/wp\/v2\/types\/post"}],"author":[{"embeddable":true,"href":"https:\/\/www.europesays.com\/es\/wp-json\/wp\/v2\/users\/2"}],"replies":[{"embeddable":true,"href":"https:\/\/www.europesays.com\/es\/wp-json\/wp\/v2\/comments?post=482719"}],"version-history":[{"count":0,"href":"https:\/\/www.europesays.com\/es\/wp-json\/wp\/v2\/posts\/482719\/revisions"}],"wp:featuredmedia":[{"embeddable":true,"href":"https:\/\/www.europesays.com\/es\/wp-json\/wp\/v2\/media\/482720"}],"wp:attachment":[{"href":"https:\/\/www.europesays.com\/es\/wp-json\/wp\/v2\/media?parent=482719"}],"wp:term":[{"taxonomy":"category","embeddable":true,"href":"https:\/\/www.europesays.com\/es\/wp-json\/wp\/v2\/categories?post=482719"},{"taxonomy":"post_tag","embeddable":true,"href":"https:\/\/www.europesays.com\/es\/wp-json\/wp\/v2\/tags?post=482719"}],"curies":[{"name":"wp","href":"https:\/\/api.w.org\/{rel}","templated":true}]}}