{"id":482975,"date":"2026-04-05T02:18:16","date_gmt":"2026-04-05T02:18:16","guid":{"rendered":"https:\/\/www.europesays.com\/es\/482975\/"},"modified":"2026-04-05T02:18:16","modified_gmt":"2026-04-05T02:18:16","slug":"triunfo-sin-sobresaltos-para-las-campeonas","status":"publish","type":"post","link":"https:\/\/www.europesays.com\/es\/482975\/","title":{"rendered":"triunfo sin sobresaltos para las campeonas"},"content":{"rendered":"<p class=\"ft-text\">El <a class=\"ft-link ft-link--decoration\" href=\"https:\/\/www.superdeporte.es\/tags\/valencia-basket\/\" rel=\"nofollow noopener\" target=\"_blank\"><strong>Valencia Basket<\/strong><\/a><strong> <\/strong>regres\u00f3 a la competici\u00f3n liguera apenas unos d\u00edas despu\u00e9s de proclamarse campe\u00f3n de <a class=\"ft-link ft-link--decoration\" href=\"https:\/\/www.superdeporte.es\/tags\/copa-de-la-reina\/\" rel=\"nofollow noopener\" target=\"_blank\">la Copa de la Reina<\/a>, y lo hizo manteniendo el pulso competitivo con un triunfo convincente en la pista del<strong> Spar Gran Canaria<\/strong>. Las de <strong>Rub\u00e9n Burgos<\/strong>, a\u00fan con la inercia del \u00e9xito copero, supieron gestionar el encuentro con seriedad y oficio, imponiendo su superioridad desde el inicio.<\/p>\n<p class=\"ft-text\"><strong>Con una actuaci\u00f3n coral y sin necesidad de forzar<\/strong>, las taronja fueron ampliando su ventaja a medida que avanzaba el encuentro, apoyadas en su superioridad t\u00e9cnica y f\u00edsica. El resultado final de confirma el buen momento del equipo y le permite seguir mirando hacia la parte alta de la <strong>clasificaci\u00f3n en la recta final de la fase regular<\/strong>.<\/p>\n<p>Salida controlada y &#8216;primera renta&#8217;<\/p>\n<p class=\"ft-text\">Partido tranquilo desde el inicio para el <strong>Valencia Basket<\/strong>, con un ritmo bajo ante un rival claramente superado. <a class=\"ft-link ft-link--decoration\" href=\"https:\/\/www.superdeporte.es\/tags\/leticia-romero\/\" rel=\"nofollow noopener\" target=\"_blank\">Leti Romero <\/a>abri\u00f3 el marcador con una canasta de dos, seguida por un triple de <strong>Mar\u00eda Ara\u00fajo<\/strong> que puso por delante a las taronja. Tambi\u00e9n apareci\u00f3 <strong>Abdelkader <\/strong>desde el per\u00edmetro y <strong>Hillsman<\/strong> sum\u00f3 un 2+1 para mantener la iniciativa visitante.<\/p>\n<p class=\"ft-text\">Las locales, sin embargo, lograron reaccionar y, superado el ecuador del primer cuarto, consiguieron igualar el marcador. Aun as\u00ed, el<a class=\"ft-link ft-link--decoration\" href=\"https:\/\/www.superdeporte.es\/tags\/valencia-basket\/\" rel=\"nofollow noopener\" target=\"_blank\"><strong> Valencia Basket<\/strong><\/a><strong> <\/strong>supo rehacerse y cerrar el periodo con ventaja clara, 20-30.<\/p>\n<p>Dominio &#8216;incontestable&#8217; al descanso<\/p>\n<p class=\"ft-text\">El segundo cuarto comenz\u00f3 con una canasta de dos de<a class=\"ft-link ft-link--decoration\" href=\"https:\/\/www.superdeporte.es\/tags\/maria-araujo\/\" rel=\"nofollow noopener\" target=\"_blank\"> Mar\u00eda Ara\u00fajo<\/a> que dio continuidad al buen arranque visitante. Sin necesidad de acelerar el ritmo, <strong>Valencia Basket <\/strong>fue ampliando su ventaja con absoluta comodidad, imponiendo su superioridad ante un <a class=\"ft-link ft-link--decoration\" href=\"https:\/\/www.superdeporte.es\/tags\/spar-gran-canaria\/\" rel=\"nofollow noopener\" target=\"_blank\"><strong>Spar Gran Canaria<\/strong><\/a><strong> muy limitado<\/strong>.<\/p>\n<p class=\"ft-text\">Pasados tres minutos, el marcador reflejaba ya un claro <strong>22-35<\/strong>, y poco despu\u00e9s un triple de <a class=\"ft-link ft-link--decoration\" href=\"https:\/\/www.superdeporte.es\/tags\/hind-ben-abdelkader\/\" rel=\"nofollow noopener\" target=\"_blank\">Abdelkader <\/a>elevaba la diferencia hasta el 22-40, lo que <strong>oblig\u00f3 al t\u00e9cnico local a detener el juego<\/strong>. Sin bajar el ritmo, el <strong>Valencia Basket<\/strong> sigui\u00f3 ampliando su renta con aportaciones en distintos momentos del cuarto, lo que permiti\u00f3 alcanzar el<strong> 22-47<\/strong> y consolidar su dominio en la pista. Aunque <strong>Hillsman<\/strong> aport\u00f3 desde el tiro libre y las locales encadenaron alg\u00fan acierto exterior, el control del conjunto taronja fue absoluto. Al descanso se lleg\u00f3 con un claro <strong>29-52<\/strong> que dejaba el partido muy encarrilado para las de <a class=\"ft-link ft-link--decoration\" href=\"https:\/\/www.superdeporte.es\/tags\/ruben-burgos\/\" rel=\"nofollow noopener\" target=\"_blank\">Rub\u00e9n Burgos<\/a>. Por su parte, <strong>Abdelkader<\/strong> firm\u00f3 una actuaci\u00f3n destacada desde el per\u00edmetro, con cinco triples (en los dos primeros cuartos) que castigaron constantemente a la defensa local.<\/p>\n<p>Control total y partido sentenciado<\/p>\n<p class=\"ft-text\"><a class=\"ft-link ft-link--decoration\" href=\"https:\/\/www.superdeporte.es\/tags\/ruben-burgos\/\" rel=\"nofollow noopener\" target=\"_blank\">Rub\u00e9n Burgos<\/a> solicit\u00f3 tiempo muerto nada m\u00e1s comenzar el <strong>tercer cuarto<\/strong> tras un triple del combinado local, con el objetivo de evitar cualquier intento de reacci\u00f3n y mantener el control del encuentro.<\/p>\n<p class=\"ft-text\">El <strong>Valencia Basket respondi\u00f3 de inmediato<\/strong>, con una canasta de Hillsman que ampli\u00f3 la renta hasta el 34-54, y una acci\u00f3n de<a class=\"ft-link ft-link--decoration\" href=\"https:\/\/www.superdeporte.es\/tags\/raquel-carrera\/\" rel=\"nofollow noopener\" target=\"_blank\"> Raquel Carrera<\/a> desde el per\u00edmetro que increment\u00f3 a\u00fan m\u00e1s la ventaja. Con el paso de los minutos, la diferencia sigui\u00f3 creciendo hasta un claro <strong>38-67<\/strong> pasado el ecuador del periodo. El <strong>dominio taronja fue absoluto<\/strong> y el cuarto se cerr\u00f3 con un contundente <strong>49-81<\/strong>, dejando el partido pr\u00e1cticamente sentenciado antes del \u00faltimo cuarto.<\/p>\n<p>Festival ofensivo y superioridad taronja<\/p>\n<p class=\"ft-text\"><a class=\"ft-link ft-link--decoration\" href=\"https:\/\/www.superdeporte.es\/tags\/khaalia-hillsman\/\" rel=\"nofollow noopener\" target=\"_blank\">Hillsman<\/a> alcanz\u00f3 el \u00faltimo cuarto con 1<strong>8 puntos y Abdelkader con 21<\/strong>, tras firmar una brillante actuaci\u00f3n desde el per\u00edmetro con <strong>siete triples<\/strong>. El <a class=\"ft-link ft-link--decoration\" href=\"https:\/\/www.superdeporte.es\/tags\/valencia-basket\/\" rel=\"nofollow noopener\" target=\"_blank\">Valencia Basket <\/a>mantuvo su ritmo ofensivo en el tramo final y super\u00f3 la <strong>centena de puntos<\/strong>, cerrando un partido muy completo en Canarias. El reusltado final fue de <strong>66 &#8211; 111.<\/strong><\/p>\n<p>Los r\u00e9cords del partido<\/p>\n<p class=\"ft-text\">-111 puntos, m\u00e1xima anotaci\u00f3n en #LFEndesa<\/p>\n<p class=\"ft-text\">-18 triples, r\u00e9cord absoluto de nuestro equipo en un partido<\/p>\n<p class=\"ft-text\">-8 triples de Hind Ben Abdelkader, r\u00e9cord absoluto de una jugadora nuestra en un partido, y con un 53,33% de acierto con su 8\/15\ud83e\udd2f<\/p>\n<p class=\"ft-text\">-2\u00aa mejor marca de rebotes totales con 54 (nuestro tope est\u00e1 en 55)<\/p>\n","protected":false},"excerpt":{"rendered":"El Valencia Basket regres\u00f3 a la competici\u00f3n liguera apenas unos d\u00edas despu\u00e9s de proclamarse campe\u00f3n de la Copa&hellip;\n","protected":false},"author":2,"featured_media":482976,"comment_status":"","ping_status":"","sticky":false,"template":"","format":"standard","meta":{"footnotes":""},"categories":[269],"tags":[299,1918,298,44786,168,25,24,8450,1897,665,17894,17893,23,77118,167,235,2916],"class_list":["post-482975","post","type-post","status-publish","format-standard","has-post-thumbnail","category-baloncesto","tag-baloncesto","tag-basket","tag-basketball","tag-copa-de-la-reina","tag-deportes","tag-es","tag-espana","tag-fisica","tag-gran-canaria","tag-liga-endesa","tag-liga-f-endesa","tag-ruben-burgos","tag-spain","tag-spar-gran-canaria","tag-sports","tag-valencia","tag-valencia-basket"],"share_on_mastodon":{"url":"https:\/\/pubeurope.com\/@es\/116349704761825693","error":""},"_links":{"self":[{"href":"https:\/\/www.europesays.com\/es\/wp-json\/wp\/v2\/posts\/482975","targetHints":{"allow":["GET"]}}],"collection":[{"href":"https:\/\/www.europesays.com\/es\/wp-json\/wp\/v2\/posts"}],"about":[{"href":"https:\/\/www.europesays.com\/es\/wp-json\/wp\/v2\/types\/post"}],"author":[{"embeddable":true,"href":"https:\/\/www.europesays.com\/es\/wp-json\/wp\/v2\/users\/2"}],"replies":[{"embeddable":true,"href":"https:\/\/www.europesays.com\/es\/wp-json\/wp\/v2\/comments?post=482975"}],"version-history":[{"count":0,"href":"https:\/\/www.europesays.com\/es\/wp-json\/wp\/v2\/posts\/482975\/revisions"}],"wp:featuredmedia":[{"embeddable":true,"href":"https:\/\/www.europesays.com\/es\/wp-json\/wp\/v2\/media\/482976"}],"wp:attachment":[{"href":"https:\/\/www.europesays.com\/es\/wp-json\/wp\/v2\/media?parent=482975"}],"wp:term":[{"taxonomy":"category","embeddable":true,"href":"https:\/\/www.europesays.com\/es\/wp-json\/wp\/v2\/categories?post=482975"},{"taxonomy":"post_tag","embeddable":true,"href":"https:\/\/www.europesays.com\/es\/wp-json\/wp\/v2\/tags?post=482975"}],"curies":[{"name":"wp","href":"https:\/\/api.w.org\/{rel}","templated":true}]}}