{"id":483121,"date":"2026-04-05T04:51:11","date_gmt":"2026-04-05T04:51:11","guid":{"rendered":"https:\/\/www.europesays.com\/es\/483121\/"},"modified":"2026-04-05T04:51:11","modified_gmt":"2026-04-05T04:51:11","slug":"jorge-fernandez-diaz-y-francisco-martinez-de-aliados-en-el-ministerio-a-enemigos-en-el-banquillo-de-la-kitchen","status":"publish","type":"post","link":"https:\/\/www.europesays.com\/es\/483121\/","title":{"rendered":"Jorge Fern\u00e1ndez D\u00edaz y Francisco Mart\u00ednez, de aliados en el Ministerio a enemigos en el banquillo de la Kitchen"},"content":{"rendered":"<p style=\"\">Los dos acusados principales del &#8216;caso Kitchen&#8217;, el exministro del Interior Jorge Fern\u00e1ndez D\u00edaz y su n\u00famero dos, el ex secretario de Estado de Seguridad, Francisco Mart\u00ednez, llegan enfrentados al juicio que arranca este lunes en la Audiencia Nacional.<\/p>\n<p class=\"v-d-p\" style=\"\">Casi 70 mandos policiales habr\u00edan participado en alg\u00fan momento en las vigilancias al entorno de B\u00e1rcenas para recuperar informaci\u00f3n en su poder comprometedora para el PP, seg\u00fan el relato de la Fiscal\u00eda Anticorrupci\u00f3n. El ch\u00f3fer de la familia del extesorero, Sergio R\u00edos, cobr\u00f3 2.000 euros mensuales, casi 60.000 en total, por colaborar con los mandos policiales implicados y facilitarles los dispositivos que consigui\u00f3 recabar. Despu\u00e9s, consigui\u00f3 un puesto en la Polic\u00eda Nacional.<\/p>\n<ul class=\"v-cmp-rld__u\">\n<li class=\"v-cmp-rld__l\">\n<p><a class=\"v-a-lnk\" href=\"http:\/\/www.abc.es\/espana\/castilla-la-mancha\/psoe-acusa-pp-desmarcarse-anos-cospedal-recortes-20260325194033-nt.html#vtm_modulosEngag=noticiasrelacionadas-cmp-uno:espana:noticia:1\" title=\"El PSOE acusa al PP de no desmarcarse de los a\u00f1os de Cospedal \u00abde recortes y presuntas irregularidades\u00bb\" data-voc-vtm-id=\"in-text-traffic\" rel=\"nofollow noopener\" target=\"_blank\"><br \/>\n<img decoding=\"async\" loading=\"lazy\" src=\"https:\/\/www.europesays.com\/es\/wp-content\/uploads\/2026\/04\/Navas PSOE CLM-U46663324861UOg-366x256@diario_abc.jpg\" class=\"v-a-img\" width=\"258\" height=\"180\" alt=\"El PSOE acusa al PP de no desmarcarse de los a\u00f1os de Cospedal \u00abde recortes y presuntas irregularidades\u00bb\"\/><br \/>\n<\/a><\/p>\n<\/li>\n<\/ul>\n<p>\nMensajes ante notario\n<\/p>\n<p class=\"v-d-p\" style=\"\">Unos mensajes intercambiados entre el exministro y su n\u00famero dos, Mart\u00ednez, que \u00e9ste \u00faltimo registr\u00f3 ante notario, comprometieron durante la instrucci\u00f3n la versi\u00f3n de Fern\u00e1ndez D\u00edaz. Los famosos mensajes, que el exministro habr\u00eda enviado supuestamente a Mart\u00ednez durante el desarrollo del operativo denominado &#8216;Kitchen&#8217; y cuyo resultado no acab\u00f3 entreg\u00e1ndose al juez que ya investigaba la contabilidad paralela de B\u00e1rcenas en el marco del caso G\u00fcrtel, dec\u00edan: \u00abLa operaci\u00f3n se hizo con \u00e9xito. Te informo\u00bb, se pod\u00eda leer en el primero, con fecha 18 de octubre de 2013. <\/p>\n<p class=\"v-d-p\" style=\"\">Meses antes, el 13 de julio, Fern\u00e1ndez D\u00edaz habr\u00eda escrito: \u00abCh\u00f3fer B: Sergio R\u00edos Esgueva (ahora hace esa funci\u00f3n con su mujer)\u00bb. Tambi\u00e9n en dichos textos se hablaba de un &#8216;contacto Cecilio&#8217;. En el argot policial se suele hablar de los miembros del Centro Nacional de Inteligencia (CNI) como &#8216;cecilios&#8217;. Mart\u00ednez sostiene que fue el CNI quien espi\u00f3 a B\u00e1rcenas. Su exjefe, F\u00e9lix Sanz Rold\u00e1n, enemigo del comisario jubilado Jos\u00e9 Manuel Villarejo, declarar\u00e1 en el juicio. <\/p>\n<p class=\"v-d-p\" style=\"\">La contradicci\u00f3n entre las versiones de Fern\u00e1ndez D\u00edaz y Mart\u00ednez (quien tambi\u00e9n niega haber participado en ninguna operaci\u00f3n al margen de la ley) llev\u00f3 al juez Manuel Garc\u00eda-Castell\u00f3n a citarles a <strong>un careo el 13 de noviembre de 2020<\/strong>. Durante \u00e9ste, Fern\u00e1ndez D\u00edaz acus\u00f3 a Mart\u00ednez de insultarle y el segundo, de \u00abecharle a las fauces de la prensa\u00bb. \u00abYo era a quien t\u00fa llamabas, tu persona de confianza. No pensaba que fu\u00e9ramos a acabar as\u00ed\u00bb, lament\u00f3 Mart\u00ednez durante el careo judicial en el que estuvieron sentados uno al lado del otro frente al juez. <\/p>\n<p class=\"v-d-p\" style=\"\">El esp\u00edritu de enfrentamiento entre ambos de aquel careo y las versiones enfrentadas se ha mantenido hasta la apertura del juicio, en el que ambos se enfrentan a 15 a\u00f1os de prisi\u00f3n por los presuntos delitos de encubrimiento, malversaci\u00f3n y contra la intimidad. Casi una decena de mandos policiales, entre ellos, el ex director adjunto operativo (DAO) de la Polic\u00eda Eugenio Pino y el comisario jubilado Jos\u00e9 Manuel Villarejo, tambi\u00e9n entre los acusados. <\/p>\n<p class=\"v-d-p\" style=\"\">Lo que s\u00ed han compartido ambos acusados es la petici\u00f3n de que el Partido Popular se siente en el banquillo de los acusados como part\u00edcipe a t\u00edtulo lucrativo (igual que pidi\u00f3 el PSOE como acusaci\u00f3n), aunque no lo han conseguido. <\/p>\n<p class=\"v-d-p\" style=\"\">\u00abDel propio relato f\u00e1ctico de los escritos de acusaci\u00f3n, se desprende que el origen y epicentro de los hechos presuntamente delictivos fue el espionaje y la sustracci\u00f3n a la familia B\u00e1rcenas de informaci\u00f3n supuestamente perjudicial para los intereses del PP, siempre en su beneficio y utilizando para tales fines fondos reservados (&#8230;) solicit\u00e1ndose una condena en v\u00eda de responsabilidad civil, que se acoge y refleja en el propio auto de apertura, resulta obvio, coherente y necesario incluir al PP como part\u00edcipe a t\u00edtulo lucrativo\u00bb, justific\u00f3 la defensa de Fern\u00e1ndez D\u00edaz en uno de sus escritos. <\/p>\n","protected":false},"excerpt":{"rendered":"Los dos acusados principales del &#8216;caso Kitchen&#8217;, el exministro del Interior Jorge Fern\u00e1ndez D\u00edaz y su n\u00famero dos,&hellip;\n","protected":false},"author":2,"featured_media":483122,"comment_status":"","ping_status":"","sticky":false,"template":"","format":"standard","meta":{"footnotes":""},"categories":[8],"tags":[17,18,779,1563,48012,25,24,13,14,10994,11,5541,19,20,6752,9,10,15,16,5533,23,12,21,22],"class_list":["post-483121","post","type-post","status-publish","format-standard","has-post-thumbnail","category-espana","tag-breaking-news","tag-breakingnews","tag-diaz","tag-dos","tag-enfrentados","tag-es","tag-espana","tag-featured-news","tag-featurednews","tag-fernandez","tag-headlines","tag-juicio","tag-latest-news","tag-latestnews","tag-llegan","tag-news","tag-noticias","tag-noticias-destacadas","tag-noticiasdestacadas","tag-numero","tag-spain","tag-titulares","tag-ultimas-noticias","tag-ultimasnoticias"],"share_on_mastodon":{"url":"https:\/\/pubeurope.com\/@es\/116350306831273589","error":""},"_links":{"self":[{"href":"https:\/\/www.europesays.com\/es\/wp-json\/wp\/v2\/posts\/483121","targetHints":{"allow":["GET"]}}],"collection":[{"href":"https:\/\/www.europesays.com\/es\/wp-json\/wp\/v2\/posts"}],"about":[{"href":"https:\/\/www.europesays.com\/es\/wp-json\/wp\/v2\/types\/post"}],"author":[{"embeddable":true,"href":"https:\/\/www.europesays.com\/es\/wp-json\/wp\/v2\/users\/2"}],"replies":[{"embeddable":true,"href":"https:\/\/www.europesays.com\/es\/wp-json\/wp\/v2\/comments?post=483121"}],"version-history":[{"count":0,"href":"https:\/\/www.europesays.com\/es\/wp-json\/wp\/v2\/posts\/483121\/revisions"}],"wp:featuredmedia":[{"embeddable":true,"href":"https:\/\/www.europesays.com\/es\/wp-json\/wp\/v2\/media\/483122"}],"wp:attachment":[{"href":"https:\/\/www.europesays.com\/es\/wp-json\/wp\/v2\/media?parent=483121"}],"wp:term":[{"taxonomy":"category","embeddable":true,"href":"https:\/\/www.europesays.com\/es\/wp-json\/wp\/v2\/categories?post=483121"},{"taxonomy":"post_tag","embeddable":true,"href":"https:\/\/www.europesays.com\/es\/wp-json\/wp\/v2\/tags?post=483121"}],"curies":[{"name":"wp","href":"https:\/\/api.w.org\/{rel}","templated":true}]}}