{"id":483220,"date":"2026-04-05T06:19:30","date_gmt":"2026-04-05T06:19:30","guid":{"rendered":"https:\/\/www.europesays.com\/es\/483220\/"},"modified":"2026-04-05T06:19:30","modified_gmt":"2026-04-05T06:19:30","slug":"no-dejes-de-sonar-maria-pelae-y-su-premiado-que-vengan-a-por-mi-sorprenden-a-javier","status":"publish","type":"post","link":"https:\/\/www.europesays.com\/es\/483220\/","title":{"rendered":"No dejes de so\u00f1ar | Mar\u00eda Pel\u00e1e y su premiado &#8216;Que vengan a por mi&#8217; sorprenden a Javier"},"content":{"rendered":"<p><strong>Mar\u00eda Pel\u00e1e <\/strong>es otra malague\u00f1a de primer nivel nos visita esta semana en <strong>\u201c<a href=\"https:\/\/www.canalsur.es\/No dejes de so\u00c3\u00b1ar-5974.html\" rel=\"nofollow noopener\" target=\"_blank\">No dejes de so\u00f1ar<\/a>\u201d<\/strong>. Lo hace para hacer realidad el <strong>sue\u00f1o de Javier<\/strong>, un fan incondicional de <strong>Mar\u00eda Pel\u00e1e<\/strong>. Ella, primera espa\u00f1ola en ganar el premio a <strong>Mejor Int\u00e9rprete Folcl\u00f3rica en el Festival Vi\u00f1a del Mar<\/strong>, le canta <strong>\u201cQue vengan a por m\u00ed\u201d<\/strong>, tema con el que se ha impuesto en el c\u00e9lebre festival.<\/p>\n<p>Mar\u00eda, adem\u00e1s, le regala m\u00e1s de una entrada para que vaya a verla a su concierto de Sevilla.<\/p>\n","protected":false},"excerpt":{"rendered":"Mar\u00eda Pel\u00e1e es otra malague\u00f1a de primer nivel nos visita esta semana en \u201cNo dejes de so\u00f1ar\u201d. Lo&hellip;\n","protected":false},"author":2,"featured_media":483221,"comment_status":"","ping_status":"","sticky":false,"template":"","format":"standard","meta":{"footnotes":""},"categories":[91],"tags":[146,147,25,24,41440,98516,98517,59826,41441,98518,98519,98520,23,98521],"class_list":["post-483220","post","type-post","status-publish","format-standard","has-post-thumbnail","category-entretenimiento","tag-entertainment","tag-entretenimiento","tag-es","tag-espana","tag-manu-sanchez","tag-maria-pelae","tag-mejor-interprete-folclorica-en-el-festival-vina-del-mar","tag-no-dejes-de-sonar","tag-pastora-soler","tag-programa-canal-sur","tag-programa-sorpresas","tag-programa-sorpresas-canal-sur","tag-spain","tag-suenos-hechos-realidad"],"share_on_mastodon":{"url":"https:\/\/pubeurope.com\/@es\/116350652485427492","error":""},"_links":{"self":[{"href":"https:\/\/www.europesays.com\/es\/wp-json\/wp\/v2\/posts\/483220","targetHints":{"allow":["GET"]}}],"collection":[{"href":"https:\/\/www.europesays.com\/es\/wp-json\/wp\/v2\/posts"}],"about":[{"href":"https:\/\/www.europesays.com\/es\/wp-json\/wp\/v2\/types\/post"}],"author":[{"embeddable":true,"href":"https:\/\/www.europesays.com\/es\/wp-json\/wp\/v2\/users\/2"}],"replies":[{"embeddable":true,"href":"https:\/\/www.europesays.com\/es\/wp-json\/wp\/v2\/comments?post=483220"}],"version-history":[{"count":0,"href":"https:\/\/www.europesays.com\/es\/wp-json\/wp\/v2\/posts\/483220\/revisions"}],"wp:featuredmedia":[{"embeddable":true,"href":"https:\/\/www.europesays.com\/es\/wp-json\/wp\/v2\/media\/483221"}],"wp:attachment":[{"href":"https:\/\/www.europesays.com\/es\/wp-json\/wp\/v2\/media?parent=483220"}],"wp:term":[{"taxonomy":"category","embeddable":true,"href":"https:\/\/www.europesays.com\/es\/wp-json\/wp\/v2\/categories?post=483220"},{"taxonomy":"post_tag","embeddable":true,"href":"https:\/\/www.europesays.com\/es\/wp-json\/wp\/v2\/tags?post=483220"}],"curies":[{"name":"wp","href":"https:\/\/api.w.org\/{rel}","templated":true}]}}