{"id":48350,"date":"2025-08-15T03:27:11","date_gmt":"2025-08-15T03:27:11","guid":{"rendered":"https:\/\/www.europesays.com\/es\/48350\/"},"modified":"2025-08-15T03:27:11","modified_gmt":"2025-08-15T03:27:11","slug":"baloncesto-monbus-obradoiro-el-coliseum-acogera-una-copa-galicia-que-sera-un-duro-test-para-el-obradoiro","status":"publish","type":"post","link":"https:\/\/www.europesays.com\/es\/48350\/","title":{"rendered":"BALONCESTO MONBUS OBRADOIRO | El Coliseum acoger\u00e1 una Copa Galicia que ser\u00e1 un duro test para el Obradoiro"},"content":{"rendered":"<p class=\"ft-text\">La <strong>Copa Galicia de Baloncest<\/strong>o se celebrar\u00e1 en A Coru\u00f1a, los d\u00edas 5 y 6 de septiembre, reuniendo a <strong>Monbus Obradoiro, R\u00edo Breog\u00e1n, Club Ourense Baloncesto y Leyma Coru\u00f1a<\/strong>, 19 a\u00f1os despu\u00e9s de su \u00faltima edici\u00f3n en la ciudad.<\/p>\n<p class=\"ft-text\">La presentaci\u00f3n oficial se celebr\u00f3 este jueves en el Sal\u00f3n de Sesiones del Pazo Municipal, contando con la presencia de la alcaldesa de A Coru\u00f1a, In\u00e9s Rey; del jefe de Servicio Provincial de Deporte de la Xunta de Galicia, Roberto Garc\u00eda; del concejal de Deportes, Manuel V\u00e1zquez; y del presidente de la Federaci\u00f3n Gallega de Baloncesto, Julio Bern\u00e1rdez.<\/p>\n<p class=\"ft-text\">En representaci\u00f3n de los clubes participantes intervinieron: Carmen Lence, presidenta del R\u00edo Breog\u00e1n; Rafael Silva, consejero del Monbus Obradoiro; Sergio P\u00e9rez, director deportivo del Club Ourense Baloncesto; y, por el Leyma Coru\u00f1a, Miguel Val\u00edn, vicepresidente, y Carlos Uzal, director deportivo.<\/p>\n<p class=\"ft-text\">Tambi\u00e9n estuvieron presentes la directora general de la FEGABA, Susana Fern\u00e1ndez Fiuza; el director comercial de la federaci\u00f3n, Jos\u00e9 Cobelo L\u00f3pez; el juez \u00fanico del Comit\u00e9 de Apelaci\u00f3n, Miguel Juane; y el jefe de prensa del Monbus Obradoiro, Pablo van Vroenhoven. El torneo se vivir\u00e1 en el <strong>Coliseum<\/strong> y la distribuci\u00f3n de los partidos se anunciar\u00e1 en los pr\u00f3ximos d\u00edas.<\/p>\n<p class=\"ft-text\">In\u00e9s Rey destac\u00f3 que \u00abla Copa Galicia re\u00fane a<strong> la \u00e9lite de nuestro baloncesto<\/strong> y este a\u00f1o volver\u00e1 a sentirse en A Coru\u00f1a, delante de una afici\u00f3n que siempre responde y que llena de vida a ciudad\u00bb. La alcaldesa record\u00f3 que la \u00faltima vez que a Coru\u00f1a fue sede de esta competici\u00f3n fue en el 2006 y subray\u00f3 que \u00ab19 a\u00f1os despu\u00e9s, esta Copa Galicia es tambi\u00e9n una oportunidad para impulsar nuestro comercio, nuestra hosteler\u00eda y la proyecci\u00f3n de A Coru\u00f1a como ciudad abierta, din\u00e1mica y apasionada por el deporte\u00bb.<\/p>\n<p class=\"ft-text\">El concejal de Deportes, Manuel V\u00e1zquez, destac\u00f3 que \u00abesta cita es una ocasi\u00f3n para<strong> disfrutar del mejor baloncesto gallego<\/strong> y tambi\u00e9n para que A Coru\u00f1a demuestre, una vez m\u00e1s, que est\u00e1 preparada para organizar eventos deportivos de m\u00e1ximo nivel\u00bb.<\/p>\n","protected":false},"excerpt":{"rendered":"La Copa Galicia de Baloncesto se celebrar\u00e1 en A Coru\u00f1a, los d\u00edas 5 y 6 de septiembre, reuniendo&hellip;\n","protected":false},"author":2,"featured_media":48351,"comment_status":"","ping_status":"","sticky":false,"template":"","format":"standard","meta":{"footnotes":""},"categories":[269],"tags":[5843,2231,299,298,10569,3920,2493,168,25,24,816,14097,10284,10281,10285,19704,23,167],"class_list":{"0":"post-48350","1":"post","2":"type-post","3":"status-publish","4":"format-standard","5":"has-post-thumbnail","7":"category-baloncesto","8":"tag-a-coruna","9":"tag-acogera","10":"tag-baloncesto","11":"tag-basketball","12":"tag-breogan","13":"tag-coliseum","14":"tag-copa","15":"tag-deportes","16":"tag-es","17":"tag-espana","18":"tag-galicia","19":"tag-leyma-coruna","20":"tag-monbus-obradoiro","21":"tag-obradoiro","22":"tag-obradoiro-cab","23":"tag-ourense","24":"tag-spain","25":"tag-sports"},"share_on_mastodon":{"url":"","error":""},"_links":{"self":[{"href":"https:\/\/www.europesays.com\/es\/wp-json\/wp\/v2\/posts\/48350","targetHints":{"allow":["GET"]}}],"collection":[{"href":"https:\/\/www.europesays.com\/es\/wp-json\/wp\/v2\/posts"}],"about":[{"href":"https:\/\/www.europesays.com\/es\/wp-json\/wp\/v2\/types\/post"}],"author":[{"embeddable":true,"href":"https:\/\/www.europesays.com\/es\/wp-json\/wp\/v2\/users\/2"}],"replies":[{"embeddable":true,"href":"https:\/\/www.europesays.com\/es\/wp-json\/wp\/v2\/comments?post=48350"}],"version-history":[{"count":0,"href":"https:\/\/www.europesays.com\/es\/wp-json\/wp\/v2\/posts\/48350\/revisions"}],"wp:featuredmedia":[{"embeddable":true,"href":"https:\/\/www.europesays.com\/es\/wp-json\/wp\/v2\/media\/48351"}],"wp:attachment":[{"href":"https:\/\/www.europesays.com\/es\/wp-json\/wp\/v2\/media?parent=48350"}],"wp:term":[{"taxonomy":"category","embeddable":true,"href":"https:\/\/www.europesays.com\/es\/wp-json\/wp\/v2\/categories?post=48350"},{"taxonomy":"post_tag","embeddable":true,"href":"https:\/\/www.europesays.com\/es\/wp-json\/wp\/v2\/tags?post=48350"}],"curies":[{"name":"wp","href":"https:\/\/api.w.org\/{rel}","templated":true}]}}