{"id":483681,"date":"2026-04-05T13:37:18","date_gmt":"2026-04-05T13:37:18","guid":{"rendered":"https:\/\/www.europesays.com\/es\/483681\/"},"modified":"2026-04-05T13:37:18","modified_gmt":"2026-04-05T13:37:18","slug":"la-vi-casi-caer-y-renacer","status":"publish","type":"post","link":"https:\/\/www.europesays.com\/es\/483681\/","title":{"rendered":"la vi casi caer y renacer\u00bb"},"content":{"rendered":"<p class=\"c-paragraph\">Acumula cerca de 80 exposiciones repartidas por Espa\u00f1a y buena parte del mundo, sin embargo se siente un desconocido en Huesca, en su tierra. Javier G\u00f3mez es un fot\u00f3grafo que empez\u00f3 haciendo paisaje, se reconvirti\u00f3 al blanco y negro m\u00e1s conceptual y ha pasado por otro tipo de estilos con los que ha conseguido premios a nivel nacional, adem\u00e1s de hacerse un hueco en las mejores galer\u00edas del pa\u00eds. Ahora prepara su regreso al color con dos proyectos distintos. Pr\u00f3ximamente lo veremos en Uruguay y confiesa que aqu\u00ed, en la provincia, le encantar\u00eda exponer en Canfranc.<\/p>\n<p class=\"c-paragraph\"><b>Usted empez\u00f3 fotografiando paisaje. \u00bfTiene la provincia algo que ver en ese arranque?<\/b><\/p>\n<p class=\"c-paragraph\">-S\u00ed. Cuando empec\u00e9 con la astrofotograf\u00eda comenc\u00e9 haciendo paisaje: Sallent de G\u00e1llego, Alqu\u00e9zar, Broto, Torla, Ordesa&#8230; Fue el territorio natural donde aprend\u00ed a mirar. Luego lo que hago ahora no tiene nada que ver con lo que hac\u00eda entonces.<\/p>\n<p class=\"c-paragraph\"><b>\u00bfY hay un rinc\u00f3n de la provincia que sienta suyo de manera especial?<\/b><\/p>\n<p class=\"c-paragraph\">-Canfranc. Canfranc Estaci\u00f3n. Estuve trabajando all\u00ed unos a\u00f1os y le tengo un cari\u00f1o especial. He hecho muchas fotos all\u00ed, sobre todo de cuando estaba como estaba, con los andenes, los vagones, esa atm\u00f3sfera de abandono que ten\u00eda. Incluso hice una exposici\u00f3n en el Matadero de Huesca en la que inclu\u00ed im\u00e1genes del interior, de una puerta que comunicaba con una habitaci\u00f3n&#8230; Me qued\u00e9 con ese detalle.<\/p>\n<p class=\"c-paragraph\"><b>\u00bfEs Canfranc el lugar m\u00e1s fotografiable de la provincia?<\/b><\/p>\n<p class=\"c-paragraph\">-Yo dir\u00eda que Alqu\u00e9zar. Con todo lo que ha salido como uno de los pueblos m\u00e1s bonitos de Espa\u00f1a tiene una presencia visual enorme. Pero tambi\u00e9n Benasque o Sallent.\u00a0<\/p>\n<p class=\"c-paragraph\"><b>\u00bfHay una \u00e9poca del a\u00f1o en la que la provincia est\u00e9 especialmente fotog\u00e9nica?<\/b><\/p>\n<p class=\"c-paragraph\">-Lo t\u00edpico ser\u00eda decir el oto\u00f1o en Ordesa, y no le falta raz\u00f3n a quien lo dice. Pero yo me voy a septiembre, a ese momento en el que el verano y el oto\u00f1o se rozan. Me gusta mucho la luz del verano en alta monta\u00f1a. Es una luz m\u00e1s intensa, m\u00e1s dura, pero los atardeceres cambian de una manera que no se ve en ning\u00fan otro sitio.<\/p>\n<p class=\"c-paragraph\"><b>Hablando de luz, \u00bfc\u00f3mo valora la del Alto Arag\u00f3n frente a otras que haya conocido?<\/b><\/p>\n<p class=\"c-paragraph\">-Es buena. Lo que me sorprende, y no lo hab\u00eda pensado as\u00ed hasta que me lo plante\u00e9, es c\u00f3mo cambia con la altitud. No es la misma luz la de Sallent que la de Huesca o la de Alqu\u00e9zar. Cuanto m\u00e1s alto est\u00e1s y m\u00e1s rodeado de monta\u00f1as, m\u00e1s intensa es la luz. En verano, la luz dura puede ocupar de 12:00 a 16:00 horas en la ciudad, pero en la monta\u00f1a eso se agudiza mucho m\u00e1s. Esto es algo que uno no piensa hasta que empieza a fotografiar de verdad.<\/p>\n<p class=\"c-paragraph\"><b>Usted expone continuamente fuera de Huesca, fuera de Espa\u00f1a. \u00bfPor qu\u00e9 sigue viviendo aqu\u00ed?<\/b><\/p>\n<p class=\"c-paragraph\">-Porque vivo aqu\u00ed. Antes de casarme me plante\u00e9 quedarme en Menorca una temporada, me gusta mucho. Pero en el momento en que tienes hijos, todo cambia. Y la verdad es que tampoco me parece mal. Los pueblos peque\u00f1os de la provincia me gustan, la accesibilidad que tiene Huesca es buena: tienes Madrid a un tiro.\u00a0<\/p>\n<p class=\"c-paragraph\"><b>Lleva varios a\u00f1os sin exponer en la provincia. \u00bfLe pesa?<\/b><\/p>\n<p class=\"c-paragraph\">-La \u00faltima creo que fue en 2018, en el Hotel Abba, donde hice tres o cuatro exposiciones. Una de ellas destin\u00e9 los beneficios \u00edntegramente a la lucha contra el c\u00e1ncer. Y s\u00ed, me gustar\u00eda volver. Me gustar\u00eda hacer una buena exposici\u00f3n aqu\u00ed porque soy de Huesca y llevo demasiado tiempo sin hacerlo. El problema es que no s\u00e9 bien d\u00f3nde hacerla.<\/p>\n<p class=\"c-paragraph\"><b>Si pudiera elegir cualquier lugar de la provincia para exponer, \u00bfcu\u00e1l ser\u00eda?<\/b><\/p>\n<p class=\"c-paragraph\">-La estaci\u00f3n de Canfranc. Es evidente. La he visto cuando estaba a punto de caerse y el verano pasado estuve en el hotel que han abierto all\u00ed. Verla as\u00ed, rehabilitada, y poder colgar mis fotos de c\u00f3mo era antes&#8230; eso ser\u00eda cerrar un c\u00edrculo.<\/p>\n<p class=\"c-paragraph\"><b>\u00bfDentro de diez a\u00f1os se sigue viendo en la provincia?<\/b><\/p>\n<p class=\"c-paragraph\">-S\u00ed. Seguir\u00e9 saliendo y viajando sin parar, pero s\u00ed. Aqu\u00ed es donde est\u00e1 mi vida. Aunque he de decirte que el sur me atrae cada vez m\u00e1s.<\/p>\n<p class=\"c-paragraph\"><b>\u00bfQu\u00e9 papel ha jugado el DIARIO DEL ALTOARAG\u00d3N en su trayectoria?<\/b><\/p>\n<p class=\"c-paragraph\">-Bastante. Desde mis inicios. La primera exposici\u00f3n que hice en Huesca fue en el Centro Ra\u00edces, inaugur\u00e9 la nueva temporada de esa sala, y hubo rueda de prensa en el Matadero. Fue una semana de radio, televisi\u00f3n, peri\u00f3dicos&#8230; y el AltoArag\u00f3n estaba ah\u00ed. Casi todo lo que he hecho ha tenido reflejo en el peri\u00f3dico.\u00a0\u00a0<\/p>\n","protected":false},"excerpt":{"rendered":"Acumula cerca de 80 exposiciones repartidas por Espa\u00f1a y buena parte del mundo, sin embargo se siente un&hellip;\n","protected":false},"author":2,"featured_media":483682,"comment_status":"","ping_status":"","sticky":false,"template":"","format":"standard","meta":{"footnotes":""},"categories":[173],"tags":[229,233,231,230,232,234,146,147,25,24,6638,4190,20638,5264,24114,23],"class_list":["post-483681","post","type-post","status-publish","format-standard","has-post-thumbnail","category-arte-y-diseno","tag-arte","tag-arte-y-diseno","tag-arts","tag-arts-and-design","tag-design","tag-diseno","tag-entertainment","tag-entretenimiento","tag-es","tag-espana","tag-fotografo","tag-gomez","tag-gustaria","tag-javier","tag-me","tag-spain"],"share_on_mastodon":{"url":"https:\/\/pubeurope.com\/@es\/116352374915290908","error":""},"_links":{"self":[{"href":"https:\/\/www.europesays.com\/es\/wp-json\/wp\/v2\/posts\/483681","targetHints":{"allow":["GET"]}}],"collection":[{"href":"https:\/\/www.europesays.com\/es\/wp-json\/wp\/v2\/posts"}],"about":[{"href":"https:\/\/www.europesays.com\/es\/wp-json\/wp\/v2\/types\/post"}],"author":[{"embeddable":true,"href":"https:\/\/www.europesays.com\/es\/wp-json\/wp\/v2\/users\/2"}],"replies":[{"embeddable":true,"href":"https:\/\/www.europesays.com\/es\/wp-json\/wp\/v2\/comments?post=483681"}],"version-history":[{"count":0,"href":"https:\/\/www.europesays.com\/es\/wp-json\/wp\/v2\/posts\/483681\/revisions"}],"wp:featuredmedia":[{"embeddable":true,"href":"https:\/\/www.europesays.com\/es\/wp-json\/wp\/v2\/media\/483682"}],"wp:attachment":[{"href":"https:\/\/www.europesays.com\/es\/wp-json\/wp\/v2\/media?parent=483681"}],"wp:term":[{"taxonomy":"category","embeddable":true,"href":"https:\/\/www.europesays.com\/es\/wp-json\/wp\/v2\/categories?post=483681"},{"taxonomy":"post_tag","embeddable":true,"href":"https:\/\/www.europesays.com\/es\/wp-json\/wp\/v2\/tags?post=483681"}],"curies":[{"name":"wp","href":"https:\/\/api.w.org\/{rel}","templated":true}]}}