{"id":484243,"date":"2026-04-05T21:29:12","date_gmt":"2026-04-05T21:29:12","guid":{"rendered":"https:\/\/www.europesays.com\/es\/484243\/"},"modified":"2026-04-05T21:29:12","modified_gmt":"2026-04-05T21:29:12","slug":"siete-heridos-al-desprenderse-el-techo-del-comedor-de-un-hotel-de-benidorm","status":"publish","type":"post","link":"https:\/\/www.europesays.com\/es\/484243\/","title":{"rendered":"Siete heridos al desprenderse el techo del comedor de un hotel de Benidorm"},"content":{"rendered":"<p class=\"ft-text ft-helper-closenews\"><strong>Siete personas han resultado heridas <\/strong>este domingo al mediod\u00eda tras el\u00a0<strong>derrumbe\u00a0<\/strong>de parte del techo de un<strong>\u00a0hotel en\u00a0<\/strong><a class=\"ft-link ft-link--decoration\" href=\"https:\/\/www.levante-emv.com\/tags\/benidorm\/\" rel=\"nofollow noopener\" target=\"_blank\"><strong>Benidorm<\/strong><\/a><strong>,\u00a0<\/strong>seg\u00fan ha informado el\u00a0Centro de Informaci\u00f3n y Coordinaci\u00f3n de Urgencias\u00a0(CICU). El desprendimiento, se ha producido en el comedor del<strong>\u00a0hotel Poseid\u00f3n Palace<\/strong>, seg\u00fan fuentes cercanas al caso.<\/p>\n<p class=\"ft-text\">El CICU ha recibido el aviso sobre las 14:20 horas y ha movilizado hasta\u00a0<strong>tres ambulancias,<\/strong>\u00a0entre ellas una SVB y un SAMU. Adem\u00e1s, tambi\u00e9n se ha solicitado el apoyo de personal de\u00a0Cruz Roja\u00a0para atender a los heridos.<\/p>\n<p class=\"ft-text\">Los servicios sanitarios han atendido a cinco hombres y dos mujeres por\u00a0<strong>contusiones<\/strong>. Una\u00a0<strong>menor\u00a0<\/strong>de 8 a\u00f1os y un hombre de 78 han sido dados de alta in situ, pero los otros cinco heridos restantes, de entre 33 y 80 a\u00f1os han sido trasladados a centros hospitalarios tras una primera asistencia en el lugar del accidente. As\u00ed, uno de los heridos se encuentra\u00a0<strong>en observaci\u00f3n\u00a0<\/strong>en el Hospital de la Marina Baixa.<\/p>\n<p>Sesenta clientes en el momento del accidente<\/p>\n<p class=\"ft-text\">El accidente se ha producido en la zona del comedor, que en ese momento estaba ocupado por unas 60 personas que se encontraban\u00a0<strong>disfrutando del turno de comidas,<\/strong>\u00a0seg\u00fan ha explicado al diario Informaci\u00f3n Pere Joan Devesa, director general de Hoteles Poseidon.<\/p>\n<p class=\"ft-text\">De pronto, los clientes se han visto sorprendidos por la ca\u00edda de parte del techo, que ha arrastrado incluso algunos de los conductos del sistema de climatizaci\u00f3n, cayendo tambi\u00e9n\u00a0<strong>restos de escayola<\/strong>\u00a0en mesas, sillas y suelo.<\/p>\n<p class=\"ft-text\">Por el momento, se desconocen las causas por las que se ha producido el suceso. Por ello, seg\u00fan el Ayuntamiento, un<strong>\u00a0arquitecto municipal<\/strong>\u00a0se ha desplazado hasta el lugar de los hechos para establecer las posibles causas y el alcance del desprendimiento de parte del techo de pladur.<\/p>\n<p data-close=\"closedContent\" class=\"subscribeHideForDisplay\">Suscr\u00edbete para seguir leyendo<\/p>\n","protected":false},"excerpt":{"rendered":"Siete personas han resultado heridas este domingo al mediod\u00eda tras el\u00a0derrumbe\u00a0de parte del techo de un\u00a0hotel en\u00a0Benidorm,\u00a0seg\u00fan ha&hellip;\n","protected":false},"author":2,"featured_media":484244,"comment_status":"","ping_status":"","sticky":false,"template":"","format":"standard","meta":{"footnotes":""},"categories":[8],"tags":[7092,17,18,98625,25,24,13,14,11,11225,206,19,20,9,10,15,16,5294,23,18018,12,21,22],"class_list":["post-484243","post","type-post","status-publish","format-standard","has-post-thumbnail","category-espana","tag-benidorm","tag-breaking-news","tag-breakingnews","tag-desprenderse","tag-es","tag-espana","tag-featured-news","tag-featurednews","tag-headlines","tag-heridos","tag-hotel","tag-latest-news","tag-latestnews","tag-news","tag-noticias","tag-noticias-destacadas","tag-noticiasdestacadas","tag-siete","tag-spain","tag-techo","tag-titulares","tag-ultimas-noticias","tag-ultimasnoticias"],"share_on_mastodon":{"url":"","error":""},"_links":{"self":[{"href":"https:\/\/www.europesays.com\/es\/wp-json\/wp\/v2\/posts\/484243","targetHints":{"allow":["GET"]}}],"collection":[{"href":"https:\/\/www.europesays.com\/es\/wp-json\/wp\/v2\/posts"}],"about":[{"href":"https:\/\/www.europesays.com\/es\/wp-json\/wp\/v2\/types\/post"}],"author":[{"embeddable":true,"href":"https:\/\/www.europesays.com\/es\/wp-json\/wp\/v2\/users\/2"}],"replies":[{"embeddable":true,"href":"https:\/\/www.europesays.com\/es\/wp-json\/wp\/v2\/comments?post=484243"}],"version-history":[{"count":0,"href":"https:\/\/www.europesays.com\/es\/wp-json\/wp\/v2\/posts\/484243\/revisions"}],"wp:featuredmedia":[{"embeddable":true,"href":"https:\/\/www.europesays.com\/es\/wp-json\/wp\/v2\/media\/484244"}],"wp:attachment":[{"href":"https:\/\/www.europesays.com\/es\/wp-json\/wp\/v2\/media?parent=484243"}],"wp:term":[{"taxonomy":"category","embeddable":true,"href":"https:\/\/www.europesays.com\/es\/wp-json\/wp\/v2\/categories?post=484243"},{"taxonomy":"post_tag","embeddable":true,"href":"https:\/\/www.europesays.com\/es\/wp-json\/wp\/v2\/tags?post=484243"}],"curies":[{"name":"wp","href":"https:\/\/api.w.org\/{rel}","templated":true}]}}