{"id":48430,"date":"2025-08-15T04:24:09","date_gmt":"2025-08-15T04:24:09","guid":{"rendered":"https:\/\/www.europesays.com\/es\/48430\/"},"modified":"2025-08-15T04:24:09","modified_gmt":"2025-08-15T04:24:09","slug":"cerca-de-400-personas-disfrutaron-de-las-perseidas-en-forcarei","status":"publish","type":"post","link":"https:\/\/www.europesays.com\/es\/48430\/","title":{"rendered":"Cerca de 400 personas disfrutaron de las Perseidas en Forcarei"},"content":{"rendered":"<p>\t\t\t\t\t\tEl p\u00fablico pudo ver una decena de estrellas en un claro en el cielo que se mantuvo media hora<br \/>\n\t\t\t\t\t\t\t\t\t\t\t\t<strong>15 ago 2025<\/strong> . Actualizado a las 05:00 h.\t\t\t\t\t\t<\/p>\n<p class=\"first-paragraph txt\">La noche no pintaba bien el martes en el Observatorio Astron\u00f3mico de Forcarei. El pico de las Perseidas coincidi\u00f3 en la noche m\u00e1s nublada de un mes de agosto espectacular. La Fundaci\u00f3n Ceo, Ciencia e Cultura (FC3) avis\u00f3 al p\u00fablico y prepar\u00f3 un plan B. A\u00fan as\u00ed, cerca de cuatrocientas personas se acercaron al observatorio. Sobre la pared del edificio se proyect\u00f3 un v\u00eddeo corto de las Perseidas y luego, utilizando la aplicaci\u00f3n Stellarium, un experto fue explicando lo que podr\u00eda verse si no hubiese nubes: la Osa Mayor, el Cisne o Casiopea. En mitad de la explicaci\u00f3n, se abri\u00f3 un claro en el cielo. Una ventana de media hora en la que el p\u00fablico se emocion\u00f3 viendo brillar una decena de Perseidas.<\/p>\n<p>&#13;<br \/>\n\tArchivado en:&#13;<br \/>\n\t\t\t\t\t<a href=\"https:\/\/www.lavozdegalicia.es\/temas\/perseidas\/\" target=\"_blank\" class=\"mg-l\" rel=\"nofollow noopener\">Perseidas<\/a>&#13;<br \/>\n\t\t\t\t\t<a href=\"https:\/\/www.lavozdegalicia.es\/temas\/forcarei\/\" target=\"_blank\" class=\"mg-l\" rel=\"nofollow noopener\">Forcarei<\/a>&#13;<br \/>\n\t\t\t\t\t<a href=\"https:\/\/www.lavozdegalicia.es\/temas\/astronomia\/\" target=\"_blank\" class=\"mg-l\" rel=\"nofollow noopener\">Astronom\u00eda<\/a>&#13;<br \/>\n\t\t\t\t\t<a href=\"https:\/\/www.lavozdegalicia.es\/temas\/lluvia-de-estrellas\/\" target=\"_blank\" class=\"mg-l\" rel=\"nofollow noopener\">Lluvia de estrellas<\/a>&#13;<br \/>\n\t&#13;<\/p>\n","protected":false},"excerpt":{"rendered":"El p\u00fablico pudo ver una decena de estrellas en un claro en el cielo que se mantuvo media&hellip;\n","protected":false},"author":2,"featured_media":48431,"comment_status":"","ping_status":"","sticky":false,"template":"","format":"standard","meta":{"footnotes":""},"categories":[81],"tags":[647,119,123,124,25,24,12975,9515,7385,117,121,122,23,118,120],"class_list":{"0":"post-48430","1":"post","2":"type-post","3":"status-publish","4":"format-standard","5":"has-post-thumbnail","7":"category-ciencia-y-tecnologia","8":"tag-astronomia","9":"tag-ciencia","10":"tag-ciencia-y-tecnologia","11":"tag-cienciaytecnologia","12":"tag-es","13":"tag-espana","14":"tag-forcarei","15":"tag-lluvia-de-estrellas","16":"tag-perseidas","17":"tag-science","18":"tag-science-and-technology","19":"tag-scienceandtechnology","20":"tag-spain","21":"tag-technology","22":"tag-tecnologia"},"share_on_mastodon":{"url":"","error":""},"_links":{"self":[{"href":"https:\/\/www.europesays.com\/es\/wp-json\/wp\/v2\/posts\/48430","targetHints":{"allow":["GET"]}}],"collection":[{"href":"https:\/\/www.europesays.com\/es\/wp-json\/wp\/v2\/posts"}],"about":[{"href":"https:\/\/www.europesays.com\/es\/wp-json\/wp\/v2\/types\/post"}],"author":[{"embeddable":true,"href":"https:\/\/www.europesays.com\/es\/wp-json\/wp\/v2\/users\/2"}],"replies":[{"embeddable":true,"href":"https:\/\/www.europesays.com\/es\/wp-json\/wp\/v2\/comments?post=48430"}],"version-history":[{"count":0,"href":"https:\/\/www.europesays.com\/es\/wp-json\/wp\/v2\/posts\/48430\/revisions"}],"wp:featuredmedia":[{"embeddable":true,"href":"https:\/\/www.europesays.com\/es\/wp-json\/wp\/v2\/media\/48431"}],"wp:attachment":[{"href":"https:\/\/www.europesays.com\/es\/wp-json\/wp\/v2\/media?parent=48430"}],"wp:term":[{"taxonomy":"category","embeddable":true,"href":"https:\/\/www.europesays.com\/es\/wp-json\/wp\/v2\/categories?post=48430"},{"taxonomy":"post_tag","embeddable":true,"href":"https:\/\/www.europesays.com\/es\/wp-json\/wp\/v2\/tags?post=48430"}],"curies":[{"name":"wp","href":"https:\/\/api.w.org\/{rel}","templated":true}]}}