{"id":484863,"date":"2026-04-06T06:47:33","date_gmt":"2026-04-06T06:47:33","guid":{"rendered":"https:\/\/www.europesays.com\/es\/484863\/"},"modified":"2026-04-06T06:47:33","modified_gmt":"2026-04-06T06:47:33","slug":"la-mision-artemis-ii-inicia-la-fase-final-de-su-aproximacion-a-la-luna","status":"publish","type":"post","link":"https:\/\/www.europesays.com\/es\/484863\/","title":{"rendered":"La misi\u00f3n Artemis II inicia la fase final de su aproximaci\u00f3n a la Luna"},"content":{"rendered":"<p>    <img src=\"https:\/\/www.europesays.com\/es\/wp-content\/uploads\/2026\/04\/2026-04-06T063A233A37Z-91213126.jpg\" width=\"1024\" height=\"682\" alt=\"\" loading=\"eager\" decoding=\"sync\" fetchpriority=\"high\"\/><\/p>\n<p>            afp_tickers        <\/p>\n<p>        Este contenido fue publicado en    <\/p>\n<p>        06 abril 2026 &#8211; 08:23\n<\/p>\n<p>Los astronautas de la misi\u00f3n Artemis II iniciaron el lunes la fase final de su aproximaci\u00f3n a la Luna, al alcanzar el punto de inflexi\u00f3n donde la gravedad lunar ejerce una atracci\u00f3n mayor sobre la nave que la gravedad de la Tierra.<\/p>\n<p>La nave Orion utilizar\u00e1 la gravedad lunar para impulsarse en un sobrevuelo que llevar\u00e1 a la tripulaci\u00f3n a una distancia r\u00e9cord, superando cualquier punto del espacio alcanzado por el ser humano hasta la fecha.<\/p>\n<p>La misi\u00f3n, iniciada el mi\u00e9rcoles, ingres\u00f3 a lo que la NASA denomina la esfera de influencia lunar el lunes alrededor de las 04H42 GMT y pronto llevar\u00e1 a cabo el primer sobrevuelo lunar desde 1972.<\/p>\n<p>En esta etapa la misi\u00f3n se encuentra a unos 63.000 kil\u00f3metros de la Luna y a unos 374.000 kil\u00f3metros de la Tierra, dijo un funcionario de la NASA durante la transmisi\u00f3n directa del evento.<\/p>\n<p>La agencia espacial estadounidense public\u00f3 el domingo una imagen tomada por la tripulaci\u00f3n en la que se ve la Luna y su Cuenca Oriental.<\/p>\n<p>\u00abEsta misi\u00f3n marca la primera vez que toda la Cuenca ha sido vista por ojos humanos\u00bb, dijo la NASA. Se trata de un enorme cr\u00e1ter parecido a una diana que ya hab\u00eda sido fotografiado antes por c\u00e1maras en \u00f3rbita.\u00a0<\/p>\n<p>En la nave Orion viajan los estadounidenses Christina Koch, Reid Wiseman y Victor Glover, junto con el canadiense Jeremy Hansen.<\/p>\n<p>\u00abGracias a ustedes y a todo el equipo en tierra por perpetuar el legado de Apolo con Artemis. Buen viaje y regreso seguro\u00bb, les dese\u00f3 el astronauta del programa Apolo, Charles Duke, que hoy tiene 90 a\u00f1os.\u00a0<\/p>\n<p>El estadounidense es uno de los \u00faltimos hombres que se aventuraron hasta el astro, en 1972. Desde entonces, ning\u00fan ser humano se hab\u00eda acercado a \u00e9l.<\/p>\n<p>\u2013 Planes de sobrevuelo revisados \u2013<\/p>\n<p>La NASA se\u00f1al\u00f3 que la tripulaci\u00f3n de Artemis ha completado una prueba para asegurarse que el pilotaje manual funciona y tambi\u00e9n reviso su plan de observaci\u00f3n cient\u00edfica para identificar y fotografiar diversos accidentes geogr\u00e1ficos de la superficie lunar.<\/p>\n<p>Los astronautas hab\u00edan comenzado el d\u00eda con una comida que inclu\u00eda huevos revueltos y caf\u00e9, dijo la NASA, y se hab\u00edan despertado con la canci\u00f3n \u00abPink Pony Club\u00bb, el \u00e9xito pop de Chappell Roan.<\/p>\n<p>\u00abLa moral a bordo es alta\u00bb, dijo el comandante Reid Wiseman al centro de Control de la Misi\u00f3n en Houston al inicio de la jornada de la tripulaci\u00f3n.<\/p>\n<p>Este padre de dos ni\u00f1as estaba especialmente animado en parte porque tuvo la oportunidad de hablar con sus hijas desde el espacio.<\/p>\n<p>\u00abEstamos aqu\u00ed arriba, tan lejos, y por un momento volv\u00ed a reunirme con mi peque\u00f1a familia\u00bb, dijo en una rueda de prensa en vivo. \u00abFue simplemente el momento m\u00e1s grande de toda mi vida\u00bb.<\/p>\n<p>Los astronautas han recibido formaci\u00f3n en geolog\u00eda para poder fotografiar y describir los rasgos lunares, incluidos antiguos flujos de lava y cr\u00e1teres de impacto.<\/p>\n<p>Ver\u00e1n la Luna desde un punto de vista \u00fanico en comparaci\u00f3n con las misiones Apolo de las d\u00e9cadas de 1960 y 1970.\u00a0<\/p>\n<p>Los vuelos Apolo sobrevolaron a unas 70 millas por encima de la superficie lunar, pero la tripulaci\u00f3n de Artemis II estar\u00e1 a poco m\u00e1s de 4.000 millas en su mayor aproximaci\u00f3n, lo que les permitir\u00e1 ver la superficie completa y circular de la Luna, incluidas las regiones cercanas a ambos polos.\u00a0<\/p>\n<p>\u2013 Nunca antes visto \u2013<\/p>\n<p>Los astronautas de Artemis II ya han observado perspectivas totalmente nuevas.<\/p>\n<p>\u00abAnoche tuvimos nuestra primera vista de la cara oculta de la Luna, y fue absolutamente espectacular\u00bb, dijo Koch durante una entrevista en directo desde el espacio.<\/p>\n<p>La misi\u00f3n se inscribe en un plan a largo plazo para regresar de forma sostenida a la Luna, con el objetivo de establecer una base permanente que sirva de plataforma para futuras exploraciones.<\/p>\n<p>Durante el sobrevuelo del sat\u00e9lite, \u00abvamos a aprender enormemente sobre la nave espacial\u00bb, subray\u00f3 el domingo el director de la NASA, Jared Isaacman, en CNN.\u00a0<\/p>\n<p>\u00abEs lo que m\u00e1s nos interesa en t\u00e9rminos de datos\u00bb, a\u00f1adi\u00f3, recordando que la c\u00e1psula Orion no hab\u00eda transportado hasta ahora a ning\u00fan ser humano.<\/p>\n<p>La NASA aspira a un alunizaje en 2028, es decir, antes del final del mandato de Donald Trump.<\/p>\n<p>mdo\/jgc\/mas\/pc<\/p>\n","protected":false},"excerpt":{"rendered":"afp_tickers Este contenido fue publicado en 06 abril 2026 &#8211; 08:23 Los astronautas de la misi\u00f3n Artemis II&hellip;\n","protected":false},"author":2,"featured_media":484864,"comment_status":"","ping_status":"","sticky":false,"template":"","format":"standard","meta":{"footnotes":""},"categories":[5],"tags":[17,18,25,24,13,14,11,19,20,9,10,15,16,26431,20122,26432,26433,23,90,12,21,22],"class_list":["post-484863","post","type-post","status-publish","format-standard","has-post-thumbnail","category-titulares","tag-breaking-news","tag-breakingnews","tag-es","tag-espana","tag-featured-news","tag-featurednews","tag-headlines","tag-latest-news","tag-latestnews","tag-news","tag-noticias","tag-noticias-destacadas","tag-noticiasdestacadas","tag-research","tag-sci-tech","tag-scientific-exploration","tag-space-programme","tag-spain","tag-ticker","tag-titulares","tag-ultimas-noticias","tag-ultimasnoticias"],"share_on_mastodon":{"url":"https:\/\/pubeurope.com\/@es\/116356425132511095","error":""},"_links":{"self":[{"href":"https:\/\/www.europesays.com\/es\/wp-json\/wp\/v2\/posts\/484863","targetHints":{"allow":["GET"]}}],"collection":[{"href":"https:\/\/www.europesays.com\/es\/wp-json\/wp\/v2\/posts"}],"about":[{"href":"https:\/\/www.europesays.com\/es\/wp-json\/wp\/v2\/types\/post"}],"author":[{"embeddable":true,"href":"https:\/\/www.europesays.com\/es\/wp-json\/wp\/v2\/users\/2"}],"replies":[{"embeddable":true,"href":"https:\/\/www.europesays.com\/es\/wp-json\/wp\/v2\/comments?post=484863"}],"version-history":[{"count":0,"href":"https:\/\/www.europesays.com\/es\/wp-json\/wp\/v2\/posts\/484863\/revisions"}],"wp:featuredmedia":[{"embeddable":true,"href":"https:\/\/www.europesays.com\/es\/wp-json\/wp\/v2\/media\/484864"}],"wp:attachment":[{"href":"https:\/\/www.europesays.com\/es\/wp-json\/wp\/v2\/media?parent=484863"}],"wp:term":[{"taxonomy":"category","embeddable":true,"href":"https:\/\/www.europesays.com\/es\/wp-json\/wp\/v2\/categories?post=484863"},{"taxonomy":"post_tag","embeddable":true,"href":"https:\/\/www.europesays.com\/es\/wp-json\/wp\/v2\/tags?post=484863"}],"curies":[{"name":"wp","href":"https:\/\/api.w.org\/{rel}","templated":true}]}}