{"id":48497,"date":"2025-08-15T05:13:07","date_gmt":"2025-08-15T05:13:07","guid":{"rendered":"https:\/\/www.europesays.com\/es\/48497\/"},"modified":"2025-08-15T05:13:07","modified_gmt":"2025-08-15T05:13:07","slug":"precio-de-la-luz-hoy-viernes-15-de-agosto-por-horas-a-que-hora-es-mas-cara","status":"publish","type":"post","link":"https:\/\/www.europesays.com\/es\/48497\/","title":{"rendered":"Precio de la luz hoy, viernes 15 de agosto, por horas: \u00bfa qu\u00e9 hora es m\u00e1s cara?"},"content":{"rendered":"<p>Actualizado  Viernes,<br \/>\n15<br \/>\nagosto<br \/>\n2025<br \/>\n&#8211;<br \/>\n07:00<\/p>\n<p class=\"ue-c-article__paragraph\">El <strong>precio medio de la luz en Espa\u00f1a<\/strong> para <strong>hoy<\/strong>, <strong>viernes 15 de agosto de 2025<\/strong>, es de <strong>69,27 euros <\/strong>por megavatio hora (MWh), de acuerdo con los datos del Operador del Mercado Ib\u00e9rico de la Energ\u00eda (<a href=\"https:\/\/www.omie.es\/?tblci=GiCDuiC44KWduBshT3x2Gk1wyuVWS9FzxotSeQlWnwGK9CDFokkogsia-tT169vfATD5v0c\" target=\"_blank\" rel=\"nofollow noopener\">OMIE<\/a>).<\/p>\n<p class=\"ue-c-article__paragraph\">De esta manera, el <strong>precio de la luz<\/strong> baja un 29% en relaci\u00f3n a lo marcado en el d\u00eda de ayer.<\/p>\n<p>Precio de la luz, viernes 15 de agosto: horas m\u00e1s baratas<\/p>\n<p class=\"ue-c-article__paragraph\"><strong>Hoy, viernes 15 de agosto de 2025<\/strong>, el<strong> precio de la luz<\/strong> presenta las horas m\u00e1s econ\u00f3micas en el periodo de <strong>13:00 horas a 15:00 horas<\/strong> con un coste de <strong>0 euros\/MWh.<\/strong><\/p>\n<p class=\"ue-c-article__paragraph\">Este precio no significa que para el usuario final la <strong>luz <\/strong>sea gratis, ya que la factura incluye el consumo, pero tambi\u00e9n los peajes, cargos e impuestos.<\/p>\n<p class=\"ue-c-article__paragraph\">Vigilar el consumo energ\u00e9tico es \u00fatil de cara a ahorrar en la factura, por lo que se aconseja programar los equipos del hogar, como lavadoras o lavaplatos, en franjas horarias con precio m\u00e1s asequible.<\/p>\n<p>Precio de la luz hoy, viernes 15 de agosto: horas m\u00e1s caras<\/p>\n<p class=\"ue-c-article__paragraph\">Durante la jornada de <strong>hoy, viernes 15 de agosto<\/strong>, el <strong>precio m\u00e1s caro de<\/strong><strong>la luz<\/strong> ser\u00e1 entre las <strong>21:00 y las 22:00 horas<\/strong>, con un coste de <strong>144,75 euros\/MWh<\/strong>.<\/p>\n<p class=\"ue-c-article__paragraph\">En esos momentos del d\u00eda, los usuarios han de ser m\u00e1s prudentes a la hora de utilizar electrodom\u00e9sticos de alto consumo o de dejar alg\u00fan equipo encendido en este horario.<\/p>\n<p class=\"ue-c-article__paragraph\">Hay que tener en cuenta que estas franjas m\u00e1s caras coinciden con el momento de estar en casa, por lo que se recomienda prestar atenci\u00f3n al uso de ciertos electrodom\u00e9sticos.<\/p>\n<p><strong>Precio de la luz por horas hoy, viernes 15 de agosto<\/strong><\/p>\n<ul class=\"ue-c-article__list ue-c-article__list--unordered\">\n<li>00:00 a 01:00: 119,07\u20ac\/MWh<\/li>\n<li>01:00 a 02:00: 105,3\u20ac\/MWh<\/li>\n<li>02:00 a 03:00: 99,9\u20ac\/MWh<\/li>\n<li>03:00 a 04:00: 96,22\u20ac\/MWh<\/li>\n<li>04:00 a 05:00: 93,66\u20ac\/MWh<\/li>\n<li>05:00 a 06:00: 91,16\u20ac\/MWh<\/li>\n<li>06:00 a 07:00: 98,5\u20ac\/MWh<\/li>\n<li>07:00 a 08:00: 97,52\u20ac\/MWh<\/li>\n<li>08:00 a 09:00: 71,89\u20ac\/MWh<\/li>\n<li>09:00 a 10:00: 43,97\u20ac\/MWh<\/li>\n<li>10:00 a 11:00: 6\u20ac\/MWh<\/li>\n<li>11:00 a 12:00: 3\u20ac\/MWh<\/li>\n<li>12:00 a 13:00: 0,08\u20ac\/MWh<\/li>\n<li><strong>13:00 a 14:00: 0\u20ac\/MWh<\/strong><\/li>\n<li><strong>14:00 a 15:00: 0\u20ac\/MWh<\/strong><\/li>\n<li>15:00 a 16:00: 1,72\u20ac\/MWh<\/li>\n<li>16:00 a 17:00: 23,53\u20ac\/MWh<\/li>\n<li>17:00 a 18:00: 33,23\u20ac\/MWh<\/li>\n<li>18:00 a 19:00: 61,12\u20ac\/MWh<\/li>\n<li>19:00 a 20:00: 100,82\u20ac\/MWh<\/li>\n<li>20:00 a 21:00: 111,39\u20ac\/MWh<\/li>\n<li><strong>21:00 a 22:00: 144,75\u20ac\/MWh<\/strong><\/li>\n<li>22:00 a 23:00: 142\u20ac\/MWh<\/li>\n<li>23:00 a 24:00: 117,63\u20ac\/MWh<\/li>\n<\/ul>\n<p class=\"ue-c-article__paragraph\">Archivado en<\/p>\n","protected":false},"excerpt":{"rendered":"Actualizado Viernes, 15 agosto 2025 &#8211; 07:00 El precio medio de la luz en Espa\u00f1a para hoy, viernes&hellip;\n","protected":false},"author":2,"featured_media":48498,"comment_status":"","ping_status":"","sticky":false,"template":"","format":"standard","meta":{"footnotes":""},"categories":[80],"tags":[82,2170,729,95,94,25,24,7968,23],"class_list":{"0":"post-48497","1":"post","2":"type-post","3":"status-publish","4":"format-standard","5":"has-post-thumbnail","7":"category-economia","8":"tag-business","9":"tag-como","10":"tag-dda","11":"tag-economia","12":"tag-economy","13":"tag-es","14":"tag-espana","15":"tag-precio-de-la-luz","16":"tag-spain"},"share_on_mastodon":{"url":"","error":""},"_links":{"self":[{"href":"https:\/\/www.europesays.com\/es\/wp-json\/wp\/v2\/posts\/48497","targetHints":{"allow":["GET"]}}],"collection":[{"href":"https:\/\/www.europesays.com\/es\/wp-json\/wp\/v2\/posts"}],"about":[{"href":"https:\/\/www.europesays.com\/es\/wp-json\/wp\/v2\/types\/post"}],"author":[{"embeddable":true,"href":"https:\/\/www.europesays.com\/es\/wp-json\/wp\/v2\/users\/2"}],"replies":[{"embeddable":true,"href":"https:\/\/www.europesays.com\/es\/wp-json\/wp\/v2\/comments?post=48497"}],"version-history":[{"count":0,"href":"https:\/\/www.europesays.com\/es\/wp-json\/wp\/v2\/posts\/48497\/revisions"}],"wp:featuredmedia":[{"embeddable":true,"href":"https:\/\/www.europesays.com\/es\/wp-json\/wp\/v2\/media\/48498"}],"wp:attachment":[{"href":"https:\/\/www.europesays.com\/es\/wp-json\/wp\/v2\/media?parent=48497"}],"wp:term":[{"taxonomy":"category","embeddable":true,"href":"https:\/\/www.europesays.com\/es\/wp-json\/wp\/v2\/categories?post=48497"},{"taxonomy":"post_tag","embeddable":true,"href":"https:\/\/www.europesays.com\/es\/wp-json\/wp\/v2\/tags?post=48497"}],"curies":[{"name":"wp","href":"https:\/\/api.w.org\/{rel}","templated":true}]}}