{"id":485278,"date":"2026-04-06T13:00:14","date_gmt":"2026-04-06T13:00:14","guid":{"rendered":"https:\/\/www.europesays.com\/es\/485278\/"},"modified":"2026-04-06T13:00:14","modified_gmt":"2026-04-06T13:00:14","slug":"el-liv-golf-desembarca-en-el-masters-con-10-jugadores","status":"publish","type":"post","link":"https:\/\/www.europesays.com\/es\/485278\/","title":{"rendered":"El LIV Golf desembarca en el Masters con 10 jugadores"},"content":{"rendered":"<p class=\"ft-text ft-helper-align-justify\"><strong>A partir del jueves llega una nueva edici\u00f3n del Masters de Augusta, el primer \u2018Major\u2019 de la temporada<\/strong> y como viene ocurriendo en las \u00faltimas temporadas, ser\u00e1 la primera oportunidad de ver juntos en acci\u00f3n a las grandes estrellas del LIV Golf, que se unir\u00e1n a las del PGA Tour para la cita en el afamado recorrido estadounidense.<\/p>\n<p class=\"ft-text ft-helper-align-justify\">Un momento puntual desgraciadamente para el golf mundial <strong>ya que no parece que las diferencias entre ambos circuitos vayan a solventarse en breve<\/strong>, por lo que jugadores como Jon Rahm, Bryson DeChambeau o Sergio Garc\u00eda har\u00e1n su primera incursi\u00f3n del a\u00f1o con el resto de golfistas del PGA Tour.<\/p>\n<p class=\"ft-text ft-helper-align-justify\">Y en esta 90\u00aa edici\u00f3n del Masters<strong>, la presencia de jugadores del circuito saudita se eleva a 10, con el vasco y el estadounidense como principales figuras<\/strong> y que llegan en un gran momento de juego a Augusta despu\u00e9s de sus victorias recientes en el LIV Golf.<\/p>\n<p><img decoding=\"async\" src=\"https:\/\/www.europesays.com\/es\/wp-content\/uploads\/2026\/04\/c301bdaa-cff2-4c32-9b26-4b709949ff2e_alta-libre-aspect-ratio_default_0_x431y191.jpg\" width=\"1200\" height=\"800\" alt=\"El \u00faltimo en ganar el Masters fue Jon Rahm en la edici\u00f3n de 2023\" class=\"ft-helper-img-rd\" loading=\"lazy\" fetchpriority=\"auto\"\/><\/p>\n<p class=\"ft-helper-fontColor-quaternary ft-helper-fontSize-body-S ft-helper-spacer-t-xxs\">El \u00faltimo espa\u00f1ol en ganar el Masters fue Jon Rahm en la edici\u00f3n de 2023  \/ MASTERS<\/p>\n<p>Bryson busca la primera chaqueta<\/p>\n<p class=\"ft-text ft-helper-align-justify\"><a class=\"ft-link ft-link--decoration\" href=\"https:\/\/www.sport.es\/es\/noticias\/deportes\/rahm-ambicioso-ganar-segunda-chaqueta-128086716\" rel=\"nofollow noopener\" target=\"_blank\">Rahm ya sabe lo que es ganar en el Masters, con su triunfo en 2023<\/a> y tambi\u00e9n lo hizo el castellonense Sergio Garc\u00eda en 2017 <strong>mientras que DeChambeau va en busca de su primera chaqueta despu\u00e9s de un sexto puesto en 2024<\/strong> y quinto en 2025. Ahora llega dispuesto a pon\u00e9rsela definitivamente.<\/p>\n<p class=\"ft-text ft-helper-align-justify\"><strong>La delegaci\u00f3n del LIV Golf en Augusta en esta edici\u00f3n incluye adem\u00e1s a varios ex campeones del torneo<\/strong>. <strong>Bubba Watson<\/strong> es doble ganador y otro nombres como el austrtaliano\u00a0<strong>Cameron Smith<\/strong>, siempre competitivo en este escenario pese a no superar el corte el pasado a\u00f1o.<\/p>\n<p><img decoding=\"async\" src=\"https:\/\/www.europesays.com\/es\/wp-content\/uploads\/2026\/04\/fcfdd980-3071-4e93-90fd-910f83b70a65_alta-libre-aspect-ratio_default_0_x640y240.jpg\" width=\"1200\" height=\"675\" alt=\"DeChambeau jug\u00f3 una vuelta brillante para tomar el mando del LIV Golf Singapur\" class=\"ft-helper-img-rd\" loading=\"lazy\" fetchpriority=\"auto\"\/><\/p>\n<p class=\"ft-helper-fontColor-quaternary ft-helper-fontSize-body-S ft-helper-spacer-t-xxs\">DeChambeau llega al Masters en un gran momento de juego  \/ LIV<\/p>\n<p class=\"ft-text ft-helper-align-justify\"><strong>Tambi\u00e9n habr\u00e1n caras nuevas como la del joven norirland\u00e9s\u00a0Tom McKibbin<\/strong>, que debutar\u00e1 en el Masters tras su brillante victoria en el Hong Kong Open 2025. En total, ocho de los trece equipos de LIV estar\u00e1n representados en Augusta, con\u00a0<strong>Legion XIII\u00a0como el \u00fanico que contar\u00e1 con varios jugadores en el campo -Rahm, McKibbin y\u00a0Tyrrell Hatton<\/strong>-.<\/p>\n<p class=\"ft-text ft-helper-align-justify\"><strong>El dato refuerza la competitividad del circuito saudita; en cada una de las tres \u00faltimas ediciones del Masters, al menos dos jugadores de la LIV Golf League lograron finalizar entre los diez primeros<\/strong>. Una tendencia que este a\u00f1o <a class=\"ft-link ft-link--decoration\" href=\"https:\/\/www.sport.es\/es\/noticias\/deportes\/baja-sonada-cara-masters-128723331\" rel=\"nofollow noopener\" target=\"_blank\">vuelve a poner el foco sobre un grupo que, pese a la ausencia de Phil Mickelson<\/a>, mantiene intactas sus aspiraciones de protagonismo en uno de los escenarios m\u00e1s ic\u00f3nicos del golf mundial.<\/p>\n","protected":false},"excerpt":{"rendered":"A partir del jueves llega una nueva edici\u00f3n del Masters de Augusta, el primer \u2018Major\u2019 de la temporada&hellip;\n","protected":false},"author":2,"featured_media":485279,"comment_status":"","ping_status":"","sticky":false,"template":"","format":"standard","meta":{"footnotes":""},"categories":[275],"tags":[98764,168,41588,98762,98763,25,24,329,23,167],"class_list":["post-485278","post","type-post","status-publish","format-standard","has-post-thumbnail","category-golf","tag-con-10-jugadores","tag-deportes","tag-desembarca","tag-el-liv-golf","tag-en-el-masters","tag-es","tag-espana","tag-golf","tag-spain","tag-sports"],"share_on_mastodon":{"url":"https:\/\/pubeurope.com\/@es\/116357891961381547","error":""},"_links":{"self":[{"href":"https:\/\/www.europesays.com\/es\/wp-json\/wp\/v2\/posts\/485278","targetHints":{"allow":["GET"]}}],"collection":[{"href":"https:\/\/www.europesays.com\/es\/wp-json\/wp\/v2\/posts"}],"about":[{"href":"https:\/\/www.europesays.com\/es\/wp-json\/wp\/v2\/types\/post"}],"author":[{"embeddable":true,"href":"https:\/\/www.europesays.com\/es\/wp-json\/wp\/v2\/users\/2"}],"replies":[{"embeddable":true,"href":"https:\/\/www.europesays.com\/es\/wp-json\/wp\/v2\/comments?post=485278"}],"version-history":[{"count":0,"href":"https:\/\/www.europesays.com\/es\/wp-json\/wp\/v2\/posts\/485278\/revisions"}],"wp:featuredmedia":[{"embeddable":true,"href":"https:\/\/www.europesays.com\/es\/wp-json\/wp\/v2\/media\/485279"}],"wp:attachment":[{"href":"https:\/\/www.europesays.com\/es\/wp-json\/wp\/v2\/media?parent=485278"}],"wp:term":[{"taxonomy":"category","embeddable":true,"href":"https:\/\/www.europesays.com\/es\/wp-json\/wp\/v2\/categories?post=485278"},{"taxonomy":"post_tag","embeddable":true,"href":"https:\/\/www.europesays.com\/es\/wp-json\/wp\/v2\/tags?post=485278"}],"curies":[{"name":"wp","href":"https:\/\/api.w.org\/{rel}","templated":true}]}}