{"id":485732,"date":"2026-04-06T19:22:19","date_gmt":"2026-04-06T19:22:19","guid":{"rendered":"https:\/\/www.europesays.com\/es\/485732\/"},"modified":"2026-04-06T19:22:19","modified_gmt":"2026-04-06T19:22:19","slug":"la-comunidad-de-madrid-declarara-a-la-zarzuela-bien-de-interes-cultural-bic-codalario","status":"publish","type":"post","link":"https:\/\/www.europesays.com\/es\/485732\/","title":{"rendered":"La Comunidad de Madrid declarar\u00e1 a la zarzuela Bien de Inter\u00e9s Cultural [BIC] &#8211; Codalario"},"content":{"rendered":"<ol>\n<li><a href=\"https:\/\/news.google.com\/rss\/articles\/CBMi2AFBVV95cUxNN0MzSk9kMUE5UFVuOEdFV3FuMGk4bnJ2dUUwM1lLSFlveFdGRE04a1hfNnN0Vlh1eWdLNk9aNXdiaFdOdDJfdjJRN3RNUzlqc2wtMFN2ZzVTT0VCRHNOb2p0dXlZcVlhVE83STFyUUxIa2E4UDV5TlNuQ3Q2YWpIX2pGQXpCdUZuaFV3THVkMzluLXBfUDlKN1lCYjVzQUppbDNJem1pYV96S09nWWlnWUxMUXJHUUpXYmVtVUxvX1BQU0tjUTJyc0NXR242S0w0eFlJQS05STk?oc=5\" target=\"_blank\" rel=\"nofollow noopener\">La Comunidad de Madrid declarar\u00e1 a la zarzuela Bien de Inter\u00e9s Cultural [BIC]<\/a>&nbsp;&nbsp;Codalario<\/li>\n<li><a href=\"https:\/\/news.google.com\/rss\/articles\/CBMiekFVX3lxTE1Ga3U1MWI3NzE4LUVfNnRvM1oxT0o1bE9TNThXaHRveDhvSk9VeTltY21EUWVDSUxXQUJOcFdhcDZsMUVFbWZRV3pUd1RBcE5aWHQyX0RueWJTZTlEanh2V19kM0Z6QlpkbmxibkJ1RTU2Q0dUQlZBcDh30gF6QVVfeXFMTW9XdVpuS1RBLS1KUVVmZ0s3WjdlRURuWk9XVS1WUjY5bEFBZG10NjE0ekdhTUFsQTFZSmYtRmRSWGNvNWZzallBaEw5aXR3LVc5STB1MV9qaVVJWmVyQUJUNDVzdmJoMHZwVkk4VWpaYnQyZDlyQjB1ZlE?oc=5\" target=\"_blank\" rel=\"nofollow noopener\">Ayuso declarar\u00e1 la zarzuela como Bien de Inter\u00e9s Cultural por ser \u00abemblema\u00bb universal del patrimonio madrile\u00f1o<\/a>&nbsp;&nbsp;El Mundo<\/li>\n<li><a href=\"https:\/\/news.google.com\/rss\/articles\/CBMiygFBVV95cUxOLVE4S2JDY2JvMExab3RzdkY4OGpYQVl3WjZ2dHZ4TDhvdHp2Wjc4dTJzWmloczFHVWRQZHlsT0pyblJ0NzBZbEJNdlB4aElFVEtYY1NUVVZTTVZ2d0hyRldrWS1ESmEyeXIyV0pvWVRiV3lDVl85WEc0VE50REZRME5sOExiUnh0c2lnTjFFenRsdmJPekZRWWRrbUhfeDU0d0ZWa0R4WlRGY2lVRkpYaG04T0Y0WlVveXBBMEgxdmJWZ0pVejVtVUp30gHeAUFVX3lxTE94UjUwQUZpanB4eENRbkJMcl9oNmh5NFdYRzhGREt0bzlSNGl0cS1nLWk1SEROMnd4bHBNa2RYVEx2aGljNzNrWjlKOVFnUmpIRDBiTV8taEhieXliZ1BfbGR4eHVLMzVnOW5aUkk2cWVGMjRqc3NkTWYzMVlsS2QwNTNsTGx0WXRaOVdzOW5XRmVuejNIZHZLdDJxSHc5Nm9oem52Z1gtcUZGWnA1VXlGZVhZeHR5R1pNMVV3eklUamdMSk4zRE5sM2F5WTQwaGV3ZkR1OUxGVHdac2xlZw?oc=5\" target=\"_blank\" rel=\"nofollow noopener\">La Comunidad de Madrid declarar\u00e1 la zarzuela como Bien de Inter\u00e9s Cultural<\/a>&nbsp;&nbsp;larazon.es<\/li>\n<li><a href=\"https:\/\/news.google.com\/rss\/articles\/CBMihgFBVV95cUxNMDBCcmI4RFlFUnY4Q25iSW5LT05JRm56ZWc1aXluRzQzcEhYRUQtaFQ5eTZEdDU2NEQxUnRuS2FCM1Z2OUwtVDUxU3Nxbi1EM1YyemNBMnFhYkl6U1NWZ3RXOE9lZ0tFcHRVZk1LVXRlTzE4SXYxYllvSldWYjYtNVNqQUUzUdIBiwFBVV95cUxQcGJFLUZSbHRYLVBKQ1d2RXBfM2QzcEg4M2R3TGgzRTI5d0dsQy11ZURITTVjd0lkbWhOamktZzNCRDYwekc2Y3g3U1JESFhVdEZDcDZZUmhDa0wyVGFqSkc0aFFGX3d0dTFESjFOdTBSRkp1bHhmWDNtcVJtYWc5TmlXZmdhamFuRDJ3?oc=5\" target=\"_blank\" rel=\"nofollow noopener\">Comunidad de Madrid eleva la trashumancia a Bien de Inter\u00e9s Cultural tras ser reconocida por la UNESCO<\/a>&nbsp;&nbsp;OkDiario<\/li>\n<li><a href=\"https:\/\/news.google.com\/rss\/articles\/CBMitwFBVV95cUxOeExtU3BDRTYwZFJiaDd1R1hYLVJXSUo5WUZWWk84TGFVUS1lWGE5OGlXN0ZLMldsRGlxVjJBUllPSVpGNlpkZTBXRThnV2VXQkdZaTUxSXNxdmVQdXFSUHp6c2pKd0dod2RwUHZYNDd4a0xZYkYxU1lnLVJ0VDBESk91VklVR1lqWG9MRXVjVU5wLWJYRmNhaWhBdVEtVExNcGhiWVJaS1IxQThRby1OMUIyNTc0WnM?oc=5\" target=\"_blank\" rel=\"nofollow noopener\">EXPOSICI\u00d3N TRASHUMANCIA PATRIMONIO CULTURAL INMATERIAL DE LA HUMANIDAD<\/a>&nbsp;&nbsp;Diario del Ayuntamiento de Madrid<\/li>\n<\/ol>\n","protected":false},"excerpt":{"rendered":"La Comunidad de Madrid declarar\u00e1 a la zarzuela Bien de Inter\u00e9s Cultural [BIC]&nbsp;&nbsp;Codalario Ayuso declarar\u00e1 la zarzuela como&hellip;\n","protected":false},"author":2,"featured_media":485733,"comment_status":"","ping_status":"","sticky":false,"template":"","format":"standard","meta":{"footnotes":""},"categories":[91],"tags":[20069,1467,146,147,25,24,23,65909],"class_list":["post-485732","post","type-post","status-publish","format-standard","has-post-thumbnail","category-entretenimiento","tag-bic","tag-comunidad-de-madrid","tag-entertainment","tag-entretenimiento","tag-es","tag-espana","tag-spain","tag-zarzuela"],"share_on_mastodon":{"url":"https:\/\/pubeurope.com\/@es\/116359393876437920","error":""},"_links":{"self":[{"href":"https:\/\/www.europesays.com\/es\/wp-json\/wp\/v2\/posts\/485732","targetHints":{"allow":["GET"]}}],"collection":[{"href":"https:\/\/www.europesays.com\/es\/wp-json\/wp\/v2\/posts"}],"about":[{"href":"https:\/\/www.europesays.com\/es\/wp-json\/wp\/v2\/types\/post"}],"author":[{"embeddable":true,"href":"https:\/\/www.europesays.com\/es\/wp-json\/wp\/v2\/users\/2"}],"replies":[{"embeddable":true,"href":"https:\/\/www.europesays.com\/es\/wp-json\/wp\/v2\/comments?post=485732"}],"version-history":[{"count":0,"href":"https:\/\/www.europesays.com\/es\/wp-json\/wp\/v2\/posts\/485732\/revisions"}],"wp:featuredmedia":[{"embeddable":true,"href":"https:\/\/www.europesays.com\/es\/wp-json\/wp\/v2\/media\/485733"}],"wp:attachment":[{"href":"https:\/\/www.europesays.com\/es\/wp-json\/wp\/v2\/media?parent=485732"}],"wp:term":[{"taxonomy":"category","embeddable":true,"href":"https:\/\/www.europesays.com\/es\/wp-json\/wp\/v2\/categories?post=485732"},{"taxonomy":"post_tag","embeddable":true,"href":"https:\/\/www.europesays.com\/es\/wp-json\/wp\/v2\/tags?post=485732"}],"curies":[{"name":"wp","href":"https:\/\/api.w.org\/{rel}","templated":true}]}}