{"id":486041,"date":"2026-04-06T23:38:10","date_gmt":"2026-04-06T23:38:10","guid":{"rendered":"https:\/\/www.europesays.com\/es\/486041\/"},"modified":"2026-04-06T23:38:10","modified_gmt":"2026-04-06T23:38:10","slug":"roberto-leal-sin-palabras-ante-el-parecido-de-javier-con-un-conocido-comico-es-verdad-es-el","status":"publish","type":"post","link":"https:\/\/www.europesays.com\/es\/486041\/","title":{"rendered":"Roberto Leal, sin palabras ante el parecido de Javier con un conocido c\u00f3mico: \u00abEs verdad, es \u00e9l\u00bb"},"content":{"rendered":"<p class=\"c-paragraph\">Pastora Soler, Dani Grao, Virginia Riezu y Alberto Amarilla disputaron su tercer y \u00faltimo programa en <a href=\"https:\/\/www.20minutos.es\/tags\/instituciones-empresas\/pasapalabra.html\" title=\"Pasapalabra&#039;\" rel=\"nofollow noopener\" target=\"_blank\">Pasapalabra<\/a>, donde<b> el actor de\u00a0<a href=\"https:\/\/www.20minutos.es\/tags\/temas\/la-casa-de-papel.html\" title=\"La casa de papel\" rel=\"nofollow noopener\" target=\"_blank\">La casa de papel<\/a>\u00a0o\u00a0Fuga de cerebros, entre otros t\u00edtulos, sorprendi\u00f3 a todos<\/b> los espectadores con un curioso comentario.<\/p>\n<p class=\"c-paragraph\">Y es que Amarilla descubri\u00f3 una curiosidad de la que nadie se hab\u00eda percatado hasta este momento: <b>el incre\u00edble parecido\u00a0de Javier con <a href=\"https:\/\/www.20minutos.es\/tags\/personas\/ernesto-sevilla.html\" title=\"Ernesto Sevilla\" rel=\"nofollow noopener\" target=\"_blank\">Ernesto Sevilla<\/a><\/b>.<\/p>\n<p class=\"c-paragraph\">Cuando <a href=\"https:\/\/www.20minutos.es\/tags\/personas\/roberto-leal.html\" title=\"Roberto Leal\" rel=\"nofollow noopener\" target=\"_blank\">Roberto Leal<\/a> le salud\u00f3 en la presentaci\u00f3n, el invitado coment\u00f3: \u00ab<b>Quiero desvelar algo en primicia<\/b>. Incre\u00edble, terrible, misterioso&#8230; la voz de Javier es la misma que la de Ernesto Sevilla\u00bb.<\/p>\n<p class=\"c-paragraph\"><b>\u00abOjo, no lo hab\u00eda pensado\u00bb<\/b>, se\u00f1al\u00f3 el presentador, que le pidi\u00f3 al concursante que dijera algo para comprobarlo. El madrile\u00f1o, sorprendido, le contest\u00f3: \u00ab\u00bfQu\u00e9 quer\u00e9is que diga?\u00bb.<\/p>\n<p class=\"c-paragraph\">Pero al escucharle, el conductor del programa de Antena 3 no dud\u00f3 en exclamar: \u00abEs verdad, es \u00e9l\u00bb, mientras que Aamarilla a\u00f1adi\u00f3: <b>\u00abEl timbre de voz es el mismo que el de Ernesto\u00bb<\/b>.<\/p>\n<p class=\"c-paragraph\">Leal le pidi\u00f3 a Javier que dijera una de las expresiones m\u00e1s conocidas de Sevilla: <b>\u00abDi &#8216;bocaseca man'\u00bb<\/b>. El abogado repiti\u00f3 las palabras, provocando las carcajadas del presentador.<\/p>\n<p class=\"c-paragraph\">\u00abIncre\u00edble, misterioso&#8230;<b> \u00a1Ernesto, sal de ese cuerpo!<\/b>\u00ab, exclam\u00f3 el actor. \u00abTen\u00e9is que invitarle para que se ponga al lado de Javier y que no se sepa qui\u00e9n habla\u00bb, apunt\u00f3. Pero Leal le dijo, entre risas, que mejor no lo hicieran: \u00abQue me l\u00edan a m\u00ed\u00bb.<\/p>\n","protected":false},"excerpt":{"rendered":"Pastora Soler, Dani Grao, Virginia Riezu y Alberto Amarilla disputaron su tercer y \u00faltimo programa en Pasapalabra, donde&hellip;\n","protected":false},"author":2,"featured_media":486042,"comment_status":"","ping_status":"","sticky":false,"template":"","format":"standard","meta":{"footnotes":""},"categories":[174],"tags":[1575,255,146,147,25,24,256,15614,1298,15613,13142,23],"class_list":["post-486041","post","type-post","status-publish","format-standard","has-post-thumbnail","category-famosos","tag-ante","tag-celebrities","tag-entertainment","tag-entretenimiento","tag-es","tag-espana","tag-famosos","tag-leal","tag-palabras","tag-roberto","tag-sin","tag-spain"],"share_on_mastodon":{"url":"https:\/\/pubeurope.com\/@es\/116360400429511095","error":""},"_links":{"self":[{"href":"https:\/\/www.europesays.com\/es\/wp-json\/wp\/v2\/posts\/486041","targetHints":{"allow":["GET"]}}],"collection":[{"href":"https:\/\/www.europesays.com\/es\/wp-json\/wp\/v2\/posts"}],"about":[{"href":"https:\/\/www.europesays.com\/es\/wp-json\/wp\/v2\/types\/post"}],"author":[{"embeddable":true,"href":"https:\/\/www.europesays.com\/es\/wp-json\/wp\/v2\/users\/2"}],"replies":[{"embeddable":true,"href":"https:\/\/www.europesays.com\/es\/wp-json\/wp\/v2\/comments?post=486041"}],"version-history":[{"count":0,"href":"https:\/\/www.europesays.com\/es\/wp-json\/wp\/v2\/posts\/486041\/revisions"}],"wp:featuredmedia":[{"embeddable":true,"href":"https:\/\/www.europesays.com\/es\/wp-json\/wp\/v2\/media\/486042"}],"wp:attachment":[{"href":"https:\/\/www.europesays.com\/es\/wp-json\/wp\/v2\/media?parent=486041"}],"wp:term":[{"taxonomy":"category","embeddable":true,"href":"https:\/\/www.europesays.com\/es\/wp-json\/wp\/v2\/categories?post=486041"},{"taxonomy":"post_tag","embeddable":true,"href":"https:\/\/www.europesays.com\/es\/wp-json\/wp\/v2\/tags?post=486041"}],"curies":[{"name":"wp","href":"https:\/\/api.w.org\/{rel}","templated":true}]}}