{"id":486854,"date":"2026-04-07T12:51:24","date_gmt":"2026-04-07T12:51:24","guid":{"rendered":"https:\/\/www.europesays.com\/es\/486854\/"},"modified":"2026-04-07T12:51:24","modified_gmt":"2026-04-07T12:51:24","slug":"premio-aena-narrativa-los-finalistas-del-aena-de-narrativa-aplauden-el-premio-del-millon-de-euros-el-voto-de-pobreza-de-los-escritores-no-tiene-por-que-ser-perpetuo","status":"publish","type":"post","link":"https:\/\/www.europesays.com\/es\/486854\/","title":{"rendered":"PREMIO AENA NARRATIVA | Los finalistas del Aena de Narrativa aplauden el premio del mill\u00f3n de euros: \u00abEl voto de pobreza de los escritores no tiene por qu\u00e9 ser perpetuo\u00bb"},"content":{"rendered":"<p class=\"ft-text ft-helper-closenews\">Como en \u2018Los inmortales\u2019, solo puede quedar uno. Cinco finalistas, otros tantos libros seleccionados se supone que con mimo por los \u2018scouts\u2019 literarios, periodistas culturales de diarios generalistas en abrumadora mayor\u00eda que han desbrozado el camino para el jurado, y un premio gordo de un mill\u00f3n de euros, cantidad con la que <strong>Aena<\/strong><a class=\"ft-link ft-link--decoration\" href=\"https:\/\/www.elperiodico.com\/es\/ocio-y-cultura\/20260318\/premio-aena-10-euros-goncourt-millon-euros-128043926\" rel=\"nofollow noopener\" target=\"_blank\"><strong> <\/strong><\/a>irrumpe en la historia de los galardones literarios espa\u00f1oles a lo grande y con gran estruendo de caja registradora. <strong>\u00abLos escritores debemos hacer voto de pobreza pero, a diferencia de los monjes, estos votos de pobreza no tienen por qu\u00e9 ser perpetuos\u00bb,<\/strong> ha resumido con cierta guasa el colombiano <strong>H\u00e9ctor Abad Faciolince,<\/strong> finalista con &#8216;Ahora y en la hora&#8217;, durante la rueda de prensa que los cinco candidatos al primer Premio Aena de Narrativa han ofrecido este martes en Barcelona.<\/p>\n<p class=\"ft-text\">El suspense durar\u00e1 poco ya que, en unas horas, el mi\u00e9rcoles por la noche, se anunciar\u00e1 en el Museu Mar\u00edtim de Barcelona el nombre del nuevo millonario de las letras hispanas.\u00a0\u00abCon los premios los escritores compramos tiempo para escribir, pero no s\u00e9 cu\u00e1nto tiempo se compra con esto, la verdad\u00bb, ha reconocido la chilena <strong>Nona Fern\u00e1ndez,<\/strong> candidata al premio con &#8216;Marciano&#8217; y quien ya sabe que va a destinar parte de lo que ingrese en comprar un lavavajillas. O, seg\u00fan se mire, un poco m\u00e1s de tiempo. Porque el consuelo para los \u2018perdedores\u2019 es que aqu\u00ed no habr\u00e1 cabezas violentamente seccionadas del cuerpo, sino cheques algo menos suculentos (30.000 euros para cada uno de los finalistas) y ping\u00fces beneficios derivados de los derechos de autor de todos los ejemplares de las obras que Aena comprar\u00e1 con otra partida de 1,4 millones de euros. Casi nada.<\/p>\n<p><img decoding=\"async\" src=\"https:\/\/www.europesays.com\/es\/wp-content\/uploads\/2026\/04\/834762fe-0943-4d57-9633-1a25a5b3873f_alta-libre-aspect-ratio_default_0_x960y360.jpg\" width=\"1200\" height=\"675\" alt=\"Vila Matas, Schweblin, Giralt Torrente, Fern\u00e1ndez y Abad Faciolince\" class=\"ft-helper-img-rd\" loading=\"lazy\" fetchpriority=\"auto\"\/><\/p>\n<p class=\"ft-helper-fontColor-quaternary ft-helper-fontSize-body-S ft-helper-spacer-t-xxs\">Vila Matas, Schweblin, Giralt Torrente, Fern\u00e1ndez y Abad Faciolince  \/ EPC<\/p>\n<p class=\"ft-text\">Se entiende as\u00ed el porte relajado y aparentemente distendido con el que los finalistas han comparecido ante los periodistas en la previa de la gala de entrega. \u00abAhora que he entrado en el campo se me ha pasado todo el nerviosismo\u00bb, ha asegurado <strong>Enrique Vila-Matas,<\/strong> finalista con &#8216;Canon de c\u00e1mara oscura&#8217;. \u00bfValoraci\u00f3n expr\u00e9s? \u00abEl premio para m\u00ed es aumentar los lectores. El valor real de los premios es la visibilidad\u201d, ha relativizado el autor barcelon\u00e9s.\u00a0<\/p>\n<p>Pol\u00e9mica \u00abartificiosa\u00bb <\/p>\n<p class=\"ft-text\">A su alrededor, frente com\u00fan del resto de finalistas a la hora de desactivar posibles pol\u00e9micas sobre la naturaleza del premio, lo astron\u00f3mico de la dotaci\u00f3n y la conveniencia de que sea una empresa de participaci\u00f3n p\u00fablica quien lo entregue. \u00abTodas las cr\u00edticas al premio son entendibles. Como sure\u00f1a, est\u00e1 bien que critiquemos los problemas con los que puede venir este premio, pero hay que ser muy cuidadosos en no sacrificar el espacio destinado al libro\u00bb, ha valorado la argentina <strong>Samanta Schweblin, <\/strong>firme candidata al galard\u00f3n con los cuentos de &#8216;El buen mal&#8217;. \u00abLa pol\u00e9mica es imposible dejarla fuera, pero en un mundo donde los premios han sido jibarizados o eliminados, hay que ayudar a que se mantenga\u201d, ha a\u00f1adido Nona Fern\u00e1ndez. \u00a0<\/p>\n<p class=\"ft-text\">El madrile\u00f1o Marcos Giralt Torrente, finalista con &#8216;Los ilusionistas&#8217;, ha sido el m\u00e1s contundente a la hora de defender la importancia y pertinencia del galard\u00f3n. <strong>\u00abEs una pol\u00e9mica artificiosa, ya que en el arte es habitual que las empresas p\u00fablicas inviertan. No deber\u00eda ser noticia, pero el mundo literario es tan peque\u00f1o y tan acanallado que surgen estas pol\u00e9micas. El mill\u00f3n de euros es una manera de traer atenci\u00f3n al premio\u00bb, <\/strong>ha subrayado.<\/p>\n<p class=\"ft-text\">En la tarima, una puesta en escena que, seguro, habr\u00e1 dado qu\u00e9 pensar a m\u00e1s de un cazador de se\u00f1ales: los dos autores de Planeta (Vila-Matas y Schweblin) a un lado; los dos de Random House (Faciolince y Fern\u00e1ndez) al otro; y el de Anagrama (Giralt Torrente) en medio a modo de bisagra o separador. A la hora de la verdad, sin embargo, pleno de elogios hacia los compa\u00f1eros de mesa. Ninguno de los latinoamericanos ten\u00eda muy claro qu\u00e9 era ese Premio Aena que les reclamaba insistentemente por tel\u00e9fono, pero a todos les alegr\u00f3 verse tan bien acompa\u00f1ados, como ha explicado Faciolince.<\/p>\n<p class=\"ft-text\"><strong>\u00abA m\u00ed me pas\u00f3 como a Nona, que no sab\u00eda bien qu\u00e9 premio era ni c\u00f3mo se llamaba, pero el resto de finalistas fue la confirmaci\u00f3n de que era un premio serio y literario\u00bb, <\/strong>ha recordado Schweblin, quien, como la autora de &#8216;Marciano&#8217;, tambi\u00e9n fantasea con invertir el premio en grandes cantidades de tiempo para escribir. \u00abSi hay algo con lo que siempre so\u00f1\u00e9 es la idea de ganar un sueldo, y no esta cosa loca de vivir sin un peso, a veces con un poco m\u00e1s sabiendo que te lo puedes ganar el mes siguiente\u00bb, ha explicado.<\/p>\n<p data-close=\"closedContent\" class=\"subscribeHideForDisplay\">Suscr\u00edbete para seguir leyendo<\/p>\n","protected":false},"excerpt":{"rendered":"Como en \u2018Los inmortales\u2019, solo puede quedar uno. Cinco finalistas, otros tantos libros seleccionados se supone que con&hellip;\n","protected":false},"author":2,"featured_media":486855,"comment_status":"","ping_status":"","sticky":false,"template":"","format":"standard","meta":{"footnotes":""},"categories":[91],"tags":[1162,80719,210,146,147,25,1598,24,2880,448,225,4027,843,23],"class_list":["post-486854","post","type-post","status-publish","format-standard","has-post-thumbnail","category-entretenimiento","tag-aena","tag-aplauden","tag-barcelona","tag-entertainment","tag-entretenimiento","tag-es","tag-escritores","tag-espana","tag-finalistas","tag-historia","tag-libros","tag-narrativa","tag-premio","tag-spain"],"share_on_mastodon":{"url":"https:\/\/pubeurope.com\/@es\/116363518676346932","error":""},"_links":{"self":[{"href":"https:\/\/www.europesays.com\/es\/wp-json\/wp\/v2\/posts\/486854","targetHints":{"allow":["GET"]}}],"collection":[{"href":"https:\/\/www.europesays.com\/es\/wp-json\/wp\/v2\/posts"}],"about":[{"href":"https:\/\/www.europesays.com\/es\/wp-json\/wp\/v2\/types\/post"}],"author":[{"embeddable":true,"href":"https:\/\/www.europesays.com\/es\/wp-json\/wp\/v2\/users\/2"}],"replies":[{"embeddable":true,"href":"https:\/\/www.europesays.com\/es\/wp-json\/wp\/v2\/comments?post=486854"}],"version-history":[{"count":0,"href":"https:\/\/www.europesays.com\/es\/wp-json\/wp\/v2\/posts\/486854\/revisions"}],"wp:featuredmedia":[{"embeddable":true,"href":"https:\/\/www.europesays.com\/es\/wp-json\/wp\/v2\/media\/486855"}],"wp:attachment":[{"href":"https:\/\/www.europesays.com\/es\/wp-json\/wp\/v2\/media?parent=486854"}],"wp:term":[{"taxonomy":"category","embeddable":true,"href":"https:\/\/www.europesays.com\/es\/wp-json\/wp\/v2\/categories?post=486854"},{"taxonomy":"post_tag","embeddable":true,"href":"https:\/\/www.europesays.com\/es\/wp-json\/wp\/v2\/tags?post=486854"}],"curies":[{"name":"wp","href":"https:\/\/api.w.org\/{rel}","templated":true}]}}