{"id":487232,"date":"2026-04-07T17:33:41","date_gmt":"2026-04-07T17:33:41","guid":{"rendered":"https:\/\/www.europesays.com\/es\/487232\/"},"modified":"2026-04-07T17:33:41","modified_gmt":"2026-04-07T17:33:41","slug":"fallece-christine-ruiz-picasso-principal-impulsora-del-museo-picasso-malaga","status":"publish","type":"post","link":"https:\/\/www.europesays.com\/es\/487232\/","title":{"rendered":"Fallece Christine Ruiz-Picasso, principal impulsora del Museo Picasso M\u00e1laga"},"content":{"rendered":"<p>Si hay un personaje protagonista en el <a href=\"https:\/\/www.diariosur.es\/culturas\/nueva-coleccion-museo-picasso-malaga-influencia-africana-20240318191537-nt.html\" target=\"_self\" data-voc-vtm-id=\"in-text-traffic\" title=\"Museo Picasso M\u00e1laga (MPM)\" data-mrf-link=\"www.diariosur.es\" rel=\"nofollow noopener\">Museo Picasso M\u00e1laga (MPM)<\/a>, adem\u00e1s del pintor que le da nombre, esa es <a href=\"https:\/\/www.diariosur.es\/culturas\/malaga-reinventado-20181008231916-nt.html\" target=\"_self\" data-voc-vtm-id=\"in-text-traffic\" title=\"Christine Ruiz-Picasso\" data-mrf-link=\"www.diariosur.es\" rel=\"nofollow noopener\">Christine Ruiz-Picasso<\/a>. La  &#8230; nuera del artista malague\u00f1o fue la primera embajadora del regreso del autor del &#8216;Guernica&#8217; a su ciudad natal cuando en los a\u00f1os 50 lleg\u00f3 aqu\u00ed junto a su marido e hijo primog\u00e9nito del pintor, Paul, para estudiar por indicaci\u00f3n de Picasso la posibilidad de ceder su colecci\u00f3n y crear un museo en M\u00e1laga. Un deseo que, en dictadura, nunca se lleg\u00f3 a materializar. Hasta que en la d\u00e9cada de los 90, ya con la democracia, regres\u00f3 a Andaluc\u00eda y se propuso hacer realidad aquel encargo, del que se consider\u00f3 heredera. Christine, la gran impulsora del MPM y del museo que revolucion\u00f3 culturalmente M\u00e1laga, falleci\u00f3 este lunes en su casa de Provenza (Francia), a los 97 a\u00f1os, seg\u00fan confirm\u00f3 a SUR la pinacoteca. <\/p>\n<p><a href=\"http:\/\/www.diariosur.es\/culturas\/christine-ruizpicasso-teson-crear-museo-malaga-hijo-20260407160312-nt.html#vtm_modulosEngag=mod-rel:culturas:noticia:1:cmp:2-not\" class=\"v-a-link\" title=\"Christine Ruiz-Picasso y su tes\u00f3n por crear el museo en M\u00e1laga: \u00abEs como un hijo para m\u00ed\u00bb\" rel=\"nofollow noopener\" target=\"_blank\"><br \/>\n<img decoding=\"async\" loading=\"lazy\" class=\"v-a-img\" src=\"https:\/\/www.europesays.com\/es\/wp-content\/uploads\/2026\/04\/151658226-U50346621863TRJ-366x256@Diario Sur.JPEG\" alt=\"Christine Ruiz-Picasso y su tes\u00f3n por crear el museo en M\u00e1laga: \u00abEs como un hijo para m\u00ed\u00bb\"\/><br \/>\n<\/a><\/p>\n<p><a href=\"http:\/\/www.diariosur.es\/culturas\/reacciones-muerte-christine-picasso-cambio-vidas-20260407161227-nt.html#vtm_modulosEngag=mod-rel:culturas:noticia:2:cmp:2-not\" class=\"v-a-link\" title=\"Las reacciones a la muerte de Christine: \u00abCambi\u00f3 nuestras vidas\u00bb\" rel=\"nofollow noopener\" target=\"_blank\"><br \/>\n<img decoding=\"async\" loading=\"lazy\" class=\"v-a-img\" src=\"https:\/\/www.europesays.com\/es\/wp-content\/uploads\/2026\/04\/97905018-k2qD--366x256@Diario Sur.jpg\" alt=\"Las reacciones a la muerte de Christine: \u00abCambi\u00f3 nuestras vidas\u00bb\"\/><br \/>\n<\/a><\/p>\n<p class=\"v-p\">Presidenta de Honor del Museo Picasso M\u00e1laga desde su creaci\u00f3n en 2003, la artista, mecenas y nuera del pintor malague\u00f1o contribuy\u00f3 con su propia colecci\u00f3n al regreso de Pablo Picasso a M\u00e1laga, por lo que fue reconocida con numerosas distinciones, como la Gran Cruz de Alfonso X El Sabio, y los t\u00edtulos de Hija Predilecta de Andaluc\u00eda e Adoptiva de la Diputaci\u00f3n de M\u00e1laga. Al cumplirse en 2023 el vig\u00e9simo aniversario de la inauguraci\u00f3n, el MPM sell\u00f3 el reconocimiento a su patrocinadora al bautizar su sal\u00f3n de actos como Auditorio Christine Ruiz-Picasso. Momento en el que su hijo y continuador de la vinculaci\u00f3n de su familia con M\u00e1laga, <a href=\"https:\/\/www.diariosur.es\/culturas\/bernard-picasso-museo-representa-deseo-madre-reconocer-20231027223634-nt.html\" target=\"_self\" data-voc-vtm-id=\"in-text-traffic\" title=\"Bernard Ruiz-Picasso reivindic\u00f3 el papel protagonista de su progenitora\" data-mrf-link=\"www.diariosur.es\" rel=\"nofollow noopener\">Bernard Ruiz-Picasso reivindic\u00f3 el papel protagonista de su progenitora<\/a> al afirmar que \u00abeste museo representa muy bien el deseo de mi madre de reconocer a su suegro y a mi padre\u00bb.<\/p>\n<p>\nChristine Pauplin, su nombre de soltera, se cas\u00f3 en 1962 con el hijo primog\u00e9nito de Pablo Picasso y Olga Kokhlova, Paul\n<\/p>\n<p class=\"v-p\">Christine Pauplin naci\u00f3 en Par\u00eds en 1928. De formaci\u00f3n art\u00edstica, su vida tambi\u00e9n qued\u00f3 determinada por Picasso, desde que en los a\u00f1os 50 visit\u00f3 al pintor en su estudio para interesarse por su obra. Iba buscando al padre, pero encontr\u00f3 al hijo. All\u00ed conoci\u00f3 a Paul, primog\u00e9nito del malague\u00f1o y de Olga Kokhlova, que por entonces estaba casado con \u00c9milienne Lotte, con quien tuvo dos hijos: Pablo (1949-1973) y Marina (1950). Posteriormente, Christine Pauplin y Paul contrajeron matrimonio en 1962, aunque ambos ya llevaban a\u00f1os juntos y hab\u00edan sido padres en 1959 de Bernard Ruiz-Picasso, que en la actualidad preside el Consejo Ejecutivo del MPM y renueva con las cesiones de sus propios fondos la colecci\u00f3n semipermanente del museo del Palacio de Buenavista. <\/p>\n<p><img decoding=\"async\" loading=\"lazy\" src=\"https:\/\/www.europesays.com\/es\/wp-content\/uploads\/2026\/04\/Christine2-U81418045063VeX-650x975@Diario Sur.jpg\" class=\"v-a-img\" alt=\"Christine Ruiz-Picasso, feliz, el d\u00eda de la inauguraci\u00f3n del Museo Picasso M\u00e1laga en 2003.\" data-voc-vtm-id=\"in-text-traffic\" width=\"650\" height=\"975\"\/><\/p>\n<p>Christine Ruiz-Picasso, feliz, el d\u00eda de la inauguraci\u00f3n del Museo Picasso M\u00e1laga en 2003.<\/p>\n<p>SUR<\/p>\n<p class=\"v-p\">Christine no solo tom\u00f3 el apellido Ruiz-Picasso, sino que nunca olvid\u00f3 el deseo que el propio Pablo Picasso les manifest\u00f3 a su hijo Paul y a ella misma de donar a su ciudad natal, M\u00e1laga, obras de su colecci\u00f3n personal. Ese fue el motivo de la expedici\u00f3n de ambos a M\u00e1laga en 1954, un trayecto en coche de 2.500 kil\u00f3metros que Christine nunca olvid\u00f3 porque fue \u00abun viaje de bodas ante de la boda\u00bb. De regreso a Francia, su suegro se emocion\u00f3 con lo que ella y su hijo Paul le contaron del inter\u00e9s de M\u00e1laga y exclam\u00f3: \u00abSi es posible, enviar\u00e9 dos camiones de pinturas\u00bb. Pero esas obras, con las ilusiones, quedaron aparcadas.<\/p>\n<p>\n\u00a0\n<\/p>\n<p> Christine visit\u00f3 los espacios que podr\u00edan ser la sede de la futura pinacoteca y seleccion\u00f3 el Palacio de Buenavista, que entonces ocupaba el Museo de M\u00e1laga<\/p>\n<p class=\"v-p\">El segundo cap\u00edtulo de aquel viaje se produjo en los a\u00f1os 90. Tras ceder piezas para dos exposiciones m\u00edticas, &#8216;Picasso cl\u00e1sico&#8217; (1992) y &#8216;Primera mirada&#8217; (1994), en el Palacio del Obispo, la nuera de Pablo Ruiz Picasso expres\u00f3 en M\u00e1laga el deseo del pintor de crear un museo en su ciudad natal y se mostr\u00f3 dispuesta a donar parte de la colecci\u00f3n privada que hered\u00f3 del pintor para hacer realidad aquel sue\u00f1o. Todav\u00eda habr\u00eda que superar algunos escollos, pero esta vez, con el apoyo de la Junta de Andaluc\u00eda, la historia se escribir\u00eda hasta el final.<\/p>\n<p>Primera piedra<\/p>\n<p class=\"v-p\">Aquello no fueron solo palabras, ya que Christine Ruiz-Picasso tambi\u00e9n puso una simb\u00f3lica primera piedra cuando en 1998 don\u00f3 y cedi\u00f3, con el apoyo expreso de su hijo, Bernard, un total de 233 obras, de casi todos los periodos, materiales y t\u00e9cnicas, para que M\u00e1laga tuviera ese museo que Picasso imagin\u00f3. La propia nuera visit\u00f3 en M\u00e1laga los espacios que podr\u00edan ser la sede de la futura pinacoteca y seleccion\u00f3 el Palacio de Buenavista, que entonces ocupaba el Museo de M\u00e1laga. <\/p>\n<p><img decoding=\"async\" loading=\"lazy\" src=\"https:\/\/www.europesays.com\/es\/wp-content\/uploads\/2026\/04\/Christine y Bernard-U56288027843Flm-650x455@Diario Sur.jpg\" class=\"v-a-img\" alt=\"Christine Ruiz-Picasso, junto a su hijo, Bernard, al recibir el t\u00edtulo de Hija Adoptiva de M\u00e1laga.\" data-voc-vtm-id=\"in-text-traffic\" width=\"650\" height=\"455\"\/><\/p>\n<p>Christine Ruiz-Picasso, junto a su hijo, Bernard, al recibir el t\u00edtulo de Hija Adoptiva de M\u00e1laga.<\/p>\n<p>SUR<\/p>\n<p><img loading=\"lazy\" decoding=\"async\" src=\"https:\/\/www.europesays.com\/es\/wp-content\/uploads\/2026\/04\/Christine y Bernard-U56288027843Flm-650x455@Diario Sur.jpg\" class=\"v-mdl__img-z\" width=\"650\" height=\"455\" alt=\"\"\/><\/p>\n<p class=\"v-p\">Adem\u00e1s de protagonizar su creaci\u00f3n y acompa\u00f1ar a los Reyes de Espa\u00f1a, Juan Carlos I y Do\u00f1a Sof\u00eda, en la inauguraci\u00f3n del MPM, Christine sigui\u00f3 teniendo una relaci\u00f3n muy estrecha con el museo durante la primera d\u00e9cada de vida, en el que fue dirigido sucesivamente por Carmen Gim\u00e9nez, Bernardo Laniado-Romero y Jos\u00e9 Lebrero. Por entonces dej\u00f3 claro lo que este proyecto significaba para ella: \u00abEste museo es como un hijo\u00bb.<\/p>\n<p>\nLa mecenas protagoniz\u00f3 en 2011 una pol\u00e9mica con el director art\u00edstico Jos\u00e9 Lebrero, al pedir su dimisi\u00f3n por la exposici\u00f3n temporal &#8216;Vi\u00f1etas en el frente&#8217;\n<\/p>\n<p class=\"v-p\"> La mecenas tambi\u00e9n protagoniz\u00f3 uno de los episodios m\u00e1s controvertidos de la historia de la pinacoteca cuando en 2011 se neg\u00f3 a inaugurar la exposici\u00f3n temporal &#8216;Vi\u00f1etas en el frente&#8217; al denunciar una \u00abutilizaci\u00f3n pol\u00edtica oportunista que se hace de ella en periodo pol\u00e9mico electoral\u00bb y considerar la exhibici\u00f3n una \u00abregresi\u00f3n con referencia al pasado\u00bb. Christine Ruiz-Picasso pidi\u00f3 incluso la dimisi\u00f3n del entonces director art\u00edstico del MPM, Jos\u00e9 Lebrero, lo que provoc\u00f3 un gran debate sobre la idoneidad de aquella exposici\u00f3n que fue defendida por numerosos sectores y especialistas en arte. Finalmente, las desavenencias se arreglaron en el propio patronato del museo y el m\u00e1ximo responsable continu\u00f3 en su puesto. <\/p>\n<p><img decoding=\"async\" loading=\"lazy\" src=\"https:\/\/www.europesays.com\/es\/wp-content\/uploads\/2026\/04\/picasso-portada-U200739378011cFE-RwwWNKmGosAR7iiLmGRkXpK-1200x840@Diario Sur-U52485376654tri-650x455.jpeg\" class=\"v-a-img\" alt=\"Paco de la Torre y Bernard Ruiz-Picasso se abrazan, ante la presencia de Arturo Bernal, en la inauguraci\u00f3n del Auditorio Christine Ruiz-Picasso.\" data-voc-vtm-id=\"in-text-traffic\" width=\"650\" height=\"455\"\/><\/p>\n<p>Paco de la Torre y Bernard Ruiz-Picasso se abrazan, ante la presencia de Arturo Bernal, en la inauguraci\u00f3n del Auditorio Christine Ruiz-Picasso.<\/p>\n<p>\u00d1ito Salas<\/p>\n<p><img loading=\"lazy\" decoding=\"async\" src=\"https:\/\/www.europesays.com\/es\/wp-content\/uploads\/2026\/04\/picasso-portada-U200739378011cFE-RwwWNKmGosAR7iiLmGRkXpK-1200x840@Diario Sur-U52485376654tri-650x455.jpeg\" class=\"v-mdl__img-z\" width=\"650\" height=\"455\" alt=\"\"\/><\/p>\n<p class=\"v-p\">En su <a href=\"https:\/\/www.diariosur.es\/culturas\/malaga-reinventado-20181008231916-nt.html\" target=\"_self\" data-voc-vtm-id=\"in-text-traffic\" title=\"\u00faltima entrevista en SUR\" data-mrf-link=\"www.diariosur.es\" rel=\"nofollow noopener\">\u00faltima entrevista en SUR<\/a>, en 2018 con motivo del 15 aniversario de la fundaci\u00f3n del museo, Christine Ruiz-Picasso hizo balance de su gran proyecto personal y explicaba que fue el \u00abentusiasmo de los malague\u00f1os\u00bb lo que le impuls\u00f3 a retomar aquel sue\u00f1o incumplido de su suegro. \u00abLo m\u00e1s importante para m\u00ed es que la apertura de este museo ha dotado a esta ciudad de dinamismo y que, en cierto modo, todo esto ha sido posible gracias a Picasso\u00bb, asegur\u00f3. <\/p>\n<p>\nEl museo ideado por Christine Ruiz-Picasso se convirti\u00f3 en el revulsivo de una ciudad que se reconoci\u00f3 en el espejo de la cultura\n<\/p>\n<p class=\"v-p\">Para entonces, el MPM no solo era una realidad, sino que, como se desprende de las palabras de la mecenas, el museo se hab\u00eda convertido en el revulsivo de una ciudad que se reconoci\u00f3 en el espejo de la cultura. Y se gust\u00f3. Aquella idea fue abrazada particularmente por el alcalde de M\u00e1laga, Paco de la Torre, que no solo aprovech\u00f3 para impulsar la Casa Natal de Picasso, sino que tambi\u00e9n atrajo grandes colecciones internacionales de arte contempor\u00e1neo con las inauguraciones de los museos Carmen Thyssen, Centro Pompidou y Ruso, entre otros. Una apuesta ganadora que consolid\u00f3 la nueva marca de la M\u00e1laga de los Museos, de las que el Picasso es su indiscutible buque insignia como el m\u00e1s visitado de Andaluc\u00eda.<\/p>\n<p class=\"v-p\"> A los 75 a\u00f1os, Christine hizo de un sue\u00f1o prestado su gran legado cultural al mundo con la creaci\u00f3n de MPM. Al igual que su hijo, Bernard, Pauplin tuvo que aprender a vivir con la alargada sombra de la marca Picasso. Un apellido que sin duda imprime car\u00e1cter y que ha supeditado la vida de sus portadores a la arrolladora personalidad de su inquieto e inmortal patriarca malague\u00f1o: Pablo. Un &#8216;t\u00edtulo&#8217; que en el caso de Christine ocult\u00f3 incluso la profesi\u00f3n de esta ceramista que un d\u00eda se dej\u00f3 caer por el estudio del maestro en busca de inspiraci\u00f3n. Y acab\u00f3 encontrando una nueva vida.<\/p>\n","protected":false},"excerpt":{"rendered":"Si hay un personaje protagonista en el Museo Picasso M\u00e1laga (MPM), adem\u00e1s del pintor que le da nombre,&hellip;\n","protected":false},"author":2,"featured_media":487233,"comment_status":"","ping_status":"","sticky":false,"template":"","format":"standard","meta":{"footnotes":""},"categories":[91],"tags":[74789,146,147,25,24,5992,67350,3855,470,559,15068,98926,23],"class_list":["post-487232","post","type-post","status-publish","format-standard","has-post-thumbnail","category-entretenimiento","tag-christine","tag-entertainment","tag-entretenimiento","tag-es","tag-espana","tag-fallece","tag-impulsora","tag-malaga","tag-museo","tag-picasso","tag-principal","tag-ruizpicasso","tag-spain"],"share_on_mastodon":{"url":"https:\/\/pubeurope.com\/@es\/116364627771323285","error":""},"_links":{"self":[{"href":"https:\/\/www.europesays.com\/es\/wp-json\/wp\/v2\/posts\/487232","targetHints":{"allow":["GET"]}}],"collection":[{"href":"https:\/\/www.europesays.com\/es\/wp-json\/wp\/v2\/posts"}],"about":[{"href":"https:\/\/www.europesays.com\/es\/wp-json\/wp\/v2\/types\/post"}],"author":[{"embeddable":true,"href":"https:\/\/www.europesays.com\/es\/wp-json\/wp\/v2\/users\/2"}],"replies":[{"embeddable":true,"href":"https:\/\/www.europesays.com\/es\/wp-json\/wp\/v2\/comments?post=487232"}],"version-history":[{"count":0,"href":"https:\/\/www.europesays.com\/es\/wp-json\/wp\/v2\/posts\/487232\/revisions"}],"wp:featuredmedia":[{"embeddable":true,"href":"https:\/\/www.europesays.com\/es\/wp-json\/wp\/v2\/media\/487233"}],"wp:attachment":[{"href":"https:\/\/www.europesays.com\/es\/wp-json\/wp\/v2\/media?parent=487232"}],"wp:term":[{"taxonomy":"category","embeddable":true,"href":"https:\/\/www.europesays.com\/es\/wp-json\/wp\/v2\/categories?post=487232"},{"taxonomy":"post_tag","embeddable":true,"href":"https:\/\/www.europesays.com\/es\/wp-json\/wp\/v2\/tags?post=487232"}],"curies":[{"name":"wp","href":"https:\/\/api.w.org\/{rel}","templated":true}]}}