{"id":487377,"date":"2026-04-07T19:26:15","date_gmt":"2026-04-07T19:26:15","guid":{"rendered":"https:\/\/www.europesays.com\/es\/487377\/"},"modified":"2026-04-07T19:26:15","modified_gmt":"2026-04-07T19:26:15","slug":"asi-explicaba-rob-halford-su-salida-de-judas-priest-no-creo-que-ningun-musico-se-sintiera-asi-fuera-bruce-dickinson-cuando-se-fue-de-iron-maiden-o-vince-neil-cuando-dejo-motley-crue","status":"publish","type":"post","link":"https:\/\/www.europesays.com\/es\/487377\/","title":{"rendered":"As\u00ed explicaba Rob Halford su salida de Judas Priest: \u201cNo creo que ning\u00fan m\u00fasico se sintiera as\u00ed, fuera Bruce Dickinson cuando se fue de Iron Maiden o Vince Neil cuando dej\u00f3 M\u00f6tley Cr\u00fce\u201d"},"content":{"rendered":"<p>Se hace dif\u00edcil pensar desde el punto de vista actual unos <strong>Judas Priest<\/strong> sin <strong>Rob Halford<\/strong>, unos <strong>Iron Maiden<\/strong> sin <strong>Bruce Dickinson<\/strong>, o unos <strong>M\u00f6tley Cr\u00fce<\/strong> sin <strong>Vince Neil<\/strong>, pero los tres casos se dieron, y fue el Metal God el que m\u00e1s tiempo estuvo alejado de la banda a la que su voz estar\u00e1 por siempre asociada. El recuerdo de aquella decisi\u00f3n que lleg\u00f3 tras el lanzamiento de <strong>\u2018Painkiller\u2019<\/strong> ha vuelto a la luz con una explicaci\u00f3n que alude a los sentimientos y a los otros dos ic\u00f3nicos vocalistas mencionados: \u201cNo creo que ning\u00fan m\u00fasico se sintiera as\u00ed, fuera Bruce Dickinson cuando se fue de Iron Maiden o Vince Neil cuando dej\u00f3 M\u00f6tley Cr\u00fce\u201d.<\/p>\n<p>Pr\u00e1cticamente dos d\u00e9cadas separaron la llegada del vocalista a las filas de Judas Priest en 1973 y su salida del grupo dos a\u00f1os despu\u00e9s de que volvieran a marcar el rumbo del heavy metal con el disco publicado en 1990. En ese tiempo, Halford se convirti\u00f3 en una de las espadas principales de la banda, lo que hizo especialmente traum\u00e1tico el anuncio de su salida para los seguidores, pero, tal como recordaba en <a href=\"https:\/\/www.youtube.com\/watch?v=L2ha_ny8zRk\" target=\"_blank\" rel=\"noopener nofollow\"><strong>esta entrevista con Steve Rosen<\/strong><\/a>, era algo que necesitaba hacer.<\/p>\n<p>En 2020, Halford comentaba a <strong><a href=\"https:\/\/www.rollingstone.com\/music\/music-features\/rob-halford-judas-priest-last-word-interview-1003838\/\" target=\"_blank\" rel=\"noopener nofollow\">Rolling Stone<\/a><\/strong>: \u201cCreo que para m\u00ed era importante hacerlo. Porque es como dice esa canci\u00f3n: \u201cNo sabes lo que tienes hasta que lo pierdes\u201d, y un tiempo antes entraba m\u00e1s en detalle con Rosen cuando este le preguntaba si sab\u00eda que dejar\u00eda la banda tras \u2018Painkiller\u2019: \u201cNo. No creo que ning\u00fan m\u00fasico se sienta as\u00ed, ya fuera cuando Bruce (Dickinson) dej\u00f3 (Iron) Maiden o cuando Vince (Neil) dej\u00f3 (M\u00f6tley) Cr\u00fce. Es algo muy particular; incluso ahora no consigo entenderlo del todo, y a veces reflexiono sobre lo que podr\u00eda haber pasado en esos diez a\u00f1os\u201d.<\/p>\n<p>La actitud positiva del vocalista vuelve a ponerse sobre la mesa: \u201cEs f\u00e1cil mirar atr\u00e1s y aprovechar esos momentos de una forma m\u00e1s positiva\u2026 Para m\u00ed, personalmente, creo que quiz\u00e1 estaba liber\u00e1ndome de algunos de mis sentimientos. Ya sabes lo que es formar parte de una banda. Es una cadena muy fr\u00e1gil, y tienes todos estos componentes que act\u00faan, no de forma violenta, sino simplemente con mucha fricci\u00f3n. Ya sabes, el rock and roll deber\u00eda ser caos, derribar puertas, gritar y rugir. Necesita mantener ese tipo de emoci\u00f3n y energ\u00eda. As\u00ed que, da igual lo que se diga ahora en retrospectiva, el pasado no se puede cambiar\u201d.<\/p>\n<p>El regreso a Judas Priest<\/p>\n<p>Una d\u00e9cada (y dos discos de estudio con <strong>Ripper Owens <\/strong>para Judas Priest y cinco para el vocalista entre<strong> Fight, 2wo y Halford<\/strong>) despu\u00e9s, el hijo pr\u00f3digo volv\u00eda a casa, y Halford celebra que al volver fue como si nada hubiera cambiado: \u201cLo curioso es que, aunque apenas nos hab\u00edamos comunicado en toda una d\u00e9cada, cuando volvimos a estar juntos, parec\u00eda que nada hab\u00eda cambiado en realidad. Probablemente eso sea algo bueno, porque a veces las reuniones duran un par de a\u00f1os m\u00e1s y luego vuelven a separarse\u201d.<\/p>\n<p>El vocalista cierra este cap\u00edtulo con su propio aprendizaje: \u201cCreo que volv\u00ed a la banda con mucho m\u00e1s respeto por todos. Realmente lo sent\u00ed as\u00ed porque, tras estar fuera un tiempo, pude entender muchas cosas que antes no pod\u00eda porque estaba demasiado metido en ellas\u201d.<\/p>\n<p style=\"text-align: center;\">\n<p>Judas Priest en Espa\u00f1a en 2026<\/p>\n<p>Este a\u00f1o, en el que la banda ha comenzado la <strong><a href=\"https:\/\/mariskalrock.com\/actualidad\/judas-priest-ya-esta-grabando-su-proximo-disco-solo-dos-anos-despues-de-invincible-shield-no-se-si-tengo-permiso-para-decirlo-pero-lo-he-dicho\/\" target=\"_blank\" rel=\"noopener nofollow\">grabaci\u00f3n de su nuevo disco<\/a><\/strong>, tendremos a Judas Priest <strong><a href=\"https:\/\/mariskalrock.com\/actualidad\/judas-priest-anuncia-dos-conciertos-en-espana-en-2026-junto-a-airbourne-y-dirkschneider\/\" target=\"_blank\" rel=\"noopener nofollow\">en nuestro pa\u00eds<\/a><\/strong> de nuevo con conciertos como los que se anunciaron para el pr\u00f3ximo mes de agosto, concretamente el <strong>18 de agosto en el Navarra Arena de Pamplona y el 20 de agosto en el Roig Arena de Valencia.<\/strong><\/p>\n<p>Completando el cartel estar\u00e1n nada menos que\u00a0<strong>Airbourne<\/strong>\u00a0y otra leyenda metalera como el vocalista\u00a0<strong>Udo Dirkschneider<\/strong>, m\u00edtica voz de los alemanes\u00a0<strong>Accept<\/strong>\u00a0en sus inicios, con la banda a la que da nombre celebrando el 40\u00ba aniversario de\u00a0<strong>&#8216;Balls To The Wall\u2019.<\/strong>\u00a0Las entradas est\u00e1n a la\u00a0<a href=\"https:\/\/www.madnesslive.es\/es\/pagina\/343-judas-priest-junto-a-airbourne-y-dirkschneider-en-agosto-de-2026-en-pamplona-y-valencia\" target=\"_blank\" rel=\"noopener nofollow\"><strong>venta en este enlace<\/strong><\/a>.<\/p>\n<p style=\"text-align: center;\"><img fetchpriority=\"high\" decoding=\"async\" class=\"aligncenter wp-image-379430 size-full\" src=\"https:\/\/www.europesays.com\/es\/wp-content\/uploads\/2026\/04\/judas-priest-espana-2026-web.jpg\" alt=\"\" width=\"497\" height=\"700\"  \/><\/p>\n<p style=\"text-align: center;\"><a href=\"https:\/\/tienda.mariskalrock.com\/producto\/la-heavy-480-ya-a-la-venta-con-black-label-society-en-portada-junto-a-mago-de-oz-judas-priest-the-black-crowes-o-beat\/\" target=\"_blank\" rel=\"noopener nofollow\"><img loading=\"lazy\" decoding=\"async\" class=\"aligncenter wp-image-396989 size-full\" src=\"https:\/\/www.europesays.com\/es\/wp-content\/uploads\/2026\/04\/la-heavy-480-Portada-fb-6-ok.webp.webp\" alt=\"\" width=\"600\" height=\"315\"  \/><\/a><\/p>\n<p><strong>Judas Priest<\/strong> son unos de los grandes protagonistas del <strong><a href=\"https:\/\/tienda.mariskalrock.com\/producto\/la-heavy-480-ya-a-la-venta-con-black-label-society-en-portada-junto-a-mago-de-oz-judas-priest-the-black-crowes-o-beat\/\" target=\"_blank\" rel=\"noopener nofollow\">n\u00famero 480 de La Heavy<\/a><\/strong>, con <strong>Zakk Wylde y sus Black Label Society<\/strong> en portada acompa\u00f1ados por <strong>M\u00e4go de Oz, The Black Crowes, Beat, Kreator, Porretas, At The Gates, Barricada, Hardline<\/strong> y muchos m\u00e1s. Corre a tu kiosco o <strong><a href=\"https:\/\/tienda.mariskalrock.com\/producto\/la-heavy-480-ya-a-la-venta-con-black-label-society-en-portada-junto-a-mago-de-oz-judas-priest-the-black-crowes-o-beat\/\" target=\"_blank\" rel=\"noopener nofollow\">visita nuestra tienda online<\/a><\/strong> para no perderte nada.<\/p>\n<p>                         <a target=\"_blank\" href=\"http:\/\/www.mariskalrock.com\" class=\"url\" title=\"Jorge Bobadilla\" rel=\"nofollow noopener\"> <img decoding=\"async\" src=\"https:\/\/www.europesays.com\/es\/wp-content\/uploads\/2026\/02\/jorge-bobadilla-2025-web-300x300-1.jpg\" class=\"photo\" width=\"250\" alt=\"Jorge Bobadilla\"\/><\/a> <\/p>\n<p>Llev\u00e1is ya m\u00e1s de veinte a\u00f1os ley\u00e9ndome por aqu\u00ed y por all\u00ed, as\u00ed que, vayamos al grano. En 2005 MariskalRock abri\u00f3 sus puertas a este humilde \u201cjuntaletras\u201d, y desde entonces el rock ha sido la punta del comp\u00e1s de mi vida. Aficionado tambi\u00e9n a atrapar im\u00e1genes (sean fijas o en movimiento), en estas dos d\u00e9cadas ser\u00eda raro que no nos hubi\u00e9ramos visto entre salas y festivales. Brindemos en la pr\u00f3xima.<\/p>\n<p> <a href=\"http:\/\/www.mariskalrock.com\" class=\"url\" target=\"_blank\" title=\"Jorge Bobadilla\" rel=\"nofollow noopener\"><img decoding=\"async\" src=\"https:\/\/www.europesays.com\/es\/wp-content\/uploads\/2026\/02\/jorge-bobadilla-2025-web-300x300-1.jpg\" class=\"photo\" width=\"250\" alt=\"Jorge Bobadilla\"\/><\/a>\u00daltimas entradas de Jorge Bobadilla (<a target=\"_blank\" href=\"https:\/\/mariskalrock.com\/author\/jorge-bobadilla\/\" rel=\"nofollow noopener\">ver todo<\/a>)  <\/p>\n","protected":false},"excerpt":{"rendered":"Se hace dif\u00edcil pensar desde el punto de vista actual unos Judas Priest sin Rob Halford, unos Iron&hellip;\n","protected":false},"author":2,"featured_media":487378,"comment_status":"","ping_status":"","sticky":false,"template":"","format":"standard","meta":{"footnotes":""},"categories":[170],"tags":[8952,146,147,25,24,477,478,55986,35836,4622,184,185,43200,23,98977],"class_list":["post-487377","post","type-post","status-publish","format-standard","has-post-thumbnail","category-musica","tag-bruce-dickinson","tag-entertainment","tag-entretenimiento","tag-es","tag-espana","tag-iron-maiden","tag-judas-priest","tag-la-heavy","tag-motley-crue","tag-mr2022","tag-music","tag-musica","tag-rob-halford","tag-spain","tag-vince-neil"],"share_on_mastodon":{"url":"https:\/\/pubeurope.com\/@es\/116365072501377988","error":""},"_links":{"self":[{"href":"https:\/\/www.europesays.com\/es\/wp-json\/wp\/v2\/posts\/487377","targetHints":{"allow":["GET"]}}],"collection":[{"href":"https:\/\/www.europesays.com\/es\/wp-json\/wp\/v2\/posts"}],"about":[{"href":"https:\/\/www.europesays.com\/es\/wp-json\/wp\/v2\/types\/post"}],"author":[{"embeddable":true,"href":"https:\/\/www.europesays.com\/es\/wp-json\/wp\/v2\/users\/2"}],"replies":[{"embeddable":true,"href":"https:\/\/www.europesays.com\/es\/wp-json\/wp\/v2\/comments?post=487377"}],"version-history":[{"count":0,"href":"https:\/\/www.europesays.com\/es\/wp-json\/wp\/v2\/posts\/487377\/revisions"}],"wp:featuredmedia":[{"embeddable":true,"href":"https:\/\/www.europesays.com\/es\/wp-json\/wp\/v2\/media\/487378"}],"wp:attachment":[{"href":"https:\/\/www.europesays.com\/es\/wp-json\/wp\/v2\/media?parent=487377"}],"wp:term":[{"taxonomy":"category","embeddable":true,"href":"https:\/\/www.europesays.com\/es\/wp-json\/wp\/v2\/categories?post=487377"},{"taxonomy":"post_tag","embeddable":true,"href":"https:\/\/www.europesays.com\/es\/wp-json\/wp\/v2\/tags?post=487377"}],"curies":[{"name":"wp","href":"https:\/\/api.w.org\/{rel}","templated":true}]}}