{"id":487973,"date":"2026-04-08T03:44:15","date_gmt":"2026-04-08T03:44:15","guid":{"rendered":"https:\/\/www.europesays.com\/es\/487973\/"},"modified":"2026-04-08T03:44:15","modified_gmt":"2026-04-08T03:44:15","slug":"la-audiencia-provincial-confirma-el-archivo-de-denuncia-por-agresion-sexual-contra-el-exconselleiro-alfonso-villares","status":"publish","type":"post","link":"https:\/\/www.europesays.com\/es\/487973\/","title":{"rendered":"La Audiencia Provincial confirma el archivo de denuncia por agresi\u00f3n sexual contra el exconselleiro Alfonso Villares"},"content":{"rendered":"<p class=\"article-text\">\n        La secci\u00f3n primera de la Audiencia Provincial de A Coru\u00f1a ha confirmado el archivo de la denuncia por agresi\u00f3n sexual contra el exconselleiro do Mar, Alfonso Villares, por \u201cfalta de indicios\u201d. De este modo, confirma el auto dictado el pasado mes de diciembre por el Juzgado de Instrucci\u00f3n n\u00famero 2 de Ferrol, en el que determin\u00f3 que no hay lugar al procesamiento del exconselleiro do Mar como autor de un delito de agresi\u00f3n sexual y dio por concluido el sumario. En concreto, la sala rechaza la solicitud de la acusaci\u00f3n particular de devolver la causa al \u00f3rgano instructor con la finalidad de que recibiese declaraci\u00f3n a dos personas.\n    <\/p>\n<p>    <a href=\"https:\/\/www.eldiario.es\/galicia\/conselleiro-mar-xunta-dimite-investigacion-abierta-tribunal-superior-galicia_1_12357076.html\" data-mrf-recirculation=\"saber-mas\" data-dl-event=\"saber-mas\" rel=\"nofollow noopener\" target=\"_blank\"><\/p>\n<p class=\"know-more__title\">El conselleiro de Mar de la Xunta dimite tras una denuncia por agresi\u00f3n sexual<\/p>\n<p>            <img decoding=\"async\" class=\"lazy\" loading=\"lazy\" data-src=\"https:\/\/static.eldiario.es\/clip\/ff8f202d-4ce8-40d4-93cd-ce1073752f46_16-9-aspect-ratio_default_0.jpg\" src=\"data:image\/svg+xml,%3Csvg xmlns=\" http:=\"\" viewbox=\"0 0 880 495\" alt=\"El conselleiro de Mar de la Xunta dimite tras una denuncia por agresi\u00f3n sexual\"\/><\/p>\n<p>                        <\/a><\/p>\n<p class=\"article-text\">\n        En el auto, los magistrados subrayan que la investigaci\u00f3n ya practicada \u201cha sido amplia y minuciosa\u201d y que, en base a ella, la jueza instructora \u201cno ha apreciado indicios bastantes para procesar\u201d, criterio compartido por el Ministerio Fiscal. \u201cDe lo actuado se desprende que se han practicado todas las diligencias pertinentes para el esclarecimiento de los hechos investigados, por lo que es procedente confirmar el auto de conclusi\u00f3n de sumario\u201d, incide la Audiencia Provincial. En la resoluci\u00f3n, los jueces explican que la controversia \u201cno se sit\u00faa en este caso en la necesidad de completar una investigaci\u00f3n insuficientemente desarrollada, sino en la pretensi\u00f3n de obtener una nueva valoraci\u00f3n incriminatoria de las actuaciones para alcanzar un resultado procesal que no ha sido considerado procedente ni por la instructora, tras una investigaci\u00f3n detallada, ni por el Ministerio Fiscal\u201d.\n    <\/p>\n<p class=\"article-text\">\n        Adem\u00e1s, la sala se\u00f1ala que las diligencias cuya pr\u00e1ctica se interesa por parte de la acusaci\u00f3n particular -la declaraci\u00f3n de la conductora y la ayudante de la ambulancia- presentan \u201cun car\u00e1cter claramente perif\u00e9rico y prospectivo respecto del n\u00facleo f\u00e1ctico investigado\u201d. As\u00ed, explica que el hecho de pretender que ambos \u201cpuedan erigirse en testigos directos aptos para establecer, conforme a su mera percepci\u00f3n y experiencia pr\u00e1ctica, si la sintomatolog\u00eda que presentaba la denunciante resultaba compatible con un cuadro de sumisi\u00f3n qu\u00edmica, carece de solidez l\u00f3gica y procesal\u201d.\n    <\/p>\n<p class=\"article-text\">\n        A ello, a\u00f1ade que \u201cno solo se trata de personas manifiestamente ajenas al n\u00facleo del hecho investigado y desprovistas de cualificaci\u00f3n pericial para efectuar una inferencia diagn\u00f3stica de esa naturaleza, sino que, adem\u00e1s, tal hip\u00f3tesis ya ha quedado contradicha por declaraciones testificales de m\u00e9dicos especialistas y por el resultado de an\u00e1lisis, exploraciones y pruebas cl\u00ednicas exhaustivamente practicadas\u201d. De esta forma, la Audiencia Provincial de A Coru\u00f1a concluye que \u201cpostular ahora tales declaraciones como v\u00eda apta para sustentar un procesamiento no pasa de ser una conjetura carente de base objetiva\u201d. Contra el auto cabe la presentaci\u00f3n de recurso de s\u00faplica.\n    <\/p>\n<p>    Dimisi\u00f3n como conselleiro<\/p>\n<p class=\"article-text\">\n        Alfonso Villares present\u00f3 su dimisi\u00f3n al frente del departamento auton\u00f3mico de Mar en una comparecencia urgente convocada en San Caetano, la sede central del Gobierno gallego en junio del pasado a\u00f1o. Afirm\u00f3 entonces que dimit\u00eda para poder \u201cdefenderse\u201d en mejores condiciones ante una acusaci\u00f3n de la que se declar\u00f3 \u201ctotalmente inocente\u201d.\n    <\/p>\n<p class=\"article-text\">\n        El d\u00eda siguiente a su dimisi\u00f3n, en el cual Marta Villaverde tom\u00f3 posesi\u00f3n como nueva conselleira do Mar, Villares fue arropado en el acto por todo el Gobierno gallego con su presidente, Alfonso Rueda, al frente, con quien se abraz\u00f3. All\u00ed, el titular del Ejecutivo auton\u00f3mico dese\u00f3 que \u201cse haga justicia cuanto antes\u201d con Villares para \u201cpoder recuperarlo para la vida p\u00fablica\u201d.\n    <\/p>\n<p class=\"article-text\">\n        Ese mismo 5 de junio, Rueda revel\u00f3 que conoc\u00eda desde febrero la denuncia contra Villares. \u201cEn el mes de febrero, el exconselleiro Alfonso Villares me comunica que recibe una llamada a la comisar\u00eda de Ferrol donde dice que hay una denuncia contra \u00e9l y si desea prestar voluntariamente declaraci\u00f3n. \u00c9l acude, presta esa declaraci\u00f3n, me comenta que es por una denuncia por unos hechos que hab\u00edan acaecido un par de meses antes\u201d, relat\u00f3 entonces en declaraciones a los medios.\n    <\/p>\n<p>    <a href=\"https:\/\/www.eldiario.es\/galicia\/machismo-xunta-rueda-campana-senala-mujeres-visten-apoyo-conselleiro-acusado-agresion-sexual_1_12374714.html\" data-mrf-recirculation=\"saber-mas-abajo\" data-dl-event=\"saber-mas-abajo\" rel=\"nofollow noopener\" target=\"_blank\"><\/p>\n<p class=\"know-more__title\">La Xunta de Rueda y el machismo: otras veces que el PP eligi\u00f3 en Galicia el camino reaccionario contra las mujeres <\/p>\n<p>            <img decoding=\"async\" class=\"lazy\" loading=\"lazy\" data-src=\"https:\/\/static.eldiario.es\/clip\/6cb71bcf-76c6-4861-921c-8f53fb60afdd_16-9-aspect-ratio_default_0.jpg\" src=\"data:image\/svg+xml,%3Csvg xmlns=\" http:=\"\" viewbox=\"0 0 880 495\" alt=\"La Xunta de Rueda y el machismo: otras veces que el PP eligi\u00f3 en Galicia el camino reaccionario contra las mujeres\"\/><\/p>\n<p>                        <\/a><\/p>\n<p class=\"article-text\">\n        La dimisi\u00f3n de Villares se produjo en junio tras notificaci\u00f3n sobre su imputaci\u00f3n por una supuesta agresi\u00f3n sexual.\n    <\/p>\n","protected":false},"excerpt":{"rendered":"La secci\u00f3n primera de la Audiencia Provincial de A Coru\u00f1a ha confirmado el archivo de la denuncia por&hellip;\n","protected":false},"author":2,"featured_media":487974,"comment_status":"","ping_status":"","sticky":false,"template":"","format":"standard","meta":{"footnotes":""},"categories":[8],"tags":[517,1705,17,18,25,24,13,14,816,11,7386,19,20,7318,9,10,15,16,1925,7387,1146,23,12,21,22],"class_list":["post-487973","post","type-post","status-publish","format-standard","has-post-thumbnail","category-espana","tag-actualidad","tag-analisis","tag-breaking-news","tag-breakingnews","tag-es","tag-espana","tag-featured-news","tag-featurednews","tag-galicia","tag-headlines","tag-la-coruna","tag-latest-news","tag-latestnews","tag-lugo","tag-news","tag-noticias","tag-noticias-destacadas","tag-noticiasdestacadas","tag-opinion","tag-orense","tag-pontevedra","tag-spain","tag-titulares","tag-ultimas-noticias","tag-ultimasnoticias"],"share_on_mastodon":{"url":"https:\/\/pubeurope.com\/@es\/116367030167551254","error":""},"_links":{"self":[{"href":"https:\/\/www.europesays.com\/es\/wp-json\/wp\/v2\/posts\/487973","targetHints":{"allow":["GET"]}}],"collection":[{"href":"https:\/\/www.europesays.com\/es\/wp-json\/wp\/v2\/posts"}],"about":[{"href":"https:\/\/www.europesays.com\/es\/wp-json\/wp\/v2\/types\/post"}],"author":[{"embeddable":true,"href":"https:\/\/www.europesays.com\/es\/wp-json\/wp\/v2\/users\/2"}],"replies":[{"embeddable":true,"href":"https:\/\/www.europesays.com\/es\/wp-json\/wp\/v2\/comments?post=487973"}],"version-history":[{"count":0,"href":"https:\/\/www.europesays.com\/es\/wp-json\/wp\/v2\/posts\/487973\/revisions"}],"wp:featuredmedia":[{"embeddable":true,"href":"https:\/\/www.europesays.com\/es\/wp-json\/wp\/v2\/media\/487974"}],"wp:attachment":[{"href":"https:\/\/www.europesays.com\/es\/wp-json\/wp\/v2\/media?parent=487973"}],"wp:term":[{"taxonomy":"category","embeddable":true,"href":"https:\/\/www.europesays.com\/es\/wp-json\/wp\/v2\/categories?post=487973"},{"taxonomy":"post_tag","embeddable":true,"href":"https:\/\/www.europesays.com\/es\/wp-json\/wp\/v2\/tags?post=487973"}],"curies":[{"name":"wp","href":"https:\/\/api.w.org\/{rel}","templated":true}]}}