{"id":488080,"date":"2026-04-08T05:33:13","date_gmt":"2026-04-08T05:33:13","guid":{"rendered":"https:\/\/www.europesays.com\/es\/488080\/"},"modified":"2026-04-08T05:33:13","modified_gmt":"2026-04-08T05:33:13","slug":"critica-de-la-pelicula-calle-malaga-feliz-en-su-casa","status":"publish","type":"post","link":"https:\/\/www.europesays.com\/es\/488080\/","title":{"rendered":"Cr\u00edtica de la pel\u00edcula &#8216;Calle M\u00e1laga&#8217;: feliz en su casa"},"content":{"rendered":"<p class=\"c-paragraph\">La casa es tranquilidad, comodidad y refugio, y tambi\u00e9n implica pertenencia e identidad, significado que adquiere mayor dimensi\u00f3n conforme pasan los a\u00f1os y las d\u00e9cadas porque el hogar acaba representando la propia vida y lo que uno ha sido. En &#8216;Calle M\u00e1laga&#8217;, la gran <b>Carmen Maura<\/b> expresa el profundo apego de una se\u00f1ora por su casa y por <b>T\u00e1nger,<\/b> su ciudad. En su ambiente, y con sus cosas, se siente feliz y no concibe su realidad de otra manera. Sin embargo, su hija (<b>Marta Etura<\/b>) trae la sombra del cambio al comentarle que le urge vender el piso, proponi\u00e9ndole irse con ella a Madrid. <b>Maryam Touzani,<\/b> autora de &#8216;Adam&#8217; y de &#8216;El caft\u00e1n azul&#8217;, describe el efecto que la circunstancia produce en la mujer y la decisi\u00f3n que toma al respecto. La directora, apoyada en todo lo que proyecta Maura en el papel, articula una amable y vitalista pel\u00edcula sobre la vejez. Con sensibilidad y calidez, se\u00f1ala que en esta etapa caben m\u00e1s aspectos que la tristeza y los recuerdos, lo que no quiere decir que obvie su incidencia.<\/p>\n","protected":false},"excerpt":{"rendered":"La casa es tranquilidad, comodidad y refugio, y tambi\u00e9n implica pertenencia e identidad, significado que adquiere mayor dimensi\u00f3n&hellip;\n","protected":false},"author":2,"featured_media":488081,"comment_status":"","ping_status":"","sticky":false,"template":"","format":"standard","meta":{"footnotes":""},"categories":[169],"tags":[10872,177,1497,146,147,25,24,6664,176,3855,175,1257,23],"class_list":["post-488080","post","type-post","status-publish","format-standard","has-post-thumbnail","category-cine","tag-calle","tag-cine","tag-critica","tag-entertainment","tag-entretenimiento","tag-es","tag-espana","tag-feliz","tag-film","tag-malaga","tag-movies","tag-pelicula","tag-spain"],"share_on_mastodon":{"url":"https:\/\/pubeurope.com\/@es\/116367458848584321","error":""},"_links":{"self":[{"href":"https:\/\/www.europesays.com\/es\/wp-json\/wp\/v2\/posts\/488080","targetHints":{"allow":["GET"]}}],"collection":[{"href":"https:\/\/www.europesays.com\/es\/wp-json\/wp\/v2\/posts"}],"about":[{"href":"https:\/\/www.europesays.com\/es\/wp-json\/wp\/v2\/types\/post"}],"author":[{"embeddable":true,"href":"https:\/\/www.europesays.com\/es\/wp-json\/wp\/v2\/users\/2"}],"replies":[{"embeddable":true,"href":"https:\/\/www.europesays.com\/es\/wp-json\/wp\/v2\/comments?post=488080"}],"version-history":[{"count":0,"href":"https:\/\/www.europesays.com\/es\/wp-json\/wp\/v2\/posts\/488080\/revisions"}],"wp:featuredmedia":[{"embeddable":true,"href":"https:\/\/www.europesays.com\/es\/wp-json\/wp\/v2\/media\/488081"}],"wp:attachment":[{"href":"https:\/\/www.europesays.com\/es\/wp-json\/wp\/v2\/media?parent=488080"}],"wp:term":[{"taxonomy":"category","embeddable":true,"href":"https:\/\/www.europesays.com\/es\/wp-json\/wp\/v2\/categories?post=488080"},{"taxonomy":"post_tag","embeddable":true,"href":"https:\/\/www.europesays.com\/es\/wp-json\/wp\/v2\/tags?post=488080"}],"curies":[{"name":"wp","href":"https:\/\/api.w.org\/{rel}","templated":true}]}}