{"id":488201,"date":"2026-04-08T07:24:33","date_gmt":"2026-04-08T07:24:33","guid":{"rendered":"https:\/\/www.europesays.com\/es\/488201\/"},"modified":"2026-04-08T07:24:33","modified_gmt":"2026-04-08T07:24:33","slug":"como-esta-la-situacion-actual-entre-angeles-munoz-y-dioni-martin","status":"publish","type":"post","link":"https:\/\/www.europesays.com\/es\/488201\/","title":{"rendered":"c\u00f3mo est\u00e1 la situaci\u00f3n actual entre \u00c1ngeles Mu\u00f1oz y Dioni Mart\u00edn"},"content":{"rendered":"<p style=\"\">Durante a\u00f1os, <a href=\"https:\/\/www.abc.es\/gente\/dificil-dia-dia-camela-cantan-hablen-20250917115323-nt.html\" target=\"_self\" data-voc-vtm-id=\"in-text-traffic\" title=\"Camela ha sobrevivido a todo: cambios, rumores y el paso del tiempo\" data-mrf-link=\"www.abc.es\" rel=\"nofollow noopener\">Camela ha sobrevivido a todo: cambios, rumores y el paso del tiempo<\/a>.  Todo empez\u00f3 hace unos d\u00edas, con unos mensajes publicados por \u00c1ngeles Mu\u00f1oz en su cuenta de Instagram. Textos breves, pero lo suficientemente claros como para generar un aut\u00e9ntico terremoto. La  &#8230; artista dejaba entrever cansancio, hartazgo y la sensaci\u00f3n de haber guardado silencio durante demasiado tiempo ante una situaci\u00f3n complicada.<\/p>\n<p class=\"v-d-p\" style=\"\">\u00abLa m\u00fasica es una parte muy importante en mi vida y siempre vivir\u00e9 con ella. Todo tipo de m\u00fasica a m\u00ed me llena la vida. La verdad siempre va conmigo. Con la verdad se vive en paz y yo no miento si no es para dar alguna sorpresa&#8230;\u00bb y a\u00f1ad\u00eda, \u00abos presento a Fiona que <strong>est\u00e1 volando muy alto, ya es libre<\/strong>\u00bb, escrib\u00eda junto a la fotograf\u00eda de un halc\u00f3n. \u00abMucho tiempo no puedo permanecer tan callada y aunque estoy muy bien acompa\u00f1ada soy libre y vuelo cuando quiero&#8230; es bueno record\u00e1rmelo a m\u00ed misma de vez en cuando\u00bb. Sus palabras hicieron saltar las alarmas sobre la continuidad del grupo y, en cuesti\u00f3n de horas, los titulares se multiplicaron.<\/p>\n<p class=\"v-d-p\" style=\"\">Fuentes muy cercanas a la cantante aseguraban que la situaci\u00f3n actual es la m\u00e1s complicada que han vivido. La comunicaci\u00f3n entre ambos ser\u00eda escasa, tensa y limitada pr\u00e1cticamente al terreno profesional.<\/p>\n<ul class=\"v-cmp-rld__u\">\n<li class=\"v-cmp-rld__l\">\n<p><a class=\"v-a-lnk\" href=\"http:\/\/www.abc.es\/gente\/aquellos-pendientes-ultima-reina-francia-hoy-valen-20260406041811-nt.html#vtm_modulosEngag=noticiasrelacionadas-cmp-uno:gente:noticia:1\" title=\"As\u00ed son los pendientes de la \u00faltima reina de Francia que escaparon al robo del Louvre\" data-voc-vtm-id=\"in-text-traffic\" rel=\"nofollow noopener\" target=\"_blank\"><br \/>\n<img decoding=\"async\" loading=\"lazy\" src=\"https:\/\/www.europesays.com\/es\/wp-content\/uploads\/2026\/04\/maria-amalia-pendientes-U72701725544jhS-366x256@diario_abc.jpg\" class=\"v-a-img\" width=\"258\" height=\"180\" alt=\"As\u00ed son los pendientes de la \u00faltima reina de Francia que escaparon al robo del Louvre\"\/><br \/>\n<\/a><\/p>\n<\/li>\n<\/ul>\n<p class=\"v-d-p\" style=\"\">No es algo que haya surgido de un d\u00eda para otro. El desgaste, seg\u00fan estas mismas fuentes, ha sido progresivo. A\u00f1os acumulando tensiones, etapas en las que apenas se hablaban y din\u00e1micas que ya se hab\u00edan convertido en rutina, como viajar por separado incluso en giras. <strong>\u00abElla no puede m\u00e1s\u00bb<\/strong>, aseguran desde su entorno m\u00e1s cercano a 20minutos.<\/p>\n<p>\n\u00a1Nos vemos en los conciertos!\n<\/p>\n<p class=\"v-d-p\" style=\"\">Lo que ha hecho diferente este episodio ha sido precisamente que \u00c1ngeles Mu\u00f1oz haya hablado en sus redes sociales. Porque hasta ahora, una de las claves del grupo hab\u00eda sido precisamente su discreci\u00f3n. Nunca han sido dados a grandes declaraciones ni a airear problemas internos. <\/p>\n<p class=\"v-d-p\" style=\"\">Aunque Dioni Mart\u00edn reaccionaba r\u00e1pidamente para frenar el impacto. En conversaci\u00f3n con Amor Romeira, el cantante desment\u00eda cualquier problema con su compa\u00f1era, intentando rebajar la tensi\u00f3n generada.<\/p>\n<p class=\"v-d-p\" style=\"\">Tras la pol\u00e9mica generada por los mensajes,  \u00c1ngeles Mu\u00f1oz ha querido hacer una aclaraci\u00f3n p\u00fablica posterior. \u00abEscribo canciones y poes\u00edas si quiero. Todo lo que escribo no tiene porque ser parte de mi vida. Me gusta escribir. El nuevo disco est\u00e1 quedando chuli, chuli y ya sab\u00e9is que la verdad, siempre va conmigo. <strong>Est\u00e1 todo bien<\/strong> y no s\u00e9 de d\u00f3nde han salido ciertas cosas que no he dicho y por nuestros seguidores escribo esto, ya que es la verdad para que est\u00e9is tranquilos y felices como lo estamos nosotros. \u00a1Nos vemos en los conciertos!.\u00bb<\/p>\n<p><img decoding=\"async\" loading=\"lazy\" src=\"https:\/\/www.europesays.com\/es\/wp-content\/uploads\/2026\/04\/Captura de pantalla 2026-04-07 a las 12.00.09-U48402403333VJn-680x1100@diario_abc.png\" class=\"v-a-img\" width=\"680\" height=\"478\" alt=\"\" data-voc-vtm-id=\"in-text-traffic\"\/><\/p>\n<p>(Redes)<\/p>\n<p class=\"v-d-p\" style=\"\">\u00a0Y a\u00f1ad\u00eda: \u00abTodas las personas somos libres aunque estemos muy bien acompa\u00f1adas como lo estoy yo, afortunadamente, y quien no se sienta libre, no es, ni podr\u00e1 ser feliz. Que vuele. Esto \u00faltimo igual lo incluyo en alguna canci\u00f3n\u00bb, con estas palabras \u00c1ngeles trataba de zanjar los rumores de crisis en el grupo.<\/p>\n<p class=\"v-d-p\" style=\"\">El caso es que ambos han grabado ya varios temas que formar\u00edan parte de un pr\u00f3ximo \u00e1lbum, lo que indica que a nivel profesional el proyecto sigue en marcha.<\/p>\n<p class=\"v-d-p\" style=\"\">Por otro, la agenda de conciertos no se ha cancelado. El primero de los pr\u00f3ximos compromisos est\u00e1 previsto en Villalonga (Valencia), donde volver\u00e1n a subirse juntos a un escenario. \u00bfHabr\u00e1 sido todo un estrategia de promoci\u00f3n o, como dice el refr\u00e1n, \u00abcuando el r\u00edo suena, agua lleva\u00bb?.<\/p>\n","protected":false},"excerpt":{"rendered":"Durante a\u00f1os, Camela ha sobrevivido a todo: cambios, rumores y el paso del tiempo. Todo empez\u00f3 hace unos&hellip;\n","protected":false},"author":2,"featured_media":488202,"comment_status":"","ping_status":"","sticky":false,"template":"","format":"standard","meta":{"footnotes":""},"categories":[174],"tags":[3586,26319,16971,255,4170,22005,146,147,25,24,256,1730,8360,859,23],"class_list":["post-488201","post","type-post","status-publish","format-standard","has-post-thumbnail","category-famosos","tag-actual","tag-angeles","tag-camela","tag-celebrities","tag-crisis","tag-dioni","tag-entertainment","tag-entretenimiento","tag-es","tag-espana","tag-famosos","tag-martin","tag-munoz","tag-situacion","tag-spain"],"share_on_mastodon":{"url":"https:\/\/pubeurope.com\/@es\/116367895403332516","error":""},"_links":{"self":[{"href":"https:\/\/www.europesays.com\/es\/wp-json\/wp\/v2\/posts\/488201","targetHints":{"allow":["GET"]}}],"collection":[{"href":"https:\/\/www.europesays.com\/es\/wp-json\/wp\/v2\/posts"}],"about":[{"href":"https:\/\/www.europesays.com\/es\/wp-json\/wp\/v2\/types\/post"}],"author":[{"embeddable":true,"href":"https:\/\/www.europesays.com\/es\/wp-json\/wp\/v2\/users\/2"}],"replies":[{"embeddable":true,"href":"https:\/\/www.europesays.com\/es\/wp-json\/wp\/v2\/comments?post=488201"}],"version-history":[{"count":0,"href":"https:\/\/www.europesays.com\/es\/wp-json\/wp\/v2\/posts\/488201\/revisions"}],"wp:featuredmedia":[{"embeddable":true,"href":"https:\/\/www.europesays.com\/es\/wp-json\/wp\/v2\/media\/488202"}],"wp:attachment":[{"href":"https:\/\/www.europesays.com\/es\/wp-json\/wp\/v2\/media?parent=488201"}],"wp:term":[{"taxonomy":"category","embeddable":true,"href":"https:\/\/www.europesays.com\/es\/wp-json\/wp\/v2\/categories?post=488201"},{"taxonomy":"post_tag","embeddable":true,"href":"https:\/\/www.europesays.com\/es\/wp-json\/wp\/v2\/tags?post=488201"}],"curies":[{"name":"wp","href":"https:\/\/api.w.org\/{rel}","templated":true}]}}