{"id":488211,"date":"2026-04-08T07:32:22","date_gmt":"2026-04-08T07:32:22","guid":{"rendered":"https:\/\/www.europesays.com\/es\/488211\/"},"modified":"2026-04-08T07:32:22","modified_gmt":"2026-04-08T07:32:22","slug":"portada-de-hola-lecturas-semana-y-diez-minutos-del-miercoles-8-de-abril","status":"publish","type":"post","link":"https:\/\/www.europesays.com\/es\/488211\/","title":{"rendered":"portada de \u00a1Hola!, Lecturas, Semana y Diez Minutos del mi\u00e9rcoles 8 de abril"},"content":{"rendered":"<p style=\"\">El nuevo n\u00famero de \u00a1HOLA! llega con una importante exclusiva. Ronna, <strong>viuda del doctor Julio Iglesias Puga<\/strong>, posa en la portada de la revista con sus hijos, 25 a\u00f1os despu\u00e9s de su boda con el padre del cantante y concede una sincera entrevista: \u00abQuiz\u00e1  &#8230; ca\u00ed en una depresi\u00f3n sin darme cuenta, pero sent\u00eda que ten\u00eda que salir adelante\u00bb. Adem\u00e1s de la suya propia, sus hijos, Jaime y Ruth, tambi\u00e9n hablan por primera vez y cuentan la verdad de su relaci\u00f3n con su hermano Julio Iglesias.<\/p>\n<p class=\"v-d-p\" style=\"\">Adem\u00e1s de esto, la publicaci\u00f3n tambi\u00e9n informa de la nueva etapa en la vida del Rey Juan Carlos. Los detalles de su hoja de ruta: de Sevilla a Par\u00eds, pasando por Cascais.<\/p>\n<p>\nDiez Minutos\n<\/p>\n<p class=\"v-d-p\" style=\"\">En la edici\u00f3n semanal de &#8216;Diez Minutos&#8217; informan de varias noticias: desde las \u00faltimas y <strong>sorprendentes declaraciones de la cantante Aitana<\/strong> que le hizo a Rosal\u00eda durante uno de sus \u00faltimos conciertos en Madrid, hasta las im\u00e1genes en exclusiva del tenso reencuentro de Alice Campello y \u00c1lvaro Morata con sus hijos en un parque. Unas fotos que dejan claro que la buena relaci\u00f3n de &#8216;ex bien avenidos&#8217; de la que presumen podr\u00eda estar haciendo aguas. Adem\u00e1s, La revista entra en el chal\u00e9 de Noem\u00ed Salazar (Gipsy Kings) y Eva Isanta concede una entrevista sincer\u00e1ndose sobre la joven que lleva en su interior.<\/p>\n<p>\nLecturas\n<\/p>\n<p class=\"v-d-p\" style=\"\">La revista Lecturas ha decidido apostar en su portada por la Reina Sof\u00eda y el apoyo incondicional de sus hijas, las infantas Elena y Cristina. Tal y como informa la publicaci\u00f3n, las tres han pasado las vacaciones de Semana Santa juntas y<strong> Do\u00f1a Sof\u00eda recupera la sonrisa<\/strong> tras la muerte de su hermana. Otras noticias apoyan esta principal: Kate Middleton, radiante en las celebraciones de Pascua; Mar\u00eda del Monte ejerce de abuela con el hijo de Isa Pantoja y Aitana se confiesa con Rosal\u00eda sobre su expareja, Sebasti\u00e1n Yatra. <\/p>\n<p>\nSemana\n<\/p>\n<p class=\"v-d-p\" style=\"\">Este mi\u00e9rcoles 8 de abril, la revista &#8216;Semana&#8217; llega a los quioscos y dem\u00e1s puntos de venta con<strong> Irene Rosales como protagonista<\/strong> de la portada, con su contestaci\u00f3n a las duras declaraciones que su ya exmarido, Kiko Rivera, realiz\u00f3 sobre ella la semana pasada. \u00abSiempre hay que ser buena persona, la gente no agradece pero la vida s\u00ed\u00bb, declara. Justo al lado se puede ver a Isa Pantoja, hermana del DJ, asistiendo a un paso de Semana Santa en compa\u00f1\u00eda de Mar\u00eda del Monte. Por otra parte, la periodista Irene Villa concede una emotiva entrevista en la que habla de la lucha que lleva toda la vida, desde que sufri\u00f3 un atentado de ETA.<\/p>\n<p class=\"v-d-p\" style=\"\">Esto es todo por esta semana. \u00a1Nos vemos en la pr\u00f3xima!<\/p>\n","protected":false},"excerpt":{"rendered":"El nuevo n\u00famero de \u00a1HOLA! llega con una importante exclusiva. Ronna, viuda del doctor Julio Iglesias Puga, posa&hellip;\n","protected":false},"author":2,"featured_media":488212,"comment_status":"","ping_status":"","sticky":false,"template":"","format":"standard","meta":{"footnotes":""},"categories":[91],"tags":[3900,13099,4835,1630,146,147,25,24,315,5561,295,1264,338,11076,773,23],"class_list":["post-488211","post","type-post","status-publish","format-standard","has-post-thumbnail","category-entretenimiento","tag-hola","tag-abril","tag-corazon","tag-diez","tag-entertainment","tag-entretenimiento","tag-es","tag-espana","tag-hoy","tag-lecturas","tag-miercoles","tag-minutos","tag-portada","tag-revistas","tag-semana","tag-spain"],"share_on_mastodon":{"url":"https:\/\/pubeurope.com\/@es\/116367926703029936","error":""},"_links":{"self":[{"href":"https:\/\/www.europesays.com\/es\/wp-json\/wp\/v2\/posts\/488211","targetHints":{"allow":["GET"]}}],"collection":[{"href":"https:\/\/www.europesays.com\/es\/wp-json\/wp\/v2\/posts"}],"about":[{"href":"https:\/\/www.europesays.com\/es\/wp-json\/wp\/v2\/types\/post"}],"author":[{"embeddable":true,"href":"https:\/\/www.europesays.com\/es\/wp-json\/wp\/v2\/users\/2"}],"replies":[{"embeddable":true,"href":"https:\/\/www.europesays.com\/es\/wp-json\/wp\/v2\/comments?post=488211"}],"version-history":[{"count":0,"href":"https:\/\/www.europesays.com\/es\/wp-json\/wp\/v2\/posts\/488211\/revisions"}],"wp:featuredmedia":[{"embeddable":true,"href":"https:\/\/www.europesays.com\/es\/wp-json\/wp\/v2\/media\/488212"}],"wp:attachment":[{"href":"https:\/\/www.europesays.com\/es\/wp-json\/wp\/v2\/media?parent=488211"}],"wp:term":[{"taxonomy":"category","embeddable":true,"href":"https:\/\/www.europesays.com\/es\/wp-json\/wp\/v2\/categories?post=488211"},{"taxonomy":"post_tag","embeddable":true,"href":"https:\/\/www.europesays.com\/es\/wp-json\/wp\/v2\/tags?post=488211"}],"curies":[{"name":"wp","href":"https:\/\/api.w.org\/{rel}","templated":true}]}}