{"id":488465,"date":"2026-04-08T11:01:13","date_gmt":"2026-04-08T11:01:13","guid":{"rendered":"https:\/\/www.europesays.com\/es\/488465\/"},"modified":"2026-04-08T11:01:13","modified_gmt":"2026-04-08T11:01:13","slug":"digi-sufre-una-caida-nacional-que-bloquea-las-llamadas-de-voz-de-fijo-y-movil-economia","status":"publish","type":"post","link":"https:\/\/www.europesays.com\/es\/488465\/","title":{"rendered":"Digi sufre una ca\u00edda nacional que bloquea las llamadas de voz de fijo y m\u00f3vil | Econom\u00eda"},"content":{"rendered":"<p class=\"\"><a href=\"https:\/\/cincodias.elpais.com\/companias\/2025-12-28\/el-dilema-de-digi-aguantara-su-red-la-expansion-record-de-clientes.html\" target=\"_self\" rel=\"nofollow noopener\" title=\"https:\/\/cincodias.elpais.com\/companias\/2025-12-28\/el-dilema-de-digi-aguantara-su-red-la-expansion-record-de-clientes.html\">Los clientes de la operadora Digi en Espa\u00f1a<\/a> experimentan este mi\u00e9rcoles una interrupci\u00f3n del servicio de voz de telefon\u00eda m\u00f3vil y fija a nivel nacional, seg\u00fan reportan usuarios afectados y la plataforma de monitorizaci\u00f3n Downdetector. La incidencia comenz\u00f3 minutos antes de las 11:00 horas y afecta principalmente a la emisi\u00f3n y recepci\u00f3n de llamadas.<\/p>\n<p class=\"\">El fallo impide cursar comunicaciones de voz, provocando cortes inmediatos en los intentos de conexi\u00f3n. El servicio de datos m\u00f3viles, sin embargo, mantiene su funcionamiento habitual, lo que restringe la aver\u00eda a los protocolos de voz y SMS.<\/p>\n<p class=\"\">Los indicadores t\u00e9cnicos se\u00f1alan un posible fallo en el sistema IMS (IP Multimedia Subsystem), responsable de gestionar las llamadas sobre redes modernas. El servidor ePDG, que facilita el acceso al n\u00facleo de la red a trav\u00e9s de internet, no responde a las peticiones de conexi\u00f3n en este momento, seg\u00fan pruebas de red realizadas durante la ca\u00edda, informaron a EL PA\u00cdS fuentes autorizadas.<\/p>\n<p class=\"\">Diversos usuarios han informado en foros especializados que las llamadas operan con normalidad al forzar la conexi\u00f3n bajo cobertura 2G o 3G. Este comportamiento refuerza la hip\u00f3tesis de una aver\u00eda localizada en el servicio de voz sobre 4G y 5G (VoLTE). La compa\u00f1\u00eda a\u00fan no ha detallado el origen t\u00e9cnico de la incidencia ni el tiempo estimado para el restablecimiento total del servicio.<\/p>\n<p>Bloqueo de llamadas y SMS<\/p>\n<p class=\"\">La incidencia impide la realizaci\u00f3n y recepci\u00f3n de llamadas tanto en l\u00edneas m\u00f3viles como en redes fijas a nivel nacional. Seg\u00fan los registros de la plataforma Downdetector, el volumen de reportes aument\u00f3 de 1.249 incidencias a las 10:35 horas hasta alcanzar las 2.050 a las 10:57 horas. Los usuarios informan que, aunque los terminales muestran se\u00f1al de cobertura y datos, el sistema bloquea cualquier intento de comunicaci\u00f3n telef\u00f3nica o env\u00edo de SMS.<\/p>\n<p class=\"\">La aver\u00eda afecta a diversas comunidades aut\u00f3nomas, con reportes espec\u00edficos en provincias como Sevilla. Algunos clientes se\u00f1alan tambi\u00e9n una degradaci\u00f3n en el servicio de internet m\u00f3vil y la imposibilidad de contactar con el centro de atenci\u00f3n al cliente de la operadora debido al fallo en las l\u00edneas fijas.<\/p>\n<p class=\"\">Hasta el momento, Digi no ha emitido una comunicaci\u00f3n oficial sobre el origen del fallo t\u00e9cnico ni ha proporcionado un tiempo estimado para la restauraci\u00f3n total del servicio. Se ha solicitado informaci\u00f3n adicional a la compa\u00f1\u00eda sin obtener respuesta inmediata.<\/p>\n","protected":false},"excerpt":{"rendered":"Los clientes de la operadora Digi en Espa\u00f1a experimentan este mi\u00e9rcoles una interrupci\u00f3n del servicio de voz de&hellip;\n","protected":false},"author":2,"featured_media":488466,"comment_status":"","ping_status":"","sticky":false,"template":"","format":"standard","meta":{"footnotes":""},"categories":[80],"tags":[73851,82,41955,95,94,25,24,23,6538,2307,42445,8336],"class_list":["post-488465","post","type-post","status-publish","format-standard","has-post-thumbnail","category-economia","tag-averias","tag-business","tag-digi-mobil","tag-economia","tag-economy","tag-es","tag-espana","tag-spain","tag-telecomunicaciones","tag-telefonia","tag-telefonia-5g","tag-telefonia-fija"],"share_on_mastodon":{"url":"https:\/\/pubeurope.com\/@es\/116368748564055965","error":""},"_links":{"self":[{"href":"https:\/\/www.europesays.com\/es\/wp-json\/wp\/v2\/posts\/488465","targetHints":{"allow":["GET"]}}],"collection":[{"href":"https:\/\/www.europesays.com\/es\/wp-json\/wp\/v2\/posts"}],"about":[{"href":"https:\/\/www.europesays.com\/es\/wp-json\/wp\/v2\/types\/post"}],"author":[{"embeddable":true,"href":"https:\/\/www.europesays.com\/es\/wp-json\/wp\/v2\/users\/2"}],"replies":[{"embeddable":true,"href":"https:\/\/www.europesays.com\/es\/wp-json\/wp\/v2\/comments?post=488465"}],"version-history":[{"count":0,"href":"https:\/\/www.europesays.com\/es\/wp-json\/wp\/v2\/posts\/488465\/revisions"}],"wp:featuredmedia":[{"embeddable":true,"href":"https:\/\/www.europesays.com\/es\/wp-json\/wp\/v2\/media\/488466"}],"wp:attachment":[{"href":"https:\/\/www.europesays.com\/es\/wp-json\/wp\/v2\/media?parent=488465"}],"wp:term":[{"taxonomy":"category","embeddable":true,"href":"https:\/\/www.europesays.com\/es\/wp-json\/wp\/v2\/categories?post=488465"},{"taxonomy":"post_tag","embeddable":true,"href":"https:\/\/www.europesays.com\/es\/wp-json\/wp\/v2\/tags?post=488465"}],"curies":[{"name":"wp","href":"https:\/\/api.w.org\/{rel}","templated":true}]}}