{"id":488491,"date":"2026-04-08T11:22:10","date_gmt":"2026-04-08T11:22:10","guid":{"rendered":"https:\/\/www.europesays.com\/es\/488491\/"},"modified":"2026-04-08T11:22:10","modified_gmt":"2026-04-08T11:22:10","slug":"cuando-seran-los-premios-oscar-en-2027-y-2028-la-academia-fija-las-fechas-para-sus-ediciones-99a-y-100a","status":"publish","type":"post","link":"https:\/\/www.europesays.com\/es\/488491\/","title":{"rendered":"\u00bfCu\u00e1ndo ser\u00e1n los Premios Oscar en 2027 y 2028? La Academia fija las fechas para sus ediciones 99\u00aa y 100\u00aa"},"content":{"rendered":"<p>La Academia de las Artes y las Ciencias Cinematogr\u00e1ficas ha anunciado oficialmente las fechas de celebraci\u00f3n de las galas n\u00famero 99 y 100 de los Premios Oscar, dos citas clave para la industria cinematogr\u00e1fica internacional que marcar\u00e1n el rumbo de los pr\u00f3ximos a\u00f1os y culminar\u00e1n con una edici\u00f3n hist\u00f3rica: el centenario de los galardones.<\/p>\n<p>Seg\u00fan ha confirmado la organizaci\u00f3n, la <b>99\u00aa edici\u00f3n de los Premios Oscar se celebrar\u00e1 el 14 de marzo de 2027<\/b>, manteni\u00e9ndose fiel a su tradicional cita primaveral. En lo que respecta al proceso previo, las <b>nominaciones se dar\u00e1n a conocer el 21 de enero de ese mismo a\u00f1o<\/b>, una fecha clave para productores, estudios y profesionales del sector, que marcar\u00e1 el inicio oficial de la carrera hacia la estatuilla dorada.<\/p>\n<p>Con este anuncio, la Academia ofrece estabilidad al calendario cinematogr\u00e1fico internacional, permitiendo a festivales, distribuidoras y campa\u00f1as de premios planificar con antelaci\u00f3n sus estrategias de estreno y promoci\u00f3n. La ceremonia de 2027 ser\u00e1, adem\u00e1s, la antesala de una edici\u00f3n sin precedentes que ya despierta una gran expectaci\u00f3n en Hollywood y entre los amantes del cine.<\/p>\n<p><img decoding=\"async\" src=\"https:\/\/los40.com\/pf\/resources\/img\/logo-40-v-c.svg?d=967\" alt=\"LOS40\" class=\"i-pro\" width=\"68\" height=\"68\" loading=\"lazy\"\/><\/p>\n<p>Y es que la organizaci\u00f3n tambi\u00e9n ha revelado la fecha de la <b>100\u00aa edici\u00f3n de los Premios Oscar<\/b>, una gala que tendr\u00e1 un valor simb\u00f3lico especial al conmemorar <b>cien a\u00f1os de historia del premio m\u00e1s prestigioso del cine<\/b>. La celebraci\u00f3n del centenario <b>tendr\u00e1 lugar el 5 de marzo de 2028<\/b>, una cita que promete convertirse en un acontecimiento \u00fanico, tanto por su carga hist\u00f3rica como por el despliegue medi\u00e1tico que se espera a nivel mundial.<\/p>\n<p>Ni rastro de c\u00f3mo ser\u00e1n las galas<\/p>\n<p>Aunque por el momento no se han dado a conocer detalles sobre el formato, posibles homenajes o cambios especiales para esta edici\u00f3n hist\u00f3rica, todo apunta a que la Academia aprovechar\u00e1 la ocasi\u00f3n para rendir tributo a las grandes figuras, pel\u00edculas y momentos que han marcado un siglo de cine.<\/p>\n<p>Con este doble anuncio, los Oscar no solo fijan fechas en el calendario, sino que refuerzan su papel como el gran punto de encuentro anual de la industria cinematogr\u00e1fica, preparando el terreno para dos ediciones que, por distintos motivos, ya forman parte de la historia antes incluso de celebrarse.<\/p>\n","protected":false},"excerpt":{"rendered":"La Academia de las Artes y las Ciencias Cinematogr\u00e1ficas ha anunciado oficialmente las fechas de celebraci\u00f3n de las&hellip;\n","protected":false},"author":2,"featured_media":488492,"comment_status":"","ping_status":"","sticky":false,"template":"","format":"standard","meta":{"footnotes":""},"categories":[91],"tags":[146,147,25,24,96386,79757,23],"class_list":["post-488491","post","type-post","status-publish","format-standard","has-post-thumbnail","category-entretenimiento","tag-entertainment","tag-entretenimiento","tag-es","tag-espana","tag-pmarc","tag-premios-oscar-2026","tag-spain"],"share_on_mastodon":{"url":"https:\/\/pubeurope.com\/@es\/116368831125121521","error":""},"_links":{"self":[{"href":"https:\/\/www.europesays.com\/es\/wp-json\/wp\/v2\/posts\/488491","targetHints":{"allow":["GET"]}}],"collection":[{"href":"https:\/\/www.europesays.com\/es\/wp-json\/wp\/v2\/posts"}],"about":[{"href":"https:\/\/www.europesays.com\/es\/wp-json\/wp\/v2\/types\/post"}],"author":[{"embeddable":true,"href":"https:\/\/www.europesays.com\/es\/wp-json\/wp\/v2\/users\/2"}],"replies":[{"embeddable":true,"href":"https:\/\/www.europesays.com\/es\/wp-json\/wp\/v2\/comments?post=488491"}],"version-history":[{"count":0,"href":"https:\/\/www.europesays.com\/es\/wp-json\/wp\/v2\/posts\/488491\/revisions"}],"wp:featuredmedia":[{"embeddable":true,"href":"https:\/\/www.europesays.com\/es\/wp-json\/wp\/v2\/media\/488492"}],"wp:attachment":[{"href":"https:\/\/www.europesays.com\/es\/wp-json\/wp\/v2\/media?parent=488491"}],"wp:term":[{"taxonomy":"category","embeddable":true,"href":"https:\/\/www.europesays.com\/es\/wp-json\/wp\/v2\/categories?post=488491"},{"taxonomy":"post_tag","embeddable":true,"href":"https:\/\/www.europesays.com\/es\/wp-json\/wp\/v2\/tags?post=488491"}],"curies":[{"name":"wp","href":"https:\/\/api.w.org\/{rel}","templated":true}]}}