{"id":488726,"date":"2026-04-08T14:35:17","date_gmt":"2026-04-08T14:35:17","guid":{"rendered":"https:\/\/www.europesays.com\/es\/488726\/"},"modified":"2026-04-08T14:35:17","modified_gmt":"2026-04-08T14:35:17","slug":"noticias-ayto-pinto-es","status":"publish","type":"post","link":"https:\/\/www.europesays.com\/es\/488726\/","title":{"rendered":"Noticias &#8211; ayto-pinto.es"},"content":{"rendered":"<p><strong>\u2022 La F\u00e1brica de Innovaci\u00f3n y Emprendimiento de Pinto cumple su primer aniversario y ya es un referente en la Comunidad de Madrid, apostando por el talento empresarial pinte\u00f1o\u00a0<\/strong><\/p>\n<p><strong>\u2022 En este tiempo, adem\u00e1s, La F\u00e1brica tiene el 100% de despachos ocupados por emprendedores,\u00a0ha tramitado 32 microcr\u00e9ditos gracias al convenio de colaboraci\u00f3n del Ayuntamiento de Pinto y Microbank y cerca de 400 personas han participado en los cursos de formaci\u00f3n<\/strong><\/p>\n<p>La F\u00e1brica de Innovaci\u00f3n y Emprendimiento de Pinto, un referente empresarial y de oportunidades en la Comunidad de Madrid. As\u00ed lo atestiguan los datos en su primer a\u00f1o en funcionamiento, ya que desde <a href=\"https:\/\/www.ayto-pinto.es\/-\/visita-institucional-fabrica-emprendimiento-pinto\" target=\"_blank\" rel=\"nofollow noopener\"><strong>su inauguraci\u00f3n en abril del a\u00f1o 2025<\/strong><\/a>, ha ayudado a crear 23 nuevas empresas y ha asesorado a 96 aut\u00f3nomos para hacer prosperar sus negocios.\u00a0<\/p>\n<p>Adem\u00e1s, ha ayudado a tramitar 32 microcr\u00e9ditos para consolidar proyectos empresariales, gracias al <a href=\"https:\/\/www.ayto-pinto.es\/-\/pinto-convenio-microbank-financiaci%C3%B3n-aut%C3%B3nomos\" target=\"_blank\" rel=\"nofollow noopener\"><strong>convenio de colaboraci\u00f3n del Ayuntamiento de Pinto y Microbank<\/strong><\/a>. Cuenta con todos sus despachos al 100% de ocupaci\u00f3n, donde emprendedores y aut\u00f3nomos desarrollan\u00a0sus ideas de negocio. Y, finalmente, 387\u00a0personas han participado en los cursos de formaci\u00f3n que se realizan en las instalaciones de la Calle Mancio Serra de Leguizamon, rehabilitadas esta legislatura con una inversi\u00f3n de 115.000 euros.\u00a0<\/p>\n<p>Todo un \u00e9xito en su primer aniversario, que han podido comprobar el Alcalde de Pinto, <strong>Salom\u00f3n Aguado<\/strong>, el Segundo Teniente de Alcalde y Portavoz del Gobierno, <strong>Fernando Gonz\u00e1lez<\/strong>, el Concejal de Innovaci\u00f3n y Emprendimiento, <strong>Miguel \u00c1ngel de Galdo<\/strong>, y el Gerente de la empresa municipal Aserpinto, <strong>Juan Carlos Cuevas<\/strong>, que se han reunido con los emprendedores que utilizan a diario La F\u00e1brica.\u00a0<\/p>\n<p>\u00abEs una satisfacci\u00f3n ver c\u00f3mo La F\u00e1brica de Innovaci\u00f3n y Emprendimiento, un proyecto de nuestro Equipo de Gobierno, ha ayudado a tantos emprendedores de Pinto como vosotros, a desarrollar vuestros negocios y a daros una oportunidad de crecer en nuestra ciudad\u00bb, ha se\u00f1alado el Alcalde, Salom\u00f3n Aguado, durante el encuentro.\u00a0<\/p>\n<p>El regidor pinte\u00f1o ha incidido en que los datos \u00abponen de manifiesto que La F\u00e1brica de Innovaci\u00f3n y Emprendimiento era necesaria en nuestra ciudad\u00bb, y ha agradecido a los asistentes la confianza depositada en este proyecto.\u00a0<\/p>\n<p>Por su parte, el Portavoz del Gobierno, Fernando Gonz\u00e1lez, tambi\u00e9n ha celebrado \u00abla buena marcha de La F\u00e1brica, que supone apostar por el talento de los emprendedores de Pinto\u00bb.<\/p>\n<p> <strong>PINTO EMPRENDE<\/strong> <\/p>\n<p>Otro de los \u00e9xitos de La F\u00e1brica en este tiempo ha sido el proyecto Pinto Emprende, desarrollado en los centros educativos a trav\u00e9s del Programa Galiana.\u00a0<\/p>\n<p>En este proyecto, donde colaboran Aserpinto, la Concejal\u00eda de Educaci\u00f3n y la Concejal\u00eda de Innovaci\u00f3n y Emprendimiento han participado 347 alumnos de 4\u00ba de la ESO, Bachillerato y los m\u00f3dulos de Administraci\u00f3n y Finanzas, Gesti\u00f3n Administrativa y Administraci\u00f3n y Direcci\u00f3n.<\/p>\n<p>\u00abLos datos del primer a\u00f1o en funcionamiento de La F\u00e1brica de Innovaci\u00f3n y Emprendimiento de Pinto hablan por s\u00ed solos. Una apuesta del Equipo de Gobierno por generar oportunidades, crear empleo y hacer crecer a nuestra ciudad, ayudando a estudiantes, auton\u00f3mos y todos aquellos vecinos que quieren construir su futuro en nuestra ciudad\u00bb, ha celebrado Miguel \u00c1ngel de Galdo, que ha garantizado que \u00abseguiremos impulsando el funcionamiento de La F\u00e1brica, al servicio de nuestros vecinos\u00bb.\u00a0<\/p>\n<p> <strong>400 M2 AL SERVICIO DEL TALENTO EMPRENDEDOR<\/strong> <\/p>\n<p>La F\u00e1brica cuenta con un total de 377,20 metros cuadrados de espacios comunes y privativos, distribuidos en una zona de coworking, con ocho puestos individuales; nueve despachos para emprendedores y empresas desde 1 a 4 trabajadores, desde donde poder trabajar. Tambi\u00e9n cuenta con salas de reuniones, una con capacidad de hasta 6 personas y otra sala polivalente con capacidad de hasta 25 personas, donde se desarrollar\u00e1n en el futuro los cursos de formaci\u00f3n.<\/p>\n<p>La F\u00e1brica incorpora, igualmente, el Punto de Atenci\u00f3n al Emprendedor y los servicios que se prestaban en el antiguo HUB. Un traslado a nuevas dependencias municipales, m\u00e1s modernas y renovadas que han supuesto, adem\u00e1s de una inversi\u00f3n, un ahorro de 20.000 euros a las arcas p\u00fablicas. Precio que costaba el alquiler del edificio del antiguo HUB.<\/p>\n<p>Adem\u00e1s de todos sus servicios, cuenta con el correo<strong>\u00a0<a href=\"https:\/\/www.ayto-pinto.es\/-\/mailto:lafabrica@ayto-pinto.es\" rel=\"nofollow noopener\" target=\"_blank\">lafabrica@ayto-pinto.es<\/a><\/strong>\u00a0para resolver las dudas sobre el funcionamiento\u00a0espacio para el emprendimiento, abierto para todos los vecinos de Pinto.\u00a0<\/p>\n<p><img decoding=\"async\" data-fileentryid=\"2072454\" src=\"https:\/\/www.europesays.com\/es\/wp-content\/uploads\/2026\/04\/0ca2f431-5b9a-1c5d-f057-b5a943dbc213.jpeg\"\/><\/p>\n<p>\u00a0<\/p>\n","protected":false},"excerpt":{"rendered":"\u2022 La F\u00e1brica de Innovaci\u00f3n y Emprendimiento de Pinto cumple su primer aniversario y ya es un referente&hellip;\n","protected":false},"author":2,"featured_media":488727,"comment_status":"","ping_status":"","sticky":false,"template":"","format":"standard","meta":{"footnotes":""},"categories":[5],"tags":[99122,26360,17,18,3903,95,26359,25,24,74799,13,14,11,66389,2893,99121,19,20,9,7207,10,15,16,23,12,21,22],"class_list":["post-488726","post","type-post","status-publish","format-standard","has-post-thumbnail","category-titulares","tag-04-abril","tag-aserpinto","tag-breaking-news","tag-breakingnews","tag-comercio","tag-economia","tag-emprendimiento","tag-es","tag-espana","tag-etiquetas-hemeroteca-2026","tag-featured-news","tag-featurednews","tag-headlines","tag-hemeroteca-2026","tag-industria","tag-la-fabrica-de-innovacion-y-emprendimiento","tag-latest-news","tag-latestnews","tag-news","tag-notas-de-prensa","tag-noticias","tag-noticias-destacadas","tag-noticiasdestacadas","tag-spain","tag-titulares","tag-ultimas-noticias","tag-ultimasnoticias"],"share_on_mastodon":{"url":"https:\/\/pubeurope.com\/@es\/116369590377075209","error":""},"_links":{"self":[{"href":"https:\/\/www.europesays.com\/es\/wp-json\/wp\/v2\/posts\/488726","targetHints":{"allow":["GET"]}}],"collection":[{"href":"https:\/\/www.europesays.com\/es\/wp-json\/wp\/v2\/posts"}],"about":[{"href":"https:\/\/www.europesays.com\/es\/wp-json\/wp\/v2\/types\/post"}],"author":[{"embeddable":true,"href":"https:\/\/www.europesays.com\/es\/wp-json\/wp\/v2\/users\/2"}],"replies":[{"embeddable":true,"href":"https:\/\/www.europesays.com\/es\/wp-json\/wp\/v2\/comments?post=488726"}],"version-history":[{"count":0,"href":"https:\/\/www.europesays.com\/es\/wp-json\/wp\/v2\/posts\/488726\/revisions"}],"wp:featuredmedia":[{"embeddable":true,"href":"https:\/\/www.europesays.com\/es\/wp-json\/wp\/v2\/media\/488727"}],"wp:attachment":[{"href":"https:\/\/www.europesays.com\/es\/wp-json\/wp\/v2\/media?parent=488726"}],"wp:term":[{"taxonomy":"category","embeddable":true,"href":"https:\/\/www.europesays.com\/es\/wp-json\/wp\/v2\/categories?post=488726"},{"taxonomy":"post_tag","embeddable":true,"href":"https:\/\/www.europesays.com\/es\/wp-json\/wp\/v2\/tags?post=488726"}],"curies":[{"name":"wp","href":"https:\/\/api.w.org\/{rel}","templated":true}]}}