{"id":488938,"date":"2026-04-08T17:26:16","date_gmt":"2026-04-08T17:26:16","guid":{"rendered":"https:\/\/www.europesays.com\/es\/488938\/"},"modified":"2026-04-08T17:26:16","modified_gmt":"2026-04-08T17:26:16","slug":"la-vida-personal-de-jorge-sanz","status":"publish","type":"post","link":"https:\/\/www.europesays.com\/es\/488938\/","title":{"rendered":"la vida personal de Jorge Sanz"},"content":{"rendered":"<p class=\"c-paragraph\">\u00c1ngel, el personaje interpretado por Zack G\u00f3mez-Rolls, es <b>un entrenador personal al que la vida le sorprende con una noticia que ya no esperaba recibir: est\u00e1 embarazado. <\/b>As\u00ed comienza una de las cintas m\u00e1s novedosas de la \u00faltima edici\u00f3n del <a href=\"https:\/\/www.20minutos.es\/tags\/temas\/festival-de-malaga.html\" title=\"Festival de M\u00e1laga\" rel=\"nofollow noopener\" target=\"_blank\">Festival de M\u00e1laga<\/a>. Se titula 9 lunas, se estrenar\u00e1 el pr\u00f3ximo 3 de julio, est\u00e1 dirigida por\u00a0Patricia Ortega y cuenta con varios actores para representar c\u00f3mo influye el cambio en la vida de \u00c1ngel el hecho de estar esperando un beb\u00e9 en su interior y tener que detener su hormonaci\u00f3n como hombre trans. Y ah\u00ed entra el actor <a href=\"https:\/\/www.20minutos.es\/tags\/personas\/jorge-sanz.html\" title=\"Jorge Sanz\" rel=\"nofollow noopener\" target=\"_blank\">Jorge Sanz<\/a>, quien da vida al padre del protagonista.<\/p>\n<p class=\"c-paragraph\">A pesar de que solo tiene 56 a\u00f1os, el madrile\u00f1o es uno de los actores que m\u00e1s tiempo lleva trabajando en la industria cinematogr\u00e1fica espa\u00f1ola. A pesar de que muchos recuerden que apareci\u00f3 con 11 a\u00f1os interpretando a un joven Conan el b\u00e1rbaro en la pel\u00edcula hom\u00f3nima, lo cierto es que <b>ese no era siquiera su primer papel, <\/b>dado que ya hab\u00eda participado en otras pel\u00edculas como La miel, de Pedro Mas\u00f3, su verdadero debut, as\u00ed como en otras citas como\u00a0Los locos vecinos del segundo, El canto de la cigarra o Dos y dos cinco.<\/p>\n<p class=\"c-paragraph\">\u00abMe present\u00e9 al casting de Conan porque mi madre vio un anuncio en el peri\u00f3dico y no sab\u00edamos si era para un anuncio de galletas o qu\u00e9. \u00c9ramos 400 ni\u00f1os, con sus respectivas 400 mam\u00e1s. Cuando ya me iba, saliendo por el portal, ya en la calle, apareci\u00f3 la gran actriz Amelia de la Torre, que estaba tambi\u00e9n en la pel\u00edcula: &#8216;\u00bfPero a este le han hecho ya prueba de c\u00e1mara? ?Ah, no? \u00a1Pues ven!\u00bb, rememor\u00f3 el actor en el programa Aqu\u00ed la tierra, de RTVE, donde a\u00f1adi\u00f3 que <b>obtuvo el papel por ser fotog\u00e9nico. <\/b>\u00abLa gran historia es la del chaval que ya ten\u00edan elegido\u00bb, finalizar\u00eda.<\/p>\n<p class=\"c-paragraph\">Y esa forma de quedar bien en c\u00e1mara es la que, en realidad, le hab\u00eda conseguido el que tendr\u00eda que haber sido su primer papel importante. Y quien sabe si el comienzo de una carrera igual a la que ha tenido. Porque a Sanz, hijo de militar y de empresaria con familia numerosa \u2014eran cinco hermanos\u2014, <b>le ofrecieron ser Tito en la m\u00edtica Verano Azul, <\/b>si bien sus padres se negaron por la enorme duraci\u00f3n del rodaje, as\u00ed como finalmente tampoco pudo participar en el \u00faltimo episodio, en el que tambi\u00e9n iba a aparecer, por culpa del mal clima.<\/p>\n<p class=\"c-paragraph\">Pero son cosas de la profesi\u00f3n, las casualidades y los tiempos, que \u00e9l ha aprendido a aceptar. Por ejemplo, que gracias a la cinta protagonizada por <a href=\"https:\/\/www.20minutos.es\/tags\/temas\/arnold-schwarzenegger.html\" title=\"Arnold Schwarzenegger\" rel=\"nofollow noopener\" target=\"_blank\">Arnold Schwarzenegger<\/a> pudo\u00a0poco despu\u00e9s hacer Cr\u00f3nica del Alba. Valentina, un rodaje en el que coincidir\u00eda con otra ni\u00f1a, Paloma G\u00f3mez, que con los a\u00f1os ser\u00eda uno de sus grandes amores. O su historia con <a href=\"https:\/\/www.20minutos.es\/tags\/temas\/pedro-almodovar.html\" title=\"Pedro Almod\u00f3var\" rel=\"nofollow noopener\" target=\"_blank\">Pedro Almod\u00f3var<\/a>, de la que volvi\u00f3 a hablar recientemente en el programa Historia de nuestro cine, explicando que <b>\u00e9l iba a ser el protagonista de Carne tr\u00e9mula\u00a0antes de ser sustituido por Liberto Rabal.<\/b><\/p>\n<p class=\"c-paragraph\">Al fin y al cabo, ven\u00eda de una carrera pr\u00e1cticamente inmaculada, con t\u00edtulos tan importantes como\u00a0Mambr\u00fa se fue a la guerra, de Fernando Fern\u00e1n G\u00f3mez, o El a\u00f1o de las luces, de Fernando Trueba, donde compartir\u00eda pantalla con\u00a0Maribel Verd\u00fa, que tambi\u00e9n fue su partenaire en la oscarizada Belle \u00c9poque. Amantes o Libertarias, de Vicente Aranda,\u00a0\u00bfDe qu\u00e9 se r\u00eden las mujeres?, de Joaqu\u00edn Oristell, o\u00a0Los peores a\u00f1os de nuestra vida, de Emilio Mart\u00ednez L\u00e1zaro, le hac\u00edan encarar el rodaje con Almod\u00f3var siendo una estrella, <b>am\u00e9n de que ya ten\u00eda un Goya \u2014lo ha ganado una \u00fanica vez de seis nominaciones\u2014<\/b> por\u00a0Si te dicen que ca\u00ed, en 1989.<\/p>\n<p class=\"c-paragraph\">\u00abTrabaj\u00e9 una semana con \u00e9l\u00bb, reconoci\u00f3 en el programa de La 2, as\u00ed como que el director manchego tiene \u00abuna personalidad caracter\u00edstica\u00bb y que requiere una enorme \u00absinton\u00eda\u00bb. <b>\u00abY yo en esa \u00e9poca estaba pues a otras cosas. Era un chulito arrogante de 22 a\u00f1os\u00bb,<\/b> a\u00f1adi\u00f3, am\u00e9n de que le falt\u00f3 \u00abentenderle, entender su mundo\u00bb. A su paso por Masterchef Celebrity dijo: \u00abEl propio Almod\u00f3var me dijo, mientras tom\u00e1bamos una copa, que la cosa no funcionaba. Llev\u00e1bamos una semana trabajando ya, fue un trauma. Creo que me pill\u00f3 en un par de renuncios, ri\u00e9ndome de algo que habr\u00eda hecho \u00e9l. Me ech\u00f3 por ser un gallito\u00bb.<\/p>\n<p class=\"c-paragraph\">Pero a Jorge Sanz, de igual manera, ahora no se le caen los anillos cuando ha de hablar de las personas de la industria que le han ayudado en sus peores momentos, como cuando, despu\u00e9s de la pandemia, tras un tiempo sin trabajar, se encontraba en un bache econ\u00f3mico. <b>\u00abNo debo nada a nadie. Bueno, s\u00ed, a Antonio Resines y tambi\u00e9n a Santiago Segura,<\/b> que me llevan manteniendo dos a\u00f1os. Afortunadamente, tengo muy buenos amigos\u00bb, reconoci\u00f3 en Deluxe.<\/p>\n<p class=\"c-paragraph\">Y es que en aquella \u00e9poca a Sanz le hab\u00eda tocado vivir una enorme tragedia familiar. \u00c9l salt\u00f3 a las p\u00e1ginas de papel couch\u00e9 por su relaci\u00f3n con Ya\u00ebl Barnat\u00e1n, hija de la dise\u00f1adora Elena Benarroch, una amiga \u00edntima de Isabel Preysler, si bien tras cuatro a\u00f1os coincidi\u00f3 en el teatro con Paloma G\u00f3mez y el pasado com\u00fan hizo que pareciese el amor, estando juntos 11 a\u00f1os, <b>hasta 2006, tiempo en el que tuvieron un hijo, Merl\u00edn<\/b> \u2014que hoy por hoy tambi\u00e9n trabaja en el cine como especialista\u2014. Sin embargo, en 2019 la actriz fallec\u00eda tras una larga enfermedad.<\/p>\n<p class=\"c-paragraph\">Para entonces la vida personal del actor hab\u00eda cambiado. Y mucho. Por un lado, se hab\u00eda casado en 2016 con la empresaria francesa Aur\u00e9lie Dominguez, quien hab\u00eda sido su jefa de prensa y<b> con quien unos meses antes hab\u00eda tenido otro hijo, Lope. <\/b>Pero adem\u00e1s Jorge tiene apadrinado a un joven de 19 a\u00f1os que,\u00a0ha afirmado, \u00abse gan\u00f3 el coraz\u00f3n de todos y es uno m\u00e1s de mis hijos\u00bb.<\/p>\n<p class=\"c-paragraph\">Pero tambi\u00e9n hay que hablar de Marta, la hija que le ha convertido en abuelo con dos beb\u00e9s, nacidos en 2021 y 2024. A Marta la conoci\u00f3 cuando ya ten\u00eda 18 a\u00f1os. La historia la rememor\u00f3 para la revista\u00a0\u00a1Hola!. \u00abEra 1990 y yo estaba en Asturias rodando la serie Los jinetes del alba. Me enamor\u00e9 de su madre, Isabel. Tenemos los mismo gustos musicales [el actor es un fan de Bruce Springsteen] y todo empez\u00f3 porque me dejaba poner m\u00fasica en su bar. Fue una relaci\u00f3n breve. <b>Ella se qued\u00f3 embarazada y decidi\u00f3 tener al beb\u00e9 sola. Yo termin\u00e9 la pel\u00edcula y me fui\u00bb, <\/b>rememor\u00f3.<\/p>\n<p class=\"c-paragraph\">Aunque la joven se crio con su madre y fue adoptada por la futura pareja de esta, Sanz no se olvidaba de ella. \u00abEstuve meses escribiendo en una libreta todo lo que quer\u00eda decirle. <b>Y el d\u00eda que cumpli\u00f3 los 18 a\u00f1os la llam\u00e9. Nos reencontramos. <\/b>A los tres mes ya estaba viviendo conmigo en Madrid. Me quiere con locura y yo la quiero con locura\u00bb, ha dicho el int\u00e9rprete, que ahora pasa sus horas con sus nietos, cuidando el jard\u00edn de su casa en Torrelodones o viajando en moto, una de sus grandes pasiones.<\/p>\n","protected":false},"excerpt":{"rendered":"\u00c1ngel, el personaje interpretado por Zack G\u00f3mez-Rolls, es un entrenador personal al que la vida le sorprende con&hellip;\n","protected":false},"author":2,"featured_media":488939,"comment_status":"","ping_status":"","sticky":false,"template":"","format":"standard","meta":{"footnotes":""},"categories":[174],"tags":[7666,255,24171,146,147,25,24,256,2082,852,23,3271],"class_list":["post-488938","post","type-post","status-publish","format-standard","has-post-thumbnail","category-famosos","tag-almodovar","tag-celebrities","tag-con","tag-entertainment","tag-entretenimiento","tag-es","tag-espana","tag-famosos","tag-oportunidad","tag-perdida","tag-spain","tag-su"],"share_on_mastodon":{"url":"https:\/\/pubeurope.com\/@es\/116370262377875022","error":""},"_links":{"self":[{"href":"https:\/\/www.europesays.com\/es\/wp-json\/wp\/v2\/posts\/488938","targetHints":{"allow":["GET"]}}],"collection":[{"href":"https:\/\/www.europesays.com\/es\/wp-json\/wp\/v2\/posts"}],"about":[{"href":"https:\/\/www.europesays.com\/es\/wp-json\/wp\/v2\/types\/post"}],"author":[{"embeddable":true,"href":"https:\/\/www.europesays.com\/es\/wp-json\/wp\/v2\/users\/2"}],"replies":[{"embeddable":true,"href":"https:\/\/www.europesays.com\/es\/wp-json\/wp\/v2\/comments?post=488938"}],"version-history":[{"count":0,"href":"https:\/\/www.europesays.com\/es\/wp-json\/wp\/v2\/posts\/488938\/revisions"}],"wp:featuredmedia":[{"embeddable":true,"href":"https:\/\/www.europesays.com\/es\/wp-json\/wp\/v2\/media\/488939"}],"wp:attachment":[{"href":"https:\/\/www.europesays.com\/es\/wp-json\/wp\/v2\/media?parent=488938"}],"wp:term":[{"taxonomy":"category","embeddable":true,"href":"https:\/\/www.europesays.com\/es\/wp-json\/wp\/v2\/categories?post=488938"},{"taxonomy":"post_tag","embeddable":true,"href":"https:\/\/www.europesays.com\/es\/wp-json\/wp\/v2\/tags?post=488938"}],"curies":[{"name":"wp","href":"https:\/\/api.w.org\/{rel}","templated":true}]}}