{"id":489088,"date":"2026-04-08T19:28:12","date_gmt":"2026-04-08T19:28:12","guid":{"rendered":"https:\/\/www.europesays.com\/es\/489088\/"},"modified":"2026-04-08T19:28:12","modified_gmt":"2026-04-08T19:28:12","slug":"las-farmacias-de-cordoba-se-movilizan-para-reforzar-el-cribado-del-cancer-de-colon","status":"publish","type":"post","link":"https:\/\/www.europesays.com\/es\/489088\/","title":{"rendered":"Las farmacias de C\u00f3rdoba se movilizan para reforzar el cribado del c\u00e1ncer de colon"},"content":{"rendered":"<p>Las 405 oficinas de farmacia comunitaria de la provincia de C\u00f3rdoba se han unido un a\u00f1o m\u00e1s a la campa\u00f1a informativa organizada por la AECC de C\u00f3rdoba, dirigida a concienciar a la poblaci\u00f3n sobre la importancia de la prevenci\u00f3n y la detecci\u00f3n precoz del c\u00e1ncer de colon, y a animar &#8230;            &#13;\n        <\/p>\n<p>Las 405 oficinas de farmacia comunitaria de la provincia de C\u00f3rdoba se han unido un a\u00f1o m\u00e1s a la campa\u00f1a informativa organizada por la AECC de C\u00f3rdoba, dirigida a concienciar a la poblaci\u00f3n sobre la importancia de la <strong>prevenci\u00f3n y la detecci\u00f3n precoz del c\u00e1ncer de colon<\/strong>, y a animar a los cordobeses a participar en el programa de cribado de este tumor, el de mayor incidencia en toda Espa\u00f1a. Este programa es clave para la detecci\u00f3n temprana y la reducci\u00f3n de la mortalidad de esta enfermedad en la poblaci\u00f3n en riesgo \u2013personas con edades comprendidas entre los 50 y los 69 a\u00f1os\u2013, adem\u00e1s de para aumentar las expectativas de supervivencia y las posibilidades de curaci\u00f3n, al diagnosticarse en estadios precoces y poder actuar antes en su tratamiento.<\/p>\n<p>As\u00ed qued\u00f3 de manifiesto en la presentaci\u00f3n de la campa\u00f1a, denominada &#8216;Juega tu papel en la detecci\u00f3n del c\u00e1ncer de colon&#8217;, celebrado este mi\u00e9rcoles, 8 de abril, en la avenida Ronda de los Tejares. En el acto particip\u00f3 la presidenta de la AECC de C\u00f3rdoba<strong>, M.\u00aa Auxiliadora Caban\u00e1s<\/strong>; el tesorero del Colegio de Farmac\u00e9uticos de C\u00f3rdoba, <strong>Jos\u00e9 Eugenio Rodr\u00edguez<\/strong>; la delegada territorial de Sanidad de la Junta de Andaluc\u00eda, <strong>Mar\u00eda Jes\u00fas Botella<\/strong>; y la delegada de Servicios Sociales y de Mayores del Ayuntamiento de C\u00f3rdoba, <strong>Eva Contador<\/strong>, entre otras autoridades.<\/p>\n<p>El tesorero del Colegio de Farmac\u00e9uticos de C\u00f3rdoba se\u00f1al\u00f3 que las 405 oficinas de farmacia de la provincia ya est\u00e1n colaborando con esta campa\u00f1a mediante la exposici\u00f3n y distribuci\u00f3n de diversos materiales informativos, como unos <strong>80.000 d\u00edpticos<\/strong> (200 por farmacia), as\u00ed como <strong>carteles<\/strong> (uno por farmacia) e <strong>infograf\u00edas<\/strong> con mensajes y recomendaciones para fomentar la participaci\u00f3n en el programa de cribado de c\u00e1ncer de colon y ofrecer informaci\u00f3n actualizada sobre este tumor, su diagn\u00f3stico y tratamiento, los s\u00edntomas, los principales factores de riesgo y las medidas fundamentales de prevenci\u00f3n.<\/p>\n<p>\u00abLos farmac\u00e9uticos somos un agente clave en la atenci\u00f3n a la poblaci\u00f3n y en el sistema de salud, y estamos encantados de sumarnos a campa\u00f1as que puedan ayudar a mejorar la salud de las personas o, en este caso, a prevenir enfermedades tan graves como el c\u00e1ncer. En cada barrio, pueblo o ciudad hay una farmacia, y esa red capilar debemos aprovecharla al m\u00e1ximo para seguir avanzando en el bienestar de los ciudadanos\u00bb, indic\u00f3 Jos\u00e9 Eugenio Rodr\u00edguez. \u00abEn el caso del c\u00e1ncer de colon \u2013a\u00f1adi\u00f3\u2013, las farmacias ejercen un papel importante en la estrategia de prevenci\u00f3n y detecci\u00f3n precoz, ofreciendo informaci\u00f3n y educaci\u00f3n sanitaria en el marco de los Servicios Profesionales Asistenciales Farmac\u00e9uticos y animando a la poblaci\u00f3n en riesgo a participar en el programa de cribado, ya que puede salvar muchas vidas\u00bb.<\/p>\n<p>Adem\u00e1s, la cercan\u00eda y la confianza de los farmac\u00e9uticos con los pacientes sit\u00faan a las farmacias comunitarias en una posici\u00f3n privilegiada para esta labor, teniendo en cuenta que los s\u00edntomas m\u00e1s habituales de este tipo de c\u00e1ncer son el <strong>cambio en los h\u00e1bitos intestinales<\/strong>, la <strong>fatiga <\/strong>y la <strong>p\u00e9rdida involuntaria de peso<\/strong>. De este modo, la acci\u00f3n de los farmac\u00e9uticos comunitarios puede contribuir de forma efectiva a la prevenci\u00f3n, la educaci\u00f3n en salud y la promoci\u00f3n de h\u00e1bitos saludables, claves para evitar muchas enfermedades, entre ellas el c\u00e1ncer, cuyos factores de riesgo en muchos casos pueden prevenirse.<\/p>\n<p><strong>El c\u00e1ncer de colon y el programa de cribado<\/strong><\/p>\n<p>El cribado de c\u00e1ncer de colon est\u00e1 dirigido a personas con edades comprendidas <strong>entre los 50 y los 69 a\u00f1os<\/strong> y consiste en la realizaci\u00f3n de un test de sangre oculta en heces (TSOH), una prueba indolora y no invasiva que puede realizarse en casa y que detecta la presencia de sangre no visible en las heces. Su objetivo es identificar lesiones sangrantes que pueden corresponder a <strong>p\u00f3lipos<\/strong> o <strong>lesiones premalignas<\/strong> o <strong>malignas<\/strong> que no se detectar\u00edan hasta fases m\u00e1s avanzadas de la enfermedad, cuando las posibilidades de tratamiento y curaci\u00f3n son menores. <\/p>\n<p>Por lo tanto, la participaci\u00f3n en este cribado permite tambi\u00e9n prevenir la aparici\u00f3n del c\u00e1ncer y aumentar las opciones de tratamiento y supervivencia. De hecho, <strong>9 de cada 10 personas pueden salvarse si este c\u00e1ncer se detecta a tiempo<\/strong>. Para que un programa de cribado de c\u00e1ncer funcione, es necesario alcanzar una implantaci\u00f3n del 100% en la poblaci\u00f3n diana y una participaci\u00f3n de al menos el 65%. Sin embargo, los \u00faltimos datos oficiales se\u00f1alan que en Espa\u00f1a apenas un 45% de la poblaci\u00f3n de riesgo ha participado en el programa de cribado de c\u00e1ncer de colon. En Andaluc\u00eda, unos 2,5 millones de personas tienen derecho a participar en este programa.<\/p>\n<p>La participaci\u00f3n en el cribado en Andaluc\u00eda es sencilla. El contacto con la poblaci\u00f3n diana lo realiza la Consejer\u00eda de Sanidad en funci\u00f3n de la fecha de nacimiento, abarcando el rango de edad entre los 50 y los 69 a\u00f1os. La prueba se realiza cada dos a\u00f1os y la invitaci\u00f3n se env\u00eda por carta a los posibles participantes. Una vez aceptada la participaci\u00f3n, la persona recibe una segunda carta en su domicilio con el kit y debe entregar la muestra en el centro de salud. En caso de resultado positivo, el centro de salud organiza una cita para evaluar al paciente y recomendar exploraciones adicionales, como una colonoscopia.<\/p>\n","protected":false},"excerpt":{"rendered":"Las 405 oficinas de farmacia comunitaria de la provincia de C\u00f3rdoba se han unido un a\u00f1o m\u00e1s a&hellip;\n","protected":false},"author":2,"featured_media":489089,"comment_status":"","ping_status":"","sticky":false,"template":"","format":"standard","meta":{"footnotes":""},"categories":[92],"tags":[658,1066,14779,52194,2760,1449,99156,25,24,27867,165,8833,10848,50235,15088,1420,696,2145,21942,1288,166,156,23],"class_list":["post-489088","post","type-post","status-publish","format-standard","has-post-thumbnail","category-salud","tag-campana","tag-cancer","tag-colon","tag-concienciar","tag-cordoba","tag-cribado","tag-distribuira","tag-es","tag-espana","tag-farmacias","tag-health","tag-importancia","tag-informativos","tag-materiales","tag-movilizan","tag-participar","tag-poblacion","tag-programa","tag-reforzar","tag-riesgo","tag-salud","tag-serie","tag-spain"],"share_on_mastodon":{"url":"https:\/\/pubeurope.com\/@es\/116370742262476013","error":""},"_links":{"self":[{"href":"https:\/\/www.europesays.com\/es\/wp-json\/wp\/v2\/posts\/489088","targetHints":{"allow":["GET"]}}],"collection":[{"href":"https:\/\/www.europesays.com\/es\/wp-json\/wp\/v2\/posts"}],"about":[{"href":"https:\/\/www.europesays.com\/es\/wp-json\/wp\/v2\/types\/post"}],"author":[{"embeddable":true,"href":"https:\/\/www.europesays.com\/es\/wp-json\/wp\/v2\/users\/2"}],"replies":[{"embeddable":true,"href":"https:\/\/www.europesays.com\/es\/wp-json\/wp\/v2\/comments?post=489088"}],"version-history":[{"count":0,"href":"https:\/\/www.europesays.com\/es\/wp-json\/wp\/v2\/posts\/489088\/revisions"}],"wp:featuredmedia":[{"embeddable":true,"href":"https:\/\/www.europesays.com\/es\/wp-json\/wp\/v2\/media\/489089"}],"wp:attachment":[{"href":"https:\/\/www.europesays.com\/es\/wp-json\/wp\/v2\/media?parent=489088"}],"wp:term":[{"taxonomy":"category","embeddable":true,"href":"https:\/\/www.europesays.com\/es\/wp-json\/wp\/v2\/categories?post=489088"},{"taxonomy":"post_tag","embeddable":true,"href":"https:\/\/www.europesays.com\/es\/wp-json\/wp\/v2\/tags?post=489088"}],"curies":[{"name":"wp","href":"https:\/\/api.w.org\/{rel}","templated":true}]}}